{"id":78110,"date":"2024-05-26T21:02:46","date_gmt":"2024-05-26T21:02:46","guid":{"rendered":"https:\/\/www.ole.com.ar\/futbol-internacional\/espana\/beccacece-logro-ascenso-renuncio-elche-segunda_0_bASvLQaboU.html"},"modified":"2024-05-26T21:02:46","modified_gmt":"2024-05-26T21:02:46","slug":"beccacece-no-logro-el-ascenso-y-renuncio-a-elche","status":"publish","type":"post","link":"http:\/\/hoycordobaweb.com\/index.php\/2024\/05\/26\/beccacece-no-logro-el-ascenso-y-renuncio-a-elche\/","title":{"rendered":"Beccacece no logr\u00f3 el ascenso y renunci\u00f3 a Elche"},"content":{"rendered":"<p><img src=\"http:\/\/hoycordobaweb.com\/wp-content\/uploads\/2024\/05\/beccacece-no-logro-el-ascenso-y-renuncio-a-elche.jpg\"><\/p>\n<p><time class=\"createDate\" datetime=\"2024-05-26T18:02:46-03:00\">26\/05\/2024 18:02hs.<\/time><\/p>\n<div id=\"storyBody\">\n<div class=\"custom-text \" readability=\"32.021276595745\">\n<p><strong><a href=\"https:\/\/www.ole.com.ar\/tema\/sebastian-beccacece.html\" title=\"Sebasti\u00e1n Beccacece\" alt=\"Sebasti\u00e1n Beccacece\" class=\"slug\">Sebasti\u00e1n Beccacece <\/a>anunci\u00f3 su salida del Elche de Espa\u00f1a.<\/strong> El entrenador tom\u00f3 la decisi\u00f3n luego de la derrota 2 a 1 de local ante el Eldense, que dej\u00f3 al equipo de Alicante sin chances de clasificar a los playoffs por el ascenso.<\/p>\n<\/div>\n<div class=\"custom-text \" readability=\"37\">\n<p>El Elche acumula 59 puntos en 41 fechas. Le queda una fecha para terminar su participaci\u00f3n en el torneo de Segunda Divisi\u00f3n, frente al Legan\u00e9s, pero el Racing de Santander tiene 64 puntos en el sexto puesto, el \u00faltimo de ingreso a definici\u00f3n por el tercer cupo a la Primera Divisi\u00f3n. <\/p>\n<\/div>\n<div class=\"custom-text \" readability=\"35\">\n<p>El ex DT de Racing e Independiente sinti\u00f3 los silbidos del p\u00fablico tras la derrota ante el Eldense y, en la conferencia de prensa, confirm\u00f3 su salida. <\/p>\n<\/div>\n<div class=\"custom-text \" readability=\"42\">\n<p> \u00abSiento dolor de no haber podido, de no haber conseguido la ilusi\u00f3n esperada, ser\u00e1 mi \u00faltimo partido aqu\u00ed el pr\u00f3ximo. Agradecido por el cari\u00f1o y la forma, en mayo no pudimos concretar lo que tuvimos cerca, es parte del juego. No ser\u00e1 por no intentarlo, pero infinitas gracias a la gente, por alentar y acompa\u00f1ar\u201d, declar\u00f3 el argentino.<\/p>\n<\/div>\n<div class=\"custom-text \" readability=\"36\">\n<p> \u201cLos que se quedan lo volver\u00e1n a intentar, hay herramientas para llevar al Elche a Primera, nos vamos con dolor de no conseguir lo que vinimos a lograr\u00bb, agreg\u00f3 Becca.<\/p>\n<\/div>\n<div class=\"custom-text \" readability=\"37\">\n<p>\u00abEl resultado es el que es y las cosas que hicimos fue para mejorar, pero nos cost\u00f3 ganar y ser eficaces. No estoy aqu\u00ed para poner excusas, podr\u00edamos habernos clasificado al menos al play off\u00bb, admiti\u00f3 el DT.<\/p>\n<\/div>\n<div class=\"custom-text \" readability=\"41\">\n<p>\u201cEntiendo y la comprendo a la afici\u00f3n, quiero disculparme no por no haber dado todo y uno siempre cree que puede conseguir algo que despierte. La realidad luego dice que no, pero son cicatrices que se van quedando, admiro la lealtad, se han movilizado y que m\u00e1s le puedo pedir. Lo dieron todo, pero no alcanza\u00bb, agreg\u00f3 Beccacece.<\/p>\n<\/div>\n<div class=\"custom-text \" readability=\"36\">\n<p>En el partido ante el Eldense jugaron el arquero argentino Mat\u00edas Dituro, el volante Nico Castro y Nico Fern\u00e1ndez Mercau, ex San Lorenzo. El principal accionista del club es el empresario argentino Cristian Bragarnik.<\/p>\n<\/div>\n<div class=\"sc-e7b891c4-0 jPbnQF\"><img alt=\"Nicol\u00e1s Castro durante el partido ante el Eldense.\" src=\"http:\/\/hoycordobaweb.com\/wp-content\/uploads\/2024\/05\/beccacece-no-logro-el-ascenso-y-renuncio-a-elche-2.jpg\" width=\"720\" height=\"100\" decoding=\"async\" data-nimg=\"future\" loading=\"lazy\"><span class=\"epigraphe\">Nicol\u00e1s Castro durante el partido ante el Eldense.<\/span><\/div>\n<p><h2><strong>Ascendi\u00f3 el Valladolid<\/strong><\/h2>\n<\/p>\n<div class=\"custom-text \" readability=\"40\">\n<p>El Valladolid le gan\u00f3 3 a 2 al Villarreal B, con dos goles en tiempo de descuento, y con 72 puntos se asegur\u00f3 el ascenso a Primera Divisi\u00f3n, una fecha antes del final del torneo. El propietario del club es el brasile\u00f1o Ronaldo, quien tras el partido coment\u00f3 que tiene tres ofertas para vender el club, por lo que probablemente ya no est\u00e9 al frente de la entidad en la pr\u00f3xima temporada.<\/p>\n<\/div>\n<div class=\"sc-e7b891c4-0 jPbnQF\"><img alt=\"Valladolid ascendi\u00f3 a Primera.\" src=\"http:\/\/hoycordobaweb.com\/wp-content\/uploads\/2024\/05\/beccacece-no-logro-el-ascenso-y-renuncio-a-elche-3.jpg\" width=\"720\" height=\"100\" decoding=\"async\" data-nimg=\"future\" loading=\"lazy\"><span class=\"epigraphe\">Valladolid ascendi\u00f3 a Primera.<\/span><\/div>\n<div class=\"custom-text \" readability=\"32\">\n<p>Ronaldo ya se hab\u00eda desprendido del Cruzeiro de Brasil.<\/p>\n<\/div>\n<div class=\"custom-text \" readability=\"36\">\n<p>El otro equipo que hoy est\u00e1 en zona de ascenso directo es el Legan\u00e9s (71): necesita igualar en la \u00faltima fecha ante el Elche. Los playoffs lo jugar\u00edan Eibar, Espanyol, Oviedo y Racing de Santander.<\/p>\n<\/div>\n<div class=\"sc-a7166897-0 exHLBh\" readability=\"6\">\n<section readability=\"2\"><picture><img alt=\"Un medio ingl\u00e9s anunci\u00f3 que Guardiola se va del City en un a\u00f1o\" src=\"http:\/\/hoycordobaweb.com\/wp-content\/uploads\/2024\/05\/beccacece-no-logro-el-ascenso-y-renuncio-a-elche-4.jpg\" width=\"290\" height=\"290\" decoding=\"async\" data-nimg=\"future\" loading=\"lazy\"><\/picture>\n<p><span>Mir\u00e1 tambi\u00e9n<\/span><\/p>\n<hr>\n<h3>Un medio ingl\u00e9s anunci\u00f3 que Guardiola se va del City en un a\u00f1o<\/h3>\n<\/p>\n<\/section>\n<\/div>\n<div class=\"sc-a7166897-0 exHLBh\" readability=\"6.5\">\n<section readability=\"3\"><picture><img alt=\"Alan Varela, campe\u00f3n en el Porto y el ins\u00f3lito momento que protagoniz\u00f3 su DT\" src=\"http:\/\/hoycordobaweb.com\/wp-content\/uploads\/2024\/05\/beccacece-no-logro-el-ascenso-y-renuncio-a-elche-5.jpg\" width=\"290\" height=\"290\" decoding=\"async\" data-nimg=\"future\" loading=\"lazy\"><\/picture>\n<p><span>Mir\u00e1 tambi\u00e9n<\/span><\/p>\n<hr>\n<h3>Alan Varela, campe\u00f3n en el Porto y el ins\u00f3lito momento que protagoniz\u00f3 su DT<\/h3>\n<\/p>\n<\/section>\n<\/div>\n<\/div>\n","protected":false},"excerpt":{"rendered":"<p>26\/05\/2024 18:02hs. Sebasti\u00e1n Beccacece anunci\u00f3 su salida del Elche de Espa\u00f1a. El entrenador tom\u00f3 la decisi\u00f3n luego de la derrota 2 a 1 de local ante el Eldense, que dej\u00f3 al equipo de Alicante sin chances de clasificar a los playoffs por el ascenso. El Elche acumula 59 puntos en 41 fechas. Le queda una [&hellip;]<\/p>\n","protected":false},"author":1,"featured_media":78111,"comment_status":"open","ping_status":"closed","sticky":false,"template":"","format":"standard","meta":[],"categories":[16],"tags":[],"_links":{"self":[{"href":"http:\/\/hoycordobaweb.com\/index.php\/wp-json\/wp\/v2\/posts\/78110"}],"collection":[{"href":"http:\/\/hoycordobaweb.com\/index.php\/wp-json\/wp\/v2\/posts"}],"about":[{"href":"http:\/\/hoycordobaweb.com\/index.php\/wp-json\/wp\/v2\/types\/post"}],"author":[{"embeddable":true,"href":"http:\/\/hoycordobaweb.com\/index.php\/wp-json\/wp\/v2\/users\/1"}],"replies":[{"embeddable":true,"href":"http:\/\/hoycordobaweb.com\/index.php\/wp-json\/wp\/v2\/comments?post=78110"}],"version-history":[{"count":0,"href":"http:\/\/hoycordobaweb.com\/index.php\/wp-json\/wp\/v2\/posts\/78110\/revisions"}],"wp:featuredmedia":[{"embeddable":true,"href":"http:\/\/hoycordobaweb.com\/index.php\/wp-json\/wp\/v2\/media\/78111"}],"wp:attachment":[{"href":"http:\/\/hoycordobaweb.com\/index.php\/wp-json\/wp\/v2\/media?parent=78110"}],"wp:term":[{"taxonomy":"category","embeddable":true,"href":"http:\/\/hoycordobaweb.com\/index.php\/wp-json\/wp\/v2\/categories?post=78110"},{"taxonomy":"post_tag","embeddable":true,"href":"http:\/\/hoycordobaweb.com\/index.php\/wp-json\/wp\/v2\/tags?post=78110"}],"curies":[{"name":"wp","href":"https:\/\/api.w.org\/{rel}","templated":true}]}}