{"id":78102,"date":"2024-05-26T23:05:33","date_gmt":"2024-05-26T23:05:33","guid":{"rendered":"https:\/\/www.ole.com.ar\/futbol-internacional\/barcelona-hansi-flick-bayer-leverkusen-exequiel-palacios_0_OoG0yHumRz.html"},"modified":"2024-05-26T23:05:33","modified_gmt":"2024-05-26T23:05:33","slug":"el-campeon-del-mundo-que-pidio-flick-para-el-barcelona","status":"publish","type":"post","link":"http:\/\/hoycordobaweb.com\/index.php\/2024\/05\/26\/el-campeon-del-mundo-que-pidio-flick-para-el-barcelona\/","title":{"rendered":"El campe\u00f3n del mundo que pidi\u00f3 Flick para el Barcelona"},"content":{"rendered":"<p><img src=\"http:\/\/hoycordobaweb.com\/wp-content\/uploads\/2024\/05\/el-campeon-del-mundo-que-pidio-flick-para-el-barcelona.jpg\"><\/p>\n<p><time class=\"createDate\" datetime=\"2024-05-26T20:05:33-03:00\">26\/05\/2024 20:05hs.<\/time><\/p>\n<div id=\"storyBody\">\n<div class=\"custom-text \" readability=\"41\">\n<p>Barcelona tendr\u00e1 nuevo entrenador y el elegido es Hansi Flick. Pese a que a\u00fan resta la confirmaci\u00f3n oficial, desde las oficinas del club cul\u00e9 ya tendr\u00edan definido que el alem\u00e1n, campe\u00f3n de la Champions League con el Bayern Munich en 2020, sea el encargado de comandar al equipo blaugrana en la temporada 24\/25.<strong> Y ante ello, el entrenador ya le habr\u00eda pedido su primer refuerzo a la Comisi\u00f3n que preside Joan Laporta. Exequiel Palacios, de gran a\u00f1o en el Bayer Leverkusen, ser\u00eda el primer pedido de Flick ante su inminente desembarco en Barcelona.<\/strong><\/p>\n<\/div>\n<p><h2>Palacios, el pedido de Flick para el Barcelona<\/h2>\n<\/p>\n<div class=\"custom-text \" readability=\"39\">\n<p><strong>El a\u00f1o del ex River fue espectacular.<\/strong> <strong>En una posici\u00f3n neur\u00e1lgica del equipo de Xabi Alonso, el campe\u00f3n del mundo con la Selecci\u00f3n en Qatar, se convirti\u00f3 en un indiscutido y disput\u00f3 36 partidos entre todas las competencias<\/strong> que jug\u00f3 el Leverkusen, que se consagr\u00f3 campe\u00f3n de la Bundesliga y de la Copa de Alemania. Adem\u00e1s, el tucumano convirti\u00f3 seis goles y dio cinco asistencias durante toda la temporada.<\/p>\n<\/div>\n<div class=\"sc-e7b891c4-0 jPbnQF\"><img alt=\"Palacios y un a\u00f1o top en Alemania. (Photo by Kirill KUDRYAVTSEV \/ AFP) \" src=\"http:\/\/hoycordobaweb.com\/wp-content\/uploads\/2024\/05\/el-campeon-del-mundo-que-pidio-flick-para-el-barcelona-2.jpg\" width=\"720\" height=\"100\" decoding=\"async\" data-nimg=\"future\" loading=\"lazy\"><span class=\"epigraphe\">Palacios y un a\u00f1o top en Alemania. (Photo by Kirill KUDRYAVTSEV \/ AFP) <\/span><\/div>\n<div class=\"custom-text \" readability=\"37\">\n<p>Y es por eso que Hansi Flick, de inminente desembarc\u00f3 en Catalu\u00f1a, pos\u00f3 sus ojos sobre \u00e9l y le habr\u00eda pedido a la dirigencia que comanda Joan Laporta que intente cerrar su fichaje en el mercado de mitad a\u00f1o (suele ser el mercado m\u00e1s fuerte de Europa). <strong>Cabe destacar que el volante de 28 a\u00f1os tiene contrato con el conjunto b\u00e1varo hasta 2027 y desde Alemania apuntan que su salida no ser\u00eda por una cifra menor a los 40 millones de euros. <\/strong><\/p>\n<\/div>\n<div class=\"custom-text \" readability=\"40\">\n<p>Cabe destacar que el Barcelona buscar\u00eda renovar su mediocampo, ya que en la actualidad no tiene demasiadas variantes ante la lesi\u00f3n de<strong> Gavi, que se est\u00e1 recuperando de una lesi\u00f3n de ligamentos cruzados, y Pedri, que viene sufrir una seguidilla de lesiones que no le permiti\u00f3 tener continuidad a lo largo del 2024. <\/strong>Adem\u00e1s, Hansi Flick har\u00eda una gran limpieza dentro del equipo blaugrana.<\/p>\n<\/div>\n<div class=\"custom-text \" readability=\"34\">\n<p>Por otra parte,<strong> el tucumano formar\u00eda parte de un plan de renovaci\u00f3n y crecimiento competitivo pactado entre el t\u00e9cnico alem\u00e1n y la dirigencia blaugrana de cara a la temporada 24\/25.<\/strong><\/p>\n<\/div>\n<p><h2>Palacios, una fija para la Copa Am\u00e9rica<\/h2>\n<\/p>\n<div class=\"custom-text \" readability=\"38\">\n<p><strong>Y la gran temporada de Exequiel Palacios en Alemania tendr\u00e1 su broche de oro en la Copa Am\u00e9rica. <\/strong>El mediocampista, que siempre fue una fija en las convocatorias de Lionel Scaloni, <strong>fue convocado a los amistosos previos al arranque del torneo continental y tiene pr\u00e1cticamente asegurado su lugar en la pr\u00f3xima Copa Am\u00e9rica, que comenzar\u00e1 el 20 de junio en Estados Unidos.<\/strong><\/p>\n<\/div>\n<div class=\"sc-e7b891c4-0 jPbnQF\"><img alt=\"Palacios, adentro de la Copa Am\u00e9rica. EFE\/ Juan Ignacio Roncoroni\" src=\"http:\/\/hoycordobaweb.com\/wp-content\/uploads\/2024\/05\/el-campeon-del-mundo-que-pidio-flick-para-el-barcelona-3.jpg\" width=\"720\" height=\"100\" decoding=\"async\" data-nimg=\"future\" loading=\"lazy\"><span class=\"epigraphe\">Palacios, adentro de la Copa Am\u00e9rica. EFE\/ Juan Ignacio Roncoroni<\/span><\/div>\n<div class=\"sc-a7166897-0 exHLBh\" readability=\"6\">\n<section readability=\"2\"><picture><img alt=\"Los golazos de Ronaldinho y D'Alessandro en un partido ben\u00e9fico en el Maracan\u00e1\" src=\"http:\/\/hoycordobaweb.com\/wp-content\/uploads\/2024\/05\/el-campeon-del-mundo-que-pidio-flick-para-el-barcelona-4.jpg\" width=\"290\" height=\"290\" decoding=\"async\" data-nimg=\"future\" loading=\"lazy\"><\/picture>\n<p><span>Mir\u00e1 tambi\u00e9n<\/span><\/p>\n<hr>\n<h3>Los golazos de Ronaldinho y D&#8217;Alessandro en un partido ben\u00e9fico en el Maracan\u00e1<\/h3>\n<\/p>\n<\/section>\n<\/div>\n<div class=\"sc-a7166897-0 exHLBh\" readability=\"6\">\n<section readability=\"2\"><picture><img alt=\"El Hurac\u00e1n de Hern\u00e1n Gal\u00edndez: gan\u00f3 con 10 jugadores y es l\u00edder en Argentina\" src=\"http:\/\/hoycordobaweb.com\/wp-content\/uploads\/2024\/05\/el-campeon-del-mundo-que-pidio-flick-para-el-barcelona-5.jpg\" width=\"290\" height=\"290\" decoding=\"async\" data-nimg=\"future\" loading=\"lazy\"><\/picture>\n<p><span>Mir\u00e1 tambi\u00e9n<\/span><\/p>\n<hr>\n<h3>El Hurac\u00e1n de Hern\u00e1n Gal\u00edndez: gan\u00f3 con 10 jugadores y es l\u00edder en Argentina<\/h3>\n<\/p>\n<\/section>\n<\/div>\n<div class=\"sc-a7166897-0 exHLBh\" readability=\"6\">\n<section readability=\"2\"><picture><img alt=\"Incertidumbre por Dabove en Instituto \" src=\"http:\/\/hoycordobaweb.com\/wp-content\/uploads\/2024\/05\/el-campeon-del-mundo-que-pidio-flick-para-el-barcelona-6.jpg\" width=\"290\" height=\"290\" decoding=\"async\" data-nimg=\"future\" loading=\"lazy\"><\/picture>\n<p><span>Mir\u00e1 tambi\u00e9n<\/span><\/p>\n<hr>\n<h3>Incertidumbre por Dabove en Instituto <\/h3>\n<\/p>\n<\/section>\n<\/div>\n<\/div>\n","protected":false},"excerpt":{"rendered":"<p>26\/05\/2024 20:05hs. Barcelona tendr\u00e1 nuevo entrenador y el elegido es Hansi Flick. Pese a que a\u00fan resta la confirmaci\u00f3n oficial, desde las oficinas del club cul\u00e9 ya tendr\u00edan definido que el alem\u00e1n, campe\u00f3n de la Champions League con el Bayern Munich en 2020, sea el encargado de comandar al equipo blaugrana en la temporada 24\/25. [&hellip;]<\/p>\n","protected":false},"author":1,"featured_media":78103,"comment_status":"open","ping_status":"closed","sticky":false,"template":"","format":"standard","meta":[],"categories":[16],"tags":[],"_links":{"self":[{"href":"http:\/\/hoycordobaweb.com\/index.php\/wp-json\/wp\/v2\/posts\/78102"}],"collection":[{"href":"http:\/\/hoycordobaweb.com\/index.php\/wp-json\/wp\/v2\/posts"}],"about":[{"href":"http:\/\/hoycordobaweb.com\/index.php\/wp-json\/wp\/v2\/types\/post"}],"author":[{"embeddable":true,"href":"http:\/\/hoycordobaweb.com\/index.php\/wp-json\/wp\/v2\/users\/1"}],"replies":[{"embeddable":true,"href":"http:\/\/hoycordobaweb.com\/index.php\/wp-json\/wp\/v2\/comments?post=78102"}],"version-history":[{"count":0,"href":"http:\/\/hoycordobaweb.com\/index.php\/wp-json\/wp\/v2\/posts\/78102\/revisions"}],"wp:featuredmedia":[{"embeddable":true,"href":"http:\/\/hoycordobaweb.com\/index.php\/wp-json\/wp\/v2\/media\/78103"}],"wp:attachment":[{"href":"http:\/\/hoycordobaweb.com\/index.php\/wp-json\/wp\/v2\/media?parent=78102"}],"wp:term":[{"taxonomy":"category","embeddable":true,"href":"http:\/\/hoycordobaweb.com\/index.php\/wp-json\/wp\/v2\/categories?post=78102"},{"taxonomy":"post_tag","embeddable":true,"href":"http:\/\/hoycordobaweb.com\/index.php\/wp-json\/wp\/v2\/tags?post=78102"}],"curies":[{"name":"wp","href":"https:\/\/api.w.org\/{rel}","templated":true}]}}