{"id":78088,"date":"2024-05-23T19:28:57","date_gmt":"2024-05-23T19:28:57","guid":{"rendered":"https:\/\/ahora.com.ar\/show\/antonio-gasalla-fue-internado-y-hay-preocupacion-su-salud-n5372898"},"modified":"2024-05-23T19:28:57","modified_gmt":"2024-05-23T19:28:57","slug":"antonio-gasalla-fue-internado-y-hay-preocupacion-por-su-salud","status":"publish","type":"post","link":"http:\/\/hoycordobaweb.com\/index.php\/2024\/05\/23\/antonio-gasalla-fue-internado-y-hay-preocupacion-por-su-salud\/","title":{"rendered":"Antonio Gasalla fue internado y hay preocupaci\u00f3n por su salud"},"content":{"rendered":"<div><img src=\"http:\/\/hoycordobaweb.com\/wp-content\/uploads\/2024\/05\/antonio-gasalla-fue-internado-y-hay-preocupacion-por-su-salud.png\" class=\"ff-og-image-inserted\"><\/div>\n<div id>\n<div class=\"article-body__info-wrapper\"><span class=\"article-body__date\"> <time datetime=\"2024-05-23T19:28:57.000Z\">23 de mayo de 2024 &#8211; 16:28<\/time><\/span> <\/div>\n<p><strong>Antonio Gasalla habr\u00eda sido internado de urgencia en el Otamendi.<\/strong> <strong>\u201cEst\u00e1 muy grave\u201d, comentaron fuentes cercanas al actor.<\/strong> Hace un par de a\u00f1os, el capoc\u00f3mico hab\u00eda sido diagnosticado con una demencia senil progresiva.<\/p>\n<\/div>\n<div id>\n<p>Al aire de Entrometidos (Net TV), <strong>Carlos Monti se mostr\u00f3 consternado por el estado del actor: \u201cHay mucha preocupaci\u00f3n por la salud de Antonio<\/strong>. \u00c9l ya ven\u00eda con algunas complicaciones, se encuentra internado en estado cr\u00edtico. M\u00e1s no podemos decir, porque no sabemos\u201d.<\/p>\n<\/div>\n<div id>\n<p>\u201cEstar\u00eda con una afecci\u00f3n pulmonar, porque no hay un parte oficial. Est\u00e1 la versi\u00f3n de alguien muy cercano, pero no del Otamendi ni de la familia. Lo tendr\u00edan en observaci\u00f3n por esta complicaci\u00f3n respiratoria\u201d, agreg\u00f3 D\u00e9bora D\u2019Amato al aire de ese ciclo televisivo.<\/p>\n<h2>Qu\u00e9 fue lo \u00faltimo que se supo de la salud de Antonio Gasalla<\/h2>\n<p>A mediados de abril, <strong>Carlos Gasalla, hermano del actor Antonio Gasalla fue uno de los asistentes al estreno de la obra teatral Esperando la carroza, y frente a las expectativas sobre la salud del artista, dio detalles sobre su condici\u00f3n.<\/strong><\/p>\n<p>Al ser consultado por un notero de Socios del Espect\u00e1culo (eltrece) sobre este tema, el familiar respondi\u00f3: \u201cAntonio est\u00e1 bien, est\u00e1 muy cuidado, pero lamentablemente tiene una enfermedad que no le permite circular\u201d. Y a\u00f1adi\u00f3: \u201cHemos podido sacarlo a flote. Est\u00e1 bien. Tiene algunos problemitas tambi\u00e9n org\u00e1nicos, pero los est\u00e1 superando\u201d. \u201cNo hay otro remedio que atenderlo muy bien y llevar adelante la situaci\u00f3n\u201d, concluy\u00f3.<\/p>\n<p>En cuanto a los temas de Antonio con la justicia por una serie de robos y estafas que sufri\u00f3, Carlos se mostr\u00f3 cauto: \u201cDe eso no puedo hablar mucho, no. Eso est\u00e1 todo en manos de la Justicia. Toda la parte hasta m\u00e9dica de Antonio est\u00e1 supervisada por un juez, la familia est\u00e1 colaborando\u201d.<\/p>\n<p>En este particular, el entrevistado ampli\u00f3 para contextualizar la situaci\u00f3n familiar y legal del actor. <strong>\u201cNo hay que olvidarse que Antonio ten\u00eda una vida muy particular. Viv\u00eda solo, con un car\u00e1cter bravo que ten\u00eda.<\/strong> Y nosotros no tenemos m\u00e1s que acompa\u00f1ar. Pero todo lo dem\u00e1s, inclusive la parte econ\u00f3mica, est\u00e1 todo bajo un juzgado. Y la familia obedece a las \u00f3rdenes que nos da el juez\u201d, cerr\u00f3.<\/p>\n<\/div>\n","protected":false},"excerpt":{"rendered":"<p>23 de mayo de 2024 &#8211; 16:28 Antonio Gasalla habr\u00eda sido internado de urgencia en el Otamendi. \u201cEst\u00e1 muy grave\u201d, comentaron fuentes cercanas al actor. Hace un par de a\u00f1os, el capoc\u00f3mico hab\u00eda sido diagnosticado con una demencia senil progresiva. Al aire de Entrometidos (Net TV), Carlos Monti se mostr\u00f3 consternado por el estado del [&hellip;]<\/p>\n","protected":false},"author":1,"featured_media":78089,"comment_status":"closed","ping_status":"closed","sticky":false,"template":"","format":"standard","meta":[],"categories":[10,23],"tags":[],"_links":{"self":[{"href":"http:\/\/hoycordobaweb.com\/index.php\/wp-json\/wp\/v2\/posts\/78088"}],"collection":[{"href":"http:\/\/hoycordobaweb.com\/index.php\/wp-json\/wp\/v2\/posts"}],"about":[{"href":"http:\/\/hoycordobaweb.com\/index.php\/wp-json\/wp\/v2\/types\/post"}],"author":[{"embeddable":true,"href":"http:\/\/hoycordobaweb.com\/index.php\/wp-json\/wp\/v2\/users\/1"}],"replies":[{"embeddable":true,"href":"http:\/\/hoycordobaweb.com\/index.php\/wp-json\/wp\/v2\/comments?post=78088"}],"version-history":[{"count":0,"href":"http:\/\/hoycordobaweb.com\/index.php\/wp-json\/wp\/v2\/posts\/78088\/revisions"}],"wp:featuredmedia":[{"embeddable":true,"href":"http:\/\/hoycordobaweb.com\/index.php\/wp-json\/wp\/v2\/media\/78089"}],"wp:attachment":[{"href":"http:\/\/hoycordobaweb.com\/index.php\/wp-json\/wp\/v2\/media?parent=78088"}],"wp:term":[{"taxonomy":"category","embeddable":true,"href":"http:\/\/hoycordobaweb.com\/index.php\/wp-json\/wp\/v2\/categories?post=78088"},{"taxonomy":"post_tag","embeddable":true,"href":"http:\/\/hoycordobaweb.com\/index.php\/wp-json\/wp\/v2\/tags?post=78088"}],"curies":[{"name":"wp","href":"https:\/\/api.w.org\/{rel}","templated":true}]}}