{"id":78063,"date":"2024-05-25T22:32:32","date_gmt":"2024-05-25T22:32:32","guid":{"rendered":"https:\/\/www.ole.com.ar\/futbol-internacional\/francia\/mbappe-declaraciones-psg-despedida_0_31YegB22RT.html"},"modified":"2024-05-25T22:32:32","modified_gmt":"2024-05-25T22:32:32","slug":"mbappe-lo-que-tuve-aca-no-lo-encontrare-en-otro-lugar-pero-lo-que-me-espera-sera-fantastico","status":"publish","type":"post","link":"http:\/\/hoycordobaweb.com\/index.php\/2024\/05\/25\/mbappe-lo-que-tuve-aca-no-lo-encontrare-en-otro-lugar-pero-lo-que-me-espera-sera-fantastico\/","title":{"rendered":"Mbapp\u00e9: \u00abLo que tuve ac\u00e1 no lo encontrar\u00e9 en otro lugar, pero lo que me espera ser\u00e1 fant\u00e1stico\u00bb"},"content":{"rendered":"<p><img src=\"http:\/\/hoycordobaweb.com\/wp-content\/uploads\/2024\/05\/mbappe-lo-que-tuve-aca-no-lo-encontrare-en-otro-lugar-pero-lo-que-me-espera-sera-fantastico.jpg\"><\/p>\n<div><img src=\"http:\/\/hoycordobaweb.com\/wp-content\/uploads\/2024\/05\/mbappe-lo-que-tuve-aca-no-lo-encontrare-en-otro-lugar-pero-lo-que-me-espera-sera-fantastico.jpg\" class=\"ff-og-image-inserted\"><\/div>\n<p><time class=\"createDate\" datetime=\"2024-05-25T19:32:32-03:00\">25\/05\/2024 19:32hs.<\/time><time class=\"modificatedDate\" datetime=\"2024-05-25T19:37:46-03:00\"> Actualizado al 25\/05\/2024 19:37hs.<\/time><\/p>\n<div id=\"storyBody\">\n<div class=\"custom-text \" readability=\"40.92700729927\">\n<p><strong><a href=\"https:\/\/www.ole.com.ar\/tema\/kylian-mbappe.html\" title=\"Kylian Mbapp\u00e9\" alt=\"Kylian Mbapp\u00e9\" class=\"slug\">Kylian Mbapp\u00e9<\/a><\/strong> jug\u00f3 este s\u00e1bado la final de la Copa de Francia, su \u00faltimo partido con el PSG. <strong>Se despidi\u00f3 ganando ante Olympique de Lyon por 2-1<\/strong>, festejando otro t\u00edtulo y reconociendo sentir \u00abun dolor en el coraz\u00f3n\u00bb por este adi\u00f3s. \u00abComo futbolista, no tenemos tiempo para ver el tiempo pasando. Antes de la final, pens\u00e9 mucho en todos estos a\u00f1os pasados \u200b\u200baqu\u00ed y pensar que ya se acab\u00f3.<strong> Lo que tengo aqu\u00ed, nunca lo encontrar\u00e9 en ning\u00fan otro lugar\u00bb<\/strong>, expres\u00f3 el delantero de 25 a\u00f1os, que continuar\u00e1 su carrera en el Real Madrid.<\/p>\n<\/div>\n<div class=\"custom-text \" readability=\"35\">\n<p>Claro que, pese a la nostalgia, tambi\u00e9n dej\u00f3 en claro que est\u00e1 entusiasmado por su futuro<strong>.\u00bbLo que s\u00ed es seguro es que lo que me espera va a ser fant\u00e1stico\u00bb.<\/strong><\/p>\n<\/div>\n<div class=\"custom-text \" readability=\"37\">\n<p>Desde su llegada en la temporada 2017\/18 proveniente de Monaco por una suma de 180 millones de euros, Mbapp\u00e9 se transform\u00f3 en el m\u00e1ximo goleador de la historia del PSG y <strong>conquist\u00f3 15 t\u00edtulos (siete Ligue 1, 2 Copas de la Liga, cuatro Copas de Francia y tres Supercopas de Francia).<\/strong><\/p>\n<\/div>\n<div class=\"custom-text \" readability=\"41\">\n<p>\u201cComo equipo, hace dos o tres a\u00f1os que no ganamos la Copa de Francia (2-0 contra el M\u00f3naco, en 2021). Este trofeo es nuestro, es muy querido por nosotros, los jugadores, por todo el club. Tenemos el r\u00e9cord en esta competici\u00f3n y no ganar durante dos o tres a\u00f1os fue mucho tiempo\u00bb, expres\u00f3 Kylian.<\/p>\n<\/div>\n<div class=\"custom-text \" readability=\"38\">\n<p>Adem\u00e1s de haber dicho estar realizado por \u201chaber dejado una peque\u00f1a huella en la historia del club\u201d, expres\u00f3 su alegr\u00eda por c\u00f3mo se dio su \u00faltima funci\u00f3n: \u201cSiento el peso de las cosas, nos damos cuenta de que realmente se acab\u00f3. Estoy muy feliz de haber podido terminar con un trofeo. Esto caracteriza al club, lo seguir\u00e1 haciendo\u201d.<\/p>\n<\/div>\n<p><h2><strong>Qu\u00e9 dijo Luis Enrique de la partida de Mbapp\u00e9<\/strong><\/h2>\n<\/p>\n<div class=\"custom-text \" readability=\"38\">\n<p>\u00abEra una gran oportunidad para ser su entrenador. Fue una temporada muy dif\u00edcil porque era la \u00faltima de \u00e9l ac\u00e1. Siempre quiso ayudar a su equipo, como este s\u00e1bado. Definitivamente es diferente.<strong> \u00a1No lo reemplazaremos! Es el equipo el que lo sustituir\u00e1,<\/strong> no solamente un jugador sino cinco o seis. Tendremos que mejorar. Queremos hacer historia y acabaremos ganando la Champions. \u00bfCu\u00e1ndo? No s\u00e9. Pero s\u00ed, la ganaremos\u00bb.<\/p>\n<\/div>\n<p><h2><strong>El partido con el Lyon<\/strong><\/h2>\n<\/p>\n<div class=\"custom-text \" readability=\"35\">\n<p><strong>Con goles de Ousmane Demb\u00e9l\u00e9 y Fabi\u00e1n Ruiz, el elenco de Luis Enrique super\u00f3 2-1 al Lyon de Nicol\u00e1s Tagliafico<\/strong>, que descont\u00f3 en el segundo tiempo por Jake O&#8217;Brien.<\/p>\n<\/div>\n<div class=\"custom-text \" readability=\"40\">\n<p>Lyon, que arrancado muy mal la temporada, logr\u00f3 reacomodarse y termin\u00f3 disputando la final de la Copa de la Francia. Con Tagliafico titular, que jug\u00f3 30 partidos entre Ligue 1 y Copa de Francia, los de Pierre Sage hicieron un buen partido en Lille, pero la jerarqu\u00eda de los de Luis Enrique fue clave en el primer tiempo.<\/p>\n<\/div>\n<div class=\"custom-text \" readability=\"40\">\n<p>Pero claro, la temporada deja un vac\u00edo enorme en la capital francesa. La ca\u00edda por Champions League y la salida del as de espadas, Kylian Mbapp\u00e9, terminan dandole un tinte gris al proceso de Luis Enrique. Aquella derrota ante el Borussia Dortmund en el Parque de los Pr\u00edncipes por semifinales de la Champions deton\u00f3 la bomba que destruy\u00f3 el haz de esperanza que permanec\u00eda en los parisinos para que, en caso de conseguir la Orejona, Kylian piense en quedarse al menos una temporada m\u00e1s en el equipo de Luis Enrique.<\/p>\n<\/div>\n<p><h2><strong>Despedida con triunfo y enojos<\/strong><\/h2>\n<\/p>\n<div class=\"custom-text \" readability=\"23.837837837838\">\n<p>La despedida fue la mejor posible. Mbapp\u00e9 se va del PSG ganando su t\u00edtulo n\u00famero 15. El extremo logr\u00f3 consagrarse campe\u00f3n de la Copa de Francia en lo que fue su \u00faltimo partido con la camiseta del PSG<a href=\"https:\/\/www.ole.com.ar\/futbol-internacional\/francia\/kylian-mbappe-psg-salida-francia-ligue-1-video_0_YvCUkKnS8g.html\" target=\"_self\" title=\". Tras la eliminaci\u00f3n de la Champions a manos del Borussia Dortmund, el delantero campe\u00f3n del mundo con su selecci\u00f3n comunic\u00f3 que no renovar\u00e1 su contrato con los parisinos \" alt=\". Tras la eliminaci\u00f3n de la Champions a manos del Borussia Dortmund, el delantero campe\u00f3n del mundo con su selecci\u00f3n comunic\u00f3 que no renovar\u00e1 su contrato con los parisinos \" rel=\"noopener noreferrer\">.<\/a><strong><a href=\"https:\/\/www.ole.com.ar\/futbol-internacional\/francia\/kylian-mbappe-psg-salida-francia-ligue-1-video_0_YvCUkKnS8g.html\" target=\"_self\" title=\". Tras la eliminaci\u00f3n de la Champions a manos del Borussia Dortmund, el delantero campe\u00f3n del mundo con su selecci\u00f3n comunic\u00f3 que no renovar\u00e1 su contrato con los parisinos \" alt=\". Tras la eliminaci\u00f3n de la Champions a manos del Borussia Dortmund, el delantero campe\u00f3n del mundo con su selecci\u00f3n comunic\u00f3 que no renovar\u00e1 su contrato con los parisinos \" rel=\"noopener noreferrer\"> Tras la eliminaci\u00f3n de la Champions a manos del Borussia Dortmund, el delantero campe\u00f3n del mundo con su selecci\u00f3n comunic\u00f3 que no renovar\u00e1 su contrato con los parisinos<\/a><\/strong>para buscar nuevos rumbos en el f\u00fatbol europeo. Y si bien a\u00fan resta la confirmaci\u00f3n: todos los caminos conducen al Santiago Bernab\u00e9u.<\/p>\n<\/div>\n<div class=\"custom-text \" readability=\"24.448192771084\">\n<p>Pero <strong><a href=\"https:\/\/www.ole.com.ar\/futbol-internacional\/francia\/paris-saint-germain-kylian-mbappe-lyon-copa-francia_0_upxsyxGX9a.html\" target=\"_self\" title=\"la p\u00e9rdida de Mbapp\u00e9 no solo es un golpe para el elenco presidido por Al-Khelaifi. La ida del extremo es duro golpe para la ciudad y para el pa\u00eds\" alt=\"la p\u00e9rdida de Mbapp\u00e9 no solo es un golpe para el elenco presidido por Al-Khelaifi. La ida del extremo es duro golpe para la ciudad y para el pa\u00eds\" rel=\"noopener noreferrer\">la p\u00e9rdida de Mbapp\u00e9 no solo es un golpe para el elenco presidido por Al-Khelaifi. La ida del extremo es duro golpe para la ciudad y para el pa\u00eds<\/a><\/strong>, y tanto es as\u00ed que fue el propio Emmanuel Macron quien confirm\u00f3 que habl\u00f3 con el jugador para que no deje el f\u00fatbol galo. Sin embargo, la decisi\u00f3n ya est\u00e1 tomada y tras la Eurocopa llegar\u00eda el comunicado oficial: \u00abMbapp\u00e9, nuevo jugador del Real Madrid\u00bb<\/p>\n<\/div>\n<div class=\"custom-text \" readability=\"39\">\n<p>Y si hubo otro detalle es destacar, fue el fr\u00edo saludo entre Mbapp\u00e9 y el presidente qatar\u00ed. Est\u00e1 claro: el mandam\u00e1s est\u00e1 muy enojado con la marcha del astro franc\u00e9s. De hecho, hace algunas semanas, el delantero organiz\u00f3 una fiesta de despedida para 250 personas dentro de las cuales no estuvo Al-Khelaifi, qui\u00e9n no fue invitado por Kylian.<\/p>\n<\/div>\n<\/div>\n","protected":false},"excerpt":{"rendered":"<p>25\/05\/2024 19:32hs. Actualizado al 25\/05\/2024 19:37hs. Kylian Mbapp\u00e9 jug\u00f3 este s\u00e1bado la final de la Copa de Francia, su \u00faltimo partido con el PSG. Se despidi\u00f3 ganando ante Olympique de Lyon por 2-1, festejando otro t\u00edtulo y reconociendo sentir \u00abun dolor en el coraz\u00f3n\u00bb por este adi\u00f3s. \u00abComo futbolista, no tenemos tiempo para ver el [&hellip;]<\/p>\n","protected":false},"author":1,"featured_media":78064,"comment_status":"open","ping_status":"closed","sticky":false,"template":"","format":"standard","meta":[],"categories":[16],"tags":[],"_links":{"self":[{"href":"http:\/\/hoycordobaweb.com\/index.php\/wp-json\/wp\/v2\/posts\/78063"}],"collection":[{"href":"http:\/\/hoycordobaweb.com\/index.php\/wp-json\/wp\/v2\/posts"}],"about":[{"href":"http:\/\/hoycordobaweb.com\/index.php\/wp-json\/wp\/v2\/types\/post"}],"author":[{"embeddable":true,"href":"http:\/\/hoycordobaweb.com\/index.php\/wp-json\/wp\/v2\/users\/1"}],"replies":[{"embeddable":true,"href":"http:\/\/hoycordobaweb.com\/index.php\/wp-json\/wp\/v2\/comments?post=78063"}],"version-history":[{"count":0,"href":"http:\/\/hoycordobaweb.com\/index.php\/wp-json\/wp\/v2\/posts\/78063\/revisions"}],"wp:featuredmedia":[{"embeddable":true,"href":"http:\/\/hoycordobaweb.com\/index.php\/wp-json\/wp\/v2\/media\/78064"}],"wp:attachment":[{"href":"http:\/\/hoycordobaweb.com\/index.php\/wp-json\/wp\/v2\/media?parent=78063"}],"wp:term":[{"taxonomy":"category","embeddable":true,"href":"http:\/\/hoycordobaweb.com\/index.php\/wp-json\/wp\/v2\/categories?post=78063"},{"taxonomy":"post_tag","embeddable":true,"href":"http:\/\/hoycordobaweb.com\/index.php\/wp-json\/wp\/v2\/tags?post=78063"}],"curies":[{"name":"wp","href":"https:\/\/api.w.org\/{rel}","templated":true}]}}