{"id":78060,"date":"2024-05-25T15:26:58","date_gmt":"2024-05-25T15:26:58","guid":{"rendered":"https:\/\/ladecimaweb.com\/?p=27134"},"modified":"2024-05-25T15:26:58","modified_gmt":"2024-05-25T15:26:58","slug":"llaryora-el-presidente-merece-ser-recibido-por-los-cordobeses","status":"publish","type":"post","link":"http:\/\/hoycordobaweb.com\/index.php\/2024\/05\/25\/llaryora-el-presidente-merece-ser-recibido-por-los-cordobeses\/","title":{"rendered":"LLaryora: \u201cEl presidente merece ser recibido por los cordobeses\u201d"},"content":{"rendered":"<div class=\"boldgrid-section\">\n<div class=\"container\">\n<div class=\"row\">\n<div class=\"col-md-12 col-xs-12 col-sm-12\">\n<p class=\"eplus-wrapper\">El Teatro del Libertador General San Mart\u00edn fue el escenario de la Velada Patria por el 214\u00b0 aniversario de la Revoluci\u00f3n de Mayo. La ceremonia fue encabezada por el gobernador Mart\u00edn Llaryora y el intendente de C\u00f3rdoba, Daniel Passerini.<\/p>\n<p class=\" eplus-wrapper\">Tambi\u00e9n fueron parte del evento la vicegobernadora Myrian Prunotto y la senadora nacional Alejandra Vigo.<\/p>\n<p class=\"eplus-wrapper\">Las autoridades fueron recibidas por la Guardia de Honor de los Federales de Bustos.<\/p>\n<figure class=\" wp-block-gallery has-nested-images columns-default is-cropped eplus-wrapper wp-block-gallery-1 is-layout-flex wp-block-gallery-is-layout-flex\">\n<figure class=\" wp-block-image size-large eplus-wrapper\">\n<p class=\"mod-reset\"><img loading=\"lazy\" class=\"wp-image-593911\" src=\"http:\/\/hoycordobaweb.com\/wp-content\/uploads\/2024\/05\/llaryora-el-presidente-merece-ser-recibido-por-los-cordobeses.jpg\" sizes=\"(max-width: 1024px) 100vw, 1024px\" srcset=\"http:\/\/hoycordobaweb.com\/wp-content\/uploads\/2024\/05\/llaryora-el-presidente-merece-ser-recibido-por-los-cordobeses.jpg 1024w, http:\/\/hoycordobaweb.com\/wp-content\/uploads\/2024\/05\/llaryora-el-presidente-merece-ser-recibido-por-los-cordobeses-1.jpg 300w, http:\/\/hoycordobaweb.com\/wp-content\/uploads\/2024\/05\/llaryora-el-presidente-merece-ser-recibido-por-los-cordobeses-2.jpg 768w, http:\/\/hoycordobaweb.com\/wp-content\/uploads\/2024\/05\/llaryora-el-presidente-merece-ser-recibido-por-los-cordobeses-3.jpg 1536w, http:\/\/hoycordobaweb.com\/wp-content\/uploads\/2024\/05\/llaryora-el-presidente-merece-ser-recibido-por-los-cordobeses-4.jpg 1600w\" alt width=\"519\" height=\"301\" data-id=\"593911\"><\/p>\n<\/figure>\n<\/figure>\n<p class=\"eplus-wrapper\">Al ingresar al teatro, el gobernador Llaryora celebr\u00f3 que la provincia se encuentre en el centro de la escena nacional:<strong> \u201c<em>C\u00f3rdoba est\u00e1 preparada para dar una recepci\u00f3n institucional como se merece un Presidente\u201d<\/em>, afirm\u00f3.<\/strong><\/p>\n<p class=\"eplus-wrapper\"><em>\u201cMa\u00f1ana ser\u00e1 un d\u00eda patrio, les pido a todos que construyamos una jornada de la cual nos podamos enorgullecer una vez m\u00e1s, la ciudad est\u00e1 preparada y quiero invitar a todos los cordobeses\u201d<\/em>, agreg\u00f3 el mandatario provincial.<\/p>\n<p class>LLaryora recibir\u00e1 este s\u00e1bado al presidente Javier Milei en el aeropuerto C\u00f3rdoba, pero a\u00fan no est\u00e1 confirmada la participaci\u00f3n de aquel en el acto que el libertario encabezar\u00e1 en la plaza San Mart\u00edn.&nbsp;<\/p>\n<p><strong>La velada<\/strong><\/p>\n<p class=\"eplus-wrapper\">La tradicional velada comenz\u00f3 con las estrofas del Himno Nacional, que fue interpretado por Fabricio Rodr\u00edguez con su arm\u00f3nica, a tel\u00f3n cerrado, junto a las reconocidas cantantes Silvia Lallana, Roxana Carabajal, Ceci Mezzadra y Eli Fern\u00e1ndez.<\/p>\n<p class=\" eplus-wrapper\">A continuaci\u00f3n, Bien Argentino despleg\u00f3 un espect\u00e1culo que incluy\u00f3 malambo y un despliegue musical que tuvo a un conjunto de bombos como protagonista.<\/p>\n<p class=\" eplus-wrapper\">Tambi\u00e9n se presentaron el folclorista Pablo Lozano, los grupos 5 sentidos y Herederas, Lautaro Rojas y el cierre estuvo a cargo de Francisco Ben\u00edtez.<\/p>\n<p class=\"wp-block-heading eplus-wrapper\"><strong>Acto oficial en R\u00edo IV<\/strong><\/p>\n<p class=\" eplus-wrapper\">La capital alterna ser\u00e1 sede del tradicional desfile c\u00edvico-militar, que se desarrollar\u00e1 ma\u00f1ana s\u00e1bado desde las 10 de la ma\u00f1ana, encabezado por el gobernador Mart\u00edn Llaryora y el intendente Juan Manuel Llamosas.<\/p>\n<p class=\" eplus-wrapper\">Las actividades se desarrollar\u00e1n sobre Avenida San Mart\u00edn 1300, en la esquina con la calle Ingeniero Dinkeldein.<\/p>\n<p class=\"eplus-wrapper\">El evento ser\u00e1 transmitido en vivo a trav\u00e9s de las cuentas de Facebook y Youtube del Gobierno de C\u00f3rdoba.<\/p>\n<p>&nbsp;<\/p>\n<p class>\n<div class=\"ubm_banner\"><a href=\"https:\/\/www.cba.gov.ar\/reforza-tu-prevencion\/\" target=\"_blank\" rel=\"dofollow noopener noreferrer\"><img src=\"http:\/\/hoycordobaweb.com\/wp-content\/uploads\/2024\/05\/llaryora-el-presidente-merece-ser-recibido-por-los-cordobeses.gif\" width=\"900\" alt><\/a><\/div>\n<\/div>\n<\/div>\n<\/div>\n<\/div>\n<p>La entrada <a rel=\"nofollow\" href=\"https:\/\/ladecimaweb.com\/llaryora-el-presidente-merece-ser-recibido-por-los-cordobeses\/\">LLaryora: &#8220;El presidente merece ser recibido por los cordobeses&#8221;<\/a> se public\u00f3 primero en <a rel=\"nofollow\" href=\"https:\/\/ladecimaweb.com\">LaDecima<\/a>.<\/p>\n","protected":false},"excerpt":{"rendered":"<p>El Teatro del Libertador General San Mart\u00edn fue el escenario de la Velada Patria por el 214\u00b0 aniversario de la Revoluci\u00f3n de Mayo. La ceremonia fue encabezada por el gobernador Mart\u00edn Llaryora y el intendente de C\u00f3rdoba, Daniel Passerini. Tambi\u00e9n fueron parte del evento la vicegobernadora Myrian Prunotto y la senadora nacional Alejandra Vigo. Las [&hellip;]<\/p>\n","protected":false},"author":1,"featured_media":0,"comment_status":"closed","ping_status":"closed","sticky":false,"template":"","format":"standard","meta":[],"categories":[32],"tags":[],"_links":{"self":[{"href":"http:\/\/hoycordobaweb.com\/index.php\/wp-json\/wp\/v2\/posts\/78060"}],"collection":[{"href":"http:\/\/hoycordobaweb.com\/index.php\/wp-json\/wp\/v2\/posts"}],"about":[{"href":"http:\/\/hoycordobaweb.com\/index.php\/wp-json\/wp\/v2\/types\/post"}],"author":[{"embeddable":true,"href":"http:\/\/hoycordobaweb.com\/index.php\/wp-json\/wp\/v2\/users\/1"}],"replies":[{"embeddable":true,"href":"http:\/\/hoycordobaweb.com\/index.php\/wp-json\/wp\/v2\/comments?post=78060"}],"version-history":[{"count":0,"href":"http:\/\/hoycordobaweb.com\/index.php\/wp-json\/wp\/v2\/posts\/78060\/revisions"}],"wp:attachment":[{"href":"http:\/\/hoycordobaweb.com\/index.php\/wp-json\/wp\/v2\/media?parent=78060"}],"wp:term":[{"taxonomy":"category","embeddable":true,"href":"http:\/\/hoycordobaweb.com\/index.php\/wp-json\/wp\/v2\/categories?post=78060"},{"taxonomy":"post_tag","embeddable":true,"href":"http:\/\/hoycordobaweb.com\/index.php\/wp-json\/wp\/v2\/tags?post=78060"}],"curies":[{"name":"wp","href":"https:\/\/api.w.org\/{rel}","templated":true}]}}