{"id":78046,"date":"2024-05-23T20:34:07","date_gmt":"2024-05-23T20:34:07","guid":{"rendered":"https:\/\/ahora.com.ar\/show\/la-respuesta-duki-los-rumores-embarazo-emilia-mernes-n5372907"},"modified":"2024-05-23T20:34:07","modified_gmt":"2024-05-23T20:34:07","slug":"la-respuesta-de-duki-a-los-rumores-de-embarazo-de-emilia-mernes","status":"publish","type":"post","link":"http:\/\/hoycordobaweb.com\/index.php\/2024\/05\/23\/la-respuesta-de-duki-a-los-rumores-de-embarazo-de-emilia-mernes\/","title":{"rendered":"La respuesta de Duki a los rumores de embarazo de Emilia Mernes"},"content":{"rendered":"<div><img src=\"http:\/\/hoycordobaweb.com\/wp-content\/uploads\/2024\/05\/la-respuesta-de-duki-a-los-rumores-de-embarazo-de-emilia-mernes.jpg\" class=\"ff-og-image-inserted\"><\/div>\n<div id>\n<div class=\"article-body__info-wrapper\"><span class=\"article-body__date\"> <time datetime=\"2024-05-23T20:34:07.000Z\">23 de mayo de 2024 &#8211; 17:34<\/time><\/span> <\/div>\n<p>Desde hace varios d\u00edas que hay <strong>mucho hermetismo alrededor de Emilia Mernes<\/strong> luego de la pol\u00e9mica suspensi\u00f3n de su show del pasado 3 de mayo, con el p\u00fablico ya instalado en el Movistar Arena. La cantante sali\u00f3 a escena a disculparse por no poder actuar por orden m\u00e9dica y, un d\u00eda despu\u00e9s, debi\u00f3 ser internada: se le diagnostic\u00f3 una gastroenteritis aguda. Tras esto, su equipo de trabajo confirm\u00f3 la suspensi\u00f3n de m\u00e1s presentaciones de la artista, hasta nuevo aviso.<\/p>\n<\/div>\n<div id>\n<p>En ese contexto, el pasado mi\u00e9rcoles en LAM (Am\u00e9rica) se refirieron a la cantante y lanzaron un sugerente mensaje sobre su salud. La escena se dio mientras analizaban looks de distintas celebridades, contraponiendo el estilo de Amalia Yuyito Gonz\u00e1lez -presente en la presentaci\u00f3n del libro de Javier Milei en el Luna Park- y el de F\u00e1tima Florez, de vacaciones por Miami. Mientras Matilda Blanco le bajaba el pulgar a la vestimenta de la ex Primera Dama -un body negro-, Nazarena V\u00e9lez acot\u00f3 que est\u00e1 de moda. \u201cA Emilia Mernes le encanta usar eso\u201d, dijo.<\/p>\n<\/div>\n<div id>\n<p>Fue ah\u00ed cuando el conductor plante\u00f3: \u201cSaben lo de Emilia, \u00bfno?\u201d. Lo que gener\u00f3 sorpresas entre las \u201cangelitas\u201d. \u201c\u00bfQu\u00e9 pas\u00f3, se pele\u00f3 con Duki?\u201d, le pregunt\u00f3 Yanina Latorre. \u201cVa a ser noticia pronto\u201d, agreg\u00f3 de Brito, misterioso. <strong>\u201cEst\u00e1 embarazada del Duki\u201d<\/strong>, redobl\u00f3 la mujer de Diego Latorre. Aunque el conductor no respondi\u00f3 a este comentario y sigui\u00f3 con otro tema; ese ida y vuelta alcanz\u00f3 para prender la mecha y que comenzaran a rodar las especulaciones, sobre todo en las redes sociales.<\/p>\n<p>\u201cElla necesita un poco m\u00e1s de tiempo para estar bien y volver a hacer los shows\u201d, le dijeron a <em>Teleshow <\/em>desde el entorno de la artista, quien desde hace varios d\u00edas est\u00e1 en silencio p\u00fablico. Ahora, el que habl\u00f3 fue Duki, novio de Emilia. Fiel a su estilo desenfadado, el rapero y creador de \u00e9xitos como \u201cGoteo\u201d y \u201cShe Don\u2019t Give a FO\u201d tom\u00f3 la c\u00e1mara frontal de su celular y se grab\u00f3 en modo selfie para subir el video a sus historias de Instagram.<\/p>\n<p>\u201c<strong>Bueno, mi gente ya le estuve pensando nombres a la bendi: si es hombre se va a llamar Gohan y si es mujer le vamos a poner Cersei<\/strong>, as\u00ed que ac\u00e1 abajo en la caja de los comentarios dejen qu\u00e9 nombre le pondr\u00edan si fuese hombre o mujer. Suscr\u00edbanse, denle al like y activen la campanita loco, gracias\u201d, dijo el rapero nacido con el nombre de Mauro Ezequiel Lombardo y habilit\u00f3 una encuesta para que sus seguidores vaticinen si el supuesto beb\u00e9 ser\u00e1 Gohan -como el personaje de Dragon Ball, anim\u00e9 del cual el m\u00fasico es fan\u00e1tico- o Cersei, en homenaje a una de las protagonistas de Game of Thrones.<\/p>\n<p>La relaci\u00f3n de Duki y Emilia fue blanqueada el 9 de diciembre de 2021 cuando a trav\u00e9s de una foto juntos a los besos confirmaron lo que hasta ese entonces eran especulaciones. Fue el rapero quien confirm\u00f3 la noticia a trav\u00e9s de su cuenta de Instagram, donde public\u00f3 una foto a los besos con la autora de \u201cNo se ve\u201d. Desde ese momento no volvieron a separarse y el amor solo fue creciendo.<\/p>\n<p>Hace un tiempo, Mernes cont\u00f3 c\u00f3mo es la convivencia con su novio. En di\u00e1logo con Nadie Dice Nada, el programa que lleva adelante Nicol\u00e1s Occhiato en Luzu TV, fue muy clara y dulce con sus sentimientos hacia el \u00edcono del trap local. \u201cEs un amor, estoy superenamorada. Siempre tengo a mi osito que me acompa\u00f1a. Nuestras citas con Duki son estar en casa, ya que no estamos nunca, y ver una serie, comer algo rico. Yo cocino\u201d, revel\u00f3.<\/p>\n<\/div>\n","protected":false},"excerpt":{"rendered":"<p>23 de mayo de 2024 &#8211; 17:34 Desde hace varios d\u00edas que hay mucho hermetismo alrededor de Emilia Mernes luego de la pol\u00e9mica suspensi\u00f3n de su show del pasado 3 de mayo, con el p\u00fablico ya instalado en el Movistar Arena. La cantante sali\u00f3 a escena a disculparse por no poder actuar por orden m\u00e9dica [&hellip;]<\/p>\n","protected":false},"author":1,"featured_media":78047,"comment_status":"closed","ping_status":"closed","sticky":false,"template":"","format":"standard","meta":[],"categories":[10,23],"tags":[],"_links":{"self":[{"href":"http:\/\/hoycordobaweb.com\/index.php\/wp-json\/wp\/v2\/posts\/78046"}],"collection":[{"href":"http:\/\/hoycordobaweb.com\/index.php\/wp-json\/wp\/v2\/posts"}],"about":[{"href":"http:\/\/hoycordobaweb.com\/index.php\/wp-json\/wp\/v2\/types\/post"}],"author":[{"embeddable":true,"href":"http:\/\/hoycordobaweb.com\/index.php\/wp-json\/wp\/v2\/users\/1"}],"replies":[{"embeddable":true,"href":"http:\/\/hoycordobaweb.com\/index.php\/wp-json\/wp\/v2\/comments?post=78046"}],"version-history":[{"count":0,"href":"http:\/\/hoycordobaweb.com\/index.php\/wp-json\/wp\/v2\/posts\/78046\/revisions"}],"wp:featuredmedia":[{"embeddable":true,"href":"http:\/\/hoycordobaweb.com\/index.php\/wp-json\/wp\/v2\/media\/78047"}],"wp:attachment":[{"href":"http:\/\/hoycordobaweb.com\/index.php\/wp-json\/wp\/v2\/media?parent=78046"}],"wp:term":[{"taxonomy":"category","embeddable":true,"href":"http:\/\/hoycordobaweb.com\/index.php\/wp-json\/wp\/v2\/categories?post=78046"},{"taxonomy":"post_tag","embeddable":true,"href":"http:\/\/hoycordobaweb.com\/index.php\/wp-json\/wp\/v2\/tags?post=78046"}],"curies":[{"name":"wp","href":"https:\/\/api.w.org\/{rel}","templated":true}]}}