{"id":78027,"date":"2024-05-24T22:43:08","date_gmt":"2024-05-24T22:43:08","guid":{"rendered":"https:\/\/www.ole.com.ar\/racing\/racing-avellaneda-gustavo-costas-conmebol_0_mlzGWrxps3.html"},"modified":"2024-05-24T22:43:08","modified_gmt":"2024-05-24T22:43:08","slug":"racing-cerca-de-perder-la-localia-el-cilindro-no-paso-la-inspeccion-de-conmebol","status":"publish","type":"post","link":"http:\/\/hoycordobaweb.com\/index.php\/2024\/05\/24\/racing-cerca-de-perder-la-localia-el-cilindro-no-paso-la-inspeccion-de-conmebol\/","title":{"rendered":"Racing cerca de perder la local\u00eda: el Cilindro no pas\u00f3 la inspecci\u00f3n de Conmebol"},"content":{"rendered":"<p><img src=\"http:\/\/hoycordobaweb.com\/wp-content\/uploads\/2024\/05\/racing-cerca-de-perder-la-localia-el-cilindro-no-paso-la-inspeccion-de-conmebol.jpg\"><\/p>\n<p><time class=\"createDate\" datetime=\"2024-05-24T19:43:08-03:00\">24\/05\/2024 19:43hs.<\/time><\/p>\n<div id=\"storyBody\">\n<div class=\"custom-text \" readability=\"37\">\n<p><strong>El Cilindro no est\u00e1 en buenas condiciones.<\/strong> Y as\u00ed se vio en el \u00faltimo duelo de los de Gustavo Costas ante Argentinos Juniors. El campo de juego ten\u00eda varios claros marrones producto del recital de Wos que se present\u00f3 en el Cilindro el \u00faltimo 20 de abril. <strong>Desde entonces, el c\u00e9sped nunca se pudo recuperar y no pas\u00f3 la inspecci\u00f3n previa de la Conmebol antes del duelo ante Sportivo Luque\u00f1o, pactado para el pr\u00f3ximo martes. <\/strong><\/p>\n<\/div>\n<p><h2>\u00bfPor qu\u00e9 no paso la inspecci\u00f3n?<\/h2>\n<\/p>\n<div class=\"custom-text \" readability=\"38\">\n<p>El campo de juego de la Academia se ven\u00eda deteriorando hace varias jornadas. Tras el recital de Wos, los encargados del c\u00e9sped nunca pudieron volver a ponerlo a tono y ahora se volvi\u00f3 un problema enorme. <strong>Porque luego de la inspecci\u00f3n de la Conmebol, que realiza inspecciones en todos los estadios que albergar\u00e1n eventos de Libertadores y Sudamericana, las autoridades determinaron que el Cilindro debe mejorar el campo de juego o el encuentro tendr\u00e1 que disputarse en otro estadio. <\/strong><\/p>\n<\/div>\n<div type=\"embed\" class=\"sc-3f46f5ae-0 djVTgz\">\n<div class=\"sc-3f46f5ae-1 fTjZec videoText\" id=\"contentTitleembedJ8cdUyR2\" type=\"embed\"><svg fill=\"#ffffff\"><symbol id=\"play\" viewBox=\"0 0 512 512\"><path d=\"M512 256C512 397.4 397.4 512 256 512C114.6 512 0 397.4 0 256C0 114.6 114.6 0 256 0C397.4 0 512 114.6 512 256zM176 168V344C176 352.7 180.7 360.7 188.3 364.9C195.8 369.2 205.1 369 212.5 364.5L356.5 276.5C363.6 272.1 368 264.4 368 256C368 247.6 363.6 239.9 356.5 235.5L212.5 147.5C205.1 142.1 195.8 142.8 188.3 147.1C180.7 151.3 176 159.3 176 168V168z\" \/><\/symbol><use xlink:href=\"#play\" \/><\/svg><\/p>\n<div class=\"right\">\n<p>Racing<!-- --> &#8211;<!-- --> <span>&nbsp;<\/span><\/p>\n<h2 class=\"title-vid\">As\u00ed se encuentra el campo de juego del Cilindro luego del recital de Wos <\/h2>\n<\/div>\n<\/div>\n<p><span class=\"back\" id=\"spanBackembedJ8cdUyR2\"><\/span><\/div>\n<div class=\"custom-text \" readability=\"37\">\n<p><strong>El clima tampoco ayuda.<\/strong> Si bien el campo de juego mejor\u00f3 con respecto a como hab\u00eda quedado tras el recital de Wos, lo cierto es que a\u00fan luce en muy mal condiciones.<strong> Y pese a que se han hecho varios trabajos para recuperar el estado del c\u00e9sped, las bajas temperatura tampoco colaboraron al crecimiento del pasto. <\/strong><\/p>\n<\/div>\n<div class=\"custom-text \" readability=\"37\">\n<p><strong>Cabe destacar que tras el duelo de la Academia ante Coquimbo Unido, que termin\u00f3 con victoria 3-0 de los de Gustavo Costas, l<\/strong>a Conmebol ya hab\u00eda alertado a la dirigencia blanquiceleste sobre el mal estado del campo de juego, hecho que se termin\u00f3 de confirmar en el d\u00eda de hoy.<\/p>\n<\/div>\n<div class=\"custom-text \" readability=\"36\">\n<p>Si bien la Conmebol no tom\u00f3 la decisi\u00f3n de prohibir la utilizaci\u00f3n del estadio de cara al duelo ante Sportivo Luque\u00f1o, donde Racing deber\u00e1 ganar para quedarse en la cima de su grupo, <strong>los encargados de Conmebol le pidieron a la dirigencia de Racing que mejores las condiciones del campo. <\/strong><\/p>\n<\/div>\n<p><h2>Lan\u00fas, la opci\u00f3n m\u00e1s factible <\/h2>\n<\/p>\n<div class=\"custom-text \" readability=\"37\">\n<p><strong> En caso de que la Academia no pueda mejorar las condiciones del c\u00e9sped a cinco d\u00edas del duelo ante los paraguayos y con ello torcer la decisi\u00f3n de la Conmebol, los de Gustavo Costas deber\u00e1n ser locales en otro estadi<\/strong>o. Si bien a\u00fan no circul\u00f3 el nombre de ning\u00fan estadio en concreto, desde la Comisi\u00f3n de Avellaneda crees que lo m\u00e1s factible ser\u00eda mudar la local\u00eda a la cancha de Lan\u00fas. <\/p>\n<\/div>\n<div class=\"sc-e7b891c4-0 jPbnQF\"><img alt=\"La cancha de Lan\u00fas, una opci\u00f3n para hacer de local.\" src=\"http:\/\/hoycordobaweb.com\/wp-content\/uploads\/2024\/05\/racing-cerca-de-perder-la-localia-el-cilindro-no-paso-la-inspeccion-de-conmebol-2.jpg\" width=\"720\" height=\"100\" decoding=\"async\" data-nimg=\"future\" loading=\"lazy\"><span class=\"epigraphe\">La cancha de Lan\u00fas, una opci\u00f3n para hacer de local.<\/span><\/div>\n<div class=\"sc-a7166897-0 exHLBh\" readability=\"6.5\">\n<section readability=\"3\"><picture><img alt=\"Racing volvi\u00f3 a brillar: gole\u00f3 4-0 a Tigre y qued\u00f3 como l\u00edder provisorio de la Liga Profesional\" src=\"http:\/\/hoycordobaweb.com\/wp-content\/uploads\/2024\/05\/racing-cerca-de-perder-la-localia-el-cilindro-no-paso-la-inspeccion-de-conmebol-3.jpg\" width=\"290\" height=\"290\" decoding=\"async\" data-nimg=\"future\" loading=\"lazy\"><\/picture>\n<p><span>Mir\u00e1 tambi\u00e9n<\/span><\/p>\n<hr>\n<h3>Racing volvi\u00f3 a brillar: gole\u00f3 4-0 a Tigre y qued\u00f3 como l\u00edder provisorio de la Liga Profesional<\/h3>\n<\/p>\n<\/section>\n<\/div>\n<div class=\"sc-a7166897-0 exHLBh\" readability=\"6\">\n<section readability=\"2\"><picture><img alt=\"El arquero sparring de la Selecci\u00f3n que firm\u00f3 su primer contrato en River\" src=\"http:\/\/hoycordobaweb.com\/wp-content\/uploads\/2024\/05\/racing-cerca-de-perder-la-localia-el-cilindro-no-paso-la-inspeccion-de-conmebol-4.jpg\" width=\"290\" height=\"290\" decoding=\"async\" data-nimg=\"future\" loading=\"lazy\"><\/picture>\n<p><span>Mir\u00e1 tambi\u00e9n<\/span><\/p>\n<hr>\n<h3>El arquero sparring de la Selecci\u00f3n que firm\u00f3 su primer contrato en River<\/h3>\n<\/p>\n<\/section>\n<\/div>\n<div class=\"sc-a7166897-0 exHLBh\" readability=\"6\">\n<section readability=\"2\"><picture><img alt=\"La iniciativa de River para su cumplea\u00f1os n\u00famero 123\" src=\"http:\/\/hoycordobaweb.com\/wp-content\/uploads\/2024\/05\/racing-cerca-de-perder-la-localia-el-cilindro-no-paso-la-inspeccion-de-conmebol-5.jpg\" width=\"290\" height=\"290\" decoding=\"async\" data-nimg=\"future\" loading=\"lazy\"><\/picture>\n<p><span>Mir\u00e1 tambi\u00e9n<\/span><\/p>\n<hr>\n<h3>La iniciativa de River para su cumplea\u00f1os n\u00famero 123<\/h3>\n<\/p>\n<\/section>\n<\/div>\n<\/div>\n","protected":false},"excerpt":{"rendered":"<p>24\/05\/2024 19:43hs. El Cilindro no est\u00e1 en buenas condiciones. Y as\u00ed se vio en el \u00faltimo duelo de los de Gustavo Costas ante Argentinos Juniors. El campo de juego ten\u00eda varios claros marrones producto del recital de Wos que se present\u00f3 en el Cilindro el \u00faltimo 20 de abril. Desde entonces, el c\u00e9sped nunca se [&hellip;]<\/p>\n","protected":false},"author":1,"featured_media":78028,"comment_status":"open","ping_status":"closed","sticky":false,"template":"","format":"standard","meta":[],"categories":[16],"tags":[],"_links":{"self":[{"href":"http:\/\/hoycordobaweb.com\/index.php\/wp-json\/wp\/v2\/posts\/78027"}],"collection":[{"href":"http:\/\/hoycordobaweb.com\/index.php\/wp-json\/wp\/v2\/posts"}],"about":[{"href":"http:\/\/hoycordobaweb.com\/index.php\/wp-json\/wp\/v2\/types\/post"}],"author":[{"embeddable":true,"href":"http:\/\/hoycordobaweb.com\/index.php\/wp-json\/wp\/v2\/users\/1"}],"replies":[{"embeddable":true,"href":"http:\/\/hoycordobaweb.com\/index.php\/wp-json\/wp\/v2\/comments?post=78027"}],"version-history":[{"count":0,"href":"http:\/\/hoycordobaweb.com\/index.php\/wp-json\/wp\/v2\/posts\/78027\/revisions"}],"wp:featuredmedia":[{"embeddable":true,"href":"http:\/\/hoycordobaweb.com\/index.php\/wp-json\/wp\/v2\/media\/78028"}],"wp:attachment":[{"href":"http:\/\/hoycordobaweb.com\/index.php\/wp-json\/wp\/v2\/media?parent=78027"}],"wp:term":[{"taxonomy":"category","embeddable":true,"href":"http:\/\/hoycordobaweb.com\/index.php\/wp-json\/wp\/v2\/categories?post=78027"},{"taxonomy":"post_tag","embeddable":true,"href":"http:\/\/hoycordobaweb.com\/index.php\/wp-json\/wp\/v2\/tags?post=78027"}],"curies":[{"name":"wp","href":"https:\/\/api.w.org\/{rel}","templated":true}]}}