{"id":78025,"date":"2024-05-24T22:01:11","date_gmt":"2024-05-24T22:01:11","guid":{"rendered":"https:\/\/www.ole.com.ar\/river-plate\/river-reserva-arquero-jeremias-martinet-contrato-armani-dibu-martinez_0_xyglE79FeH.html"},"modified":"2024-05-24T22:01:11","modified_gmt":"2024-05-24T22:01:11","slug":"el-arquero-sparring-de-la-seleccion-que-firmo-su-primer-contrato-en-river","status":"publish","type":"post","link":"http:\/\/hoycordobaweb.com\/index.php\/2024\/05\/24\/el-arquero-sparring-de-la-seleccion-que-firmo-su-primer-contrato-en-river\/","title":{"rendered":"El arquero sparring de la Selecci\u00f3n que firm\u00f3 su primer contrato en River"},"content":{"rendered":"<p><img src=\"http:\/\/hoycordobaweb.com\/wp-content\/uploads\/2024\/05\/el-arquero-sparring-de-la-seleccion-que-firmo-su-primer-contrato-en-river.jpg\"><\/p>\n<p><time class=\"createDate\" datetime=\"2024-05-24T19:01:11-03:00\">24\/05\/2024 19:01hs.<\/time><time class=\"modificatedDate\" datetime=\"2024-05-24T19:05:25-03:00\"> Actualizado al 24\/05\/2024 19:05hs.<\/time><\/p>\n<div id=\"storyBody\">\n<div class=\"custom-text \" readability=\"37.40625\">\n<p>Con el tema <strong>arquero<\/strong> en agenda dentro del Mundo <strong><a href=\"https:\/\/www.ole.com.ar\/tema\/river-plate.html\" title=\"River Plate\" alt=\"River Plate\" class=\"slug\">River<\/a><\/strong>, desde el club decidieron <strong>blindar a una de las futuras promesas<\/strong> que el CARP tiene <strong>en este puesto<\/strong>. Es por esto que en la ma\u00f1ana de este viernes 24, <strong>Jerem\u00edas Martinet<\/strong> firm\u00f3 su <strong>primer contrato profesional<\/strong> con el club, el cual tendr\u00e1 vigencia hasta diciembre de 2026.<\/p>\n<\/div>\n<div class=\"custom-text \" readability=\"37.929515418502\">\n<p>Este arquero de <strong>18 a\u00f1os<\/strong> forma parte del plantel de <strong>Reserva<\/strong>, pero se desempe\u00f1a como titular en el arco de la cuarta divisi\u00f3n y, aunque <strong>lleg\u00f3 al club<\/strong> a mediados de <strong>2022<\/strong>, viene a paso firme con sus rendimientos bajo los tres palos, algo que tambi\u00e9n detect\u00f3 <strong><a href=\"https:\/\/www.ole.com.ar\/tema\/lionel-scaloni.html\" title=\"Lionel Scaloni\" alt=\"Lionel Scaloni\" class=\"slug\">Lionel Scaloni<\/a><\/strong>. El DT de la <strong><a href=\"https:\/\/www.ole.com.ar\/tema\/seleccion-argentina.html\" title=\"Selecci\u00f3n Argentina\" alt=\"Selecci\u00f3n Argentina\" class=\"slug\">Selecci\u00f3n Argentina<\/a><\/strong> convoc\u00f3 como sparring a este <strong>arquero nacido en Chile<\/strong>, pero de madre argentina, <strong>para la gira<\/strong> realizada en el mes de Marzo por los <strong>Estados Unidos<\/strong>.<\/p>\n<\/div>\n<div class=\"sc-e7b891c4-0 jPbnQF\"><img alt=\"El arquero form\u00f3 parte de la gira con la Selecci\u00f3n por los Estados Unidos (Prensa AFA).\" src=\"http:\/\/hoycordobaweb.com\/wp-content\/uploads\/2024\/05\/el-arquero-sparring-de-la-seleccion-que-firmo-su-primer-contrato-en-river-2.jpg\" width=\"720\" height=\"100\" decoding=\"async\" data-nimg=\"future\" loading=\"lazy\"><span class=\"epigraphe\">El arquero form\u00f3 parte de la gira con la Selecci\u00f3n por los Estados Unidos (Prensa AFA).<\/span><\/div>\n<div class=\"custom-text \" readability=\"36.272020725389\">\n<p>En este viaje, Martinet se pudo codear con el <strong><a href=\"https:\/\/www.ole.com.ar\/tema\/damian-emiliano-martinez.html\" title=\"Dami\u00e1n Emiliano Mart\u00ednez\" alt=\"Dami\u00e1n Emiliano Mart\u00ednez\" class=\"slug\">Dibu Mart\u00ednez<\/a><\/strong> y con <strong><a href=\"https:\/\/www.ole.com.ar\/tema\/franco-armani.html\" title=\"Franco Armani\" alt=\"Franco Armani\" class=\"slug\">Franco Armani<\/a><\/strong>, <strong>uno de sus \u00eddolos<\/strong>. \u00abDespu\u00e9s del primer entrenamiento, vino <strong>Scaloni<\/strong> y <strong>me felicit\u00f3<\/strong>. Eso me conmovi\u00f3 e hizo sentir orgulloso. Fue algo muy lindo porque desde el primer d\u00eda me integraron al grupo y me hicieron sentir uno m\u00e1s\u00bb, fue como record\u00f3 el de <strong>categor\u00eda 2005<\/strong> esta experiencia con la Selecci\u00f3n.<\/p>\n<\/div>\n<p><h2><strong>\u00bfC\u00f3mo ataj<span class=\"ql-cursor\">\ufeff<\/span>a Jerem\u00edas Martinet?<\/strong><\/h2>\n<\/p>\n<div class=\"custom-text \" readability=\"38\">\n<p>Martinet<strong> mide 1,89 metros<\/strong> y una sus dos principales <strong>fortalezas<\/strong> son: el <strong>mano a mano<\/strong> y el<strong> juego con los pies<\/strong>. Estas dos caracter\u00edsticas fueron las que \u00e9l defini\u00f3 como sus puntos fuertes, aunque tambi\u00e9n admiti\u00f3 que es un arquero seguro dentro del \u00e1rea, que le habla a los centrales y que busca mantener la l\u00ednea de fondo ordenada.<\/p>\n<\/div>\n<div class=\"sc-e7b891c4-0 jPbnQF\"><img alt=\"Jerem\u00edas Martinet con los arqueros de River (Prensa River).\" src=\"http:\/\/hoycordobaweb.com\/wp-content\/uploads\/2024\/05\/el-arquero-sparring-de-la-seleccion-que-firmo-su-primer-contrato-en-river-3.jpg\" width=\"720\" height=\"100\" decoding=\"async\" data-nimg=\"future\" loading=\"lazy\"><span class=\"epigraphe\">Jerem\u00edas Martinet con los arqueros de River (Prensa River).<\/span><\/div>\n<div class=\"custom-text \" readability=\"34\">\n<p>Otra cuesti\u00f3n que este arquero reconoci\u00f3 fue que para defender el arco de River \u00abhay que estar muy concentrado, porque algunas veces <strong>te llegan una vez por partido<\/strong> <strong>y esa pelota la ten\u00e9s que sacar<\/strong>\u00ab.<\/p>\n<\/div>\n<p><h2><strong>Su sue\u00f1o de jugar en el Monumental<\/strong><\/h2>\n<\/p>\n<div class=\"custom-text \" readability=\"36.964577656676\">\n<p>En una entrevista realizada por la prensa del club, el golero reconoci\u00f3 que su deseo m\u00e1ximo por el que quiere debutar con la Primera es jugar en el Monumental. \u00ab<strong>Tengo el sue\u00f1o de jugar en el <a href=\"https:\/\/www.ole.com.ar\/tema\/estadio-monumental.html\" title=\"Estadio Monumental\" alt=\"Estadio Monumental\" class=\"slug\">Monumental<\/a><\/strong>. Por mi familia, que me apoya en todo. Mis padres y mis hermanos\u00bb, reconoci\u00f3 el arquero que hace pocas horas firm\u00f3 su primer contrato como profesional en River.<\/p>\n<\/div>\n<div class=\"sc-a7166897-0 exHLBh\" readability=\"6\">\n<section readability=\"2\"><picture><img alt=\"La iniciativa de River para su cumplea\u00f1os n\u00famero 123\" src=\"http:\/\/hoycordobaweb.com\/wp-content\/uploads\/2024\/05\/el-arquero-sparring-de-la-seleccion-que-firmo-su-primer-contrato-en-river-4.jpg\" width=\"290\" height=\"290\" decoding=\"async\" data-nimg=\"future\" loading=\"lazy\"><\/picture>\n<p><span>Mir\u00e1 tambi\u00e9n<\/span><\/p>\n<hr>\n<h3>La iniciativa de River para su cumplea\u00f1os n\u00famero 123<\/h3>\n<\/p>\n<\/section>\n<\/div>\n<div class=\"sc-a7166897-0 exHLBh\" readability=\"6\">\n<section readability=\"2\"><picture><img alt=\"Convirti\u00f3 un gol en la Reserva y es la sorpresa de la lista de River vs. Argentinos\" src=\"http:\/\/hoycordobaweb.com\/wp-content\/uploads\/2024\/05\/el-arquero-sparring-de-la-seleccion-que-firmo-su-primer-contrato-en-river-5.jpg\" width=\"290\" height=\"290\" decoding=\"async\" data-nimg=\"future\" loading=\"lazy\"><\/picture>\n<p><span>Mir\u00e1 tambi\u00e9n<\/span><\/p>\n<hr>\n<h3>Convirti\u00f3 un gol en la Reserva y es la sorpresa de la lista de River vs. Argentinos<\/h3>\n<\/p>\n<\/section>\n<\/div>\n<div class=\"sc-a7166897-0 exHLBh\" readability=\"6\">\n<section readability=\"2\"><picture><img alt=\"Se conoci\u00f3 resultado de los estudios de Nacho Fern\u00e1ndez: qu\u00e9 lesi\u00f3n tiene\" src=\"http:\/\/hoycordobaweb.com\/wp-content\/uploads\/2024\/05\/el-arquero-sparring-de-la-seleccion-que-firmo-su-primer-contrato-en-river-6.jpg\" width=\"290\" height=\"290\" decoding=\"async\" data-nimg=\"future\" loading=\"lazy\"><\/picture>\n<p><span>Mir\u00e1 tambi\u00e9n<\/span><\/p>\n<hr>\n<h3>Se conoci\u00f3 resultado de los estudios de Nacho Fern\u00e1ndez: qu\u00e9 lesi\u00f3n tiene<\/h3>\n<\/p>\n<\/section>\n<\/div>\n<div class=\"sc-a7166897-0 exHLBh\" readability=\"6.5\">\n<section readability=\"3\"><picture><img alt=\"Paulo D\u00edaz regresa: el marcado contraste que refleja que es indispensable en el fondo de River\" src=\"http:\/\/hoycordobaweb.com\/wp-content\/uploads\/2024\/05\/el-arquero-sparring-de-la-seleccion-que-firmo-su-primer-contrato-en-river-7.jpg\" width=\"290\" height=\"290\" decoding=\"async\" data-nimg=\"future\" loading=\"lazy\"><\/picture>\n<p><span>Mir\u00e1 tambi\u00e9n<\/span><\/p>\n<hr>\n<h3>Paulo D\u00edaz regresa: el marcado contraste que refleja que es indispensable en el fondo de River<\/h3>\n<\/p>\n<\/section>\n<\/div>\n<\/div>\n","protected":false},"excerpt":{"rendered":"<p>24\/05\/2024 19:01hs. Actualizado al 24\/05\/2024 19:05hs. Con el tema arquero en agenda dentro del Mundo River, desde el club decidieron blindar a una de las futuras promesas que el CARP tiene en este puesto. Es por esto que en la ma\u00f1ana de este viernes 24, Jerem\u00edas Martinet firm\u00f3 su primer contrato profesional con el club, [&hellip;]<\/p>\n","protected":false},"author":1,"featured_media":78026,"comment_status":"open","ping_status":"closed","sticky":false,"template":"","format":"standard","meta":[],"categories":[16],"tags":[],"_links":{"self":[{"href":"http:\/\/hoycordobaweb.com\/index.php\/wp-json\/wp\/v2\/posts\/78025"}],"collection":[{"href":"http:\/\/hoycordobaweb.com\/index.php\/wp-json\/wp\/v2\/posts"}],"about":[{"href":"http:\/\/hoycordobaweb.com\/index.php\/wp-json\/wp\/v2\/types\/post"}],"author":[{"embeddable":true,"href":"http:\/\/hoycordobaweb.com\/index.php\/wp-json\/wp\/v2\/users\/1"}],"replies":[{"embeddable":true,"href":"http:\/\/hoycordobaweb.com\/index.php\/wp-json\/wp\/v2\/comments?post=78025"}],"version-history":[{"count":0,"href":"http:\/\/hoycordobaweb.com\/index.php\/wp-json\/wp\/v2\/posts\/78025\/revisions"}],"wp:featuredmedia":[{"embeddable":true,"href":"http:\/\/hoycordobaweb.com\/index.php\/wp-json\/wp\/v2\/media\/78026"}],"wp:attachment":[{"href":"http:\/\/hoycordobaweb.com\/index.php\/wp-json\/wp\/v2\/media?parent=78025"}],"wp:term":[{"taxonomy":"category","embeddable":true,"href":"http:\/\/hoycordobaweb.com\/index.php\/wp-json\/wp\/v2\/categories?post=78025"},{"taxonomy":"post_tag","embeddable":true,"href":"http:\/\/hoycordobaweb.com\/index.php\/wp-json\/wp\/v2\/tags?post=78025"}],"curies":[{"name":"wp","href":"https:\/\/api.w.org\/{rel}","templated":true}]}}