{"id":78021,"date":"2024-05-24T22:09:31","date_gmt":"2024-05-24T22:09:31","guid":{"rendered":"https:\/\/www.ole.com.ar\/padel\/video-ultimo-punto-carrera-fernando-belasteguin-argentina-padel-premier-mar-plata-p1_0_qQhilUcNj6.html"},"modified":"2024-05-24T22:09:31","modified_gmt":"2024-05-24T22:09:31","slug":"exclusivo-ole-el-ultimo-punto-de-la-carrera-de-fernando-belasteguin-en-argentina","status":"publish","type":"post","link":"http:\/\/hoycordobaweb.com\/index.php\/2024\/05\/24\/exclusivo-ole-el-ultimo-punto-de-la-carrera-de-fernando-belasteguin-en-argentina\/","title":{"rendered":"Exclusivo Ol\u00e9: el \u00faltimo punto de la carrera de Fernando Belastegu\u00edn en Argentina"},"content":{"rendered":"<p><img src=\"http:\/\/hoycordobaweb.com\/wp-content\/uploads\/2024\/05\/exclusivo-ole-el-ultimo-punto-de-la-carrera-de-fernando-belasteguin-en-argentina.jpg\"><\/p>\n<p><time class=\"createDate\" datetime=\"2024-05-24T19:09:31-03:00\">24\/05\/2024 19:09hs.<\/time><time class=\"modificatedDate\" datetime=\"2024-05-24T19:48:50-03:00\"> Actualizado al 24\/05\/2024 19:48hs.<\/time><\/p>\n<div id=\"storyBody\">\n<div class=\"custom-text \" readability=\"32.880829015544\">\n<p><strong><a href=\"https:\/\/www.ole.com.ar\/tema\/fernando-belasteguin.html\" title=\"Fernando Belastegu\u00edn\" alt=\"Fernando Belastegu\u00edn\" class=\"slug\">Fernando Belastegu\u00edn<\/a><\/strong> le puso punto final a su carrera en Argentina luego de caer en los cuartos del <strong><a href=\"https:\/\/www.ole.com.ar\/tema\/argentina-premier-padel.html\" title=\"Argentina Premier Padel\" alt=\"Argentina Premier Padel\" class=\"slug\">Mar del Plata Premier P\u00e1del P1<\/a><\/strong> ante <strong>Arturo Coello y Agust\u00edn Tapia<\/strong>, la mejor dupla del momento, <strong>por 6-3 y 6-1<\/strong>. Con 45 a\u00f1os, quien segu\u00eda siendo parte del Top 10 (9\u00b0) le dio un cierre a su trayectoria en el pa\u00eds -a fin de a\u00f1o dejar\u00e1 la paleta-.<strong> Ol\u00e9 estuvo ah\u00ed para registrarlo.<\/strong><\/p>\n<\/div>\n<div class=\"custom-text \" readability=\"35.016129032258\">\n<p>La Feliz fue testigo de los \u00faltimos minutos de Bela en suelo argentino, donde junto a <strong>Juan Tello<\/strong> (29 a\u00f1os, 13\u00b0) se encontraba compitiendo en un certamen equiparable a los Masters 1000 en el tenis. <strong><a href=\"https:\/\/www.ole.com.ar\/tema\/dZjB9J4Y7X.html\" target=\"_self\" title=\"Tras pasar los octavos con firmeza\" alt=\"Tras pasar los octavos con firmeza\" rel=\"noopener noreferrer\">Tras pasar los octavos en un partidazo<\/a><\/strong>, estaba la ilusi\u00f3n de que pudiera seguir avanzando en su \u00faltimo torneo albiceleste. Sin embargo, se top\u00f3 con los <strong>N\u00b01 del ranking<\/strong>.<\/p>\n<\/div>\n<div class=\"custom-text \" readability=\"40\">\n<p>En un court central totalmente colmado, los argentinos, dupla N\u00b05 del torneo, no pudieron con los m\u00e1ximos favoritos, que precisamente son <strong>dos de los ex compa\u00f1eros y alumnos m\u00e1s aventajados de Belastegu\u00edn, a quien suele elogiar y con quienes se fundieron en una abrazo con llanto incluido en el court central del Poli marplatense<\/strong>. Ambos fueron superiores a lo largo del partido y gestaron su triunfo en poco m\u00e1s de una hora.<\/p>\n<\/div>\n<p><h2><strong>El \u00faltimo punto de Belastegu\u00edn, bajo la \u00f3ptica de Ol\u00e9<\/strong><\/h2>\n<\/p>\n<div type=\"embed\" class=\"sc-3f46f5ae-0 djVTgz\">\n<div class=\"sc-3f46f5ae-1 fTjZec videoText\" id=\"contentTitleembedPAzcYP0c\" type=\"embed\" readability=\"56\"><svg fill=\"#ffffff\"><symbol id=\"play\" viewBox=\"0 0 512 512\"><path d=\"M512 256C512 397.4 397.4 512 256 512C114.6 512 0 397.4 0 256C0 114.6 114.6 0 256 0C397.4 0 512 114.6 512 256zM176 168V344C176 352.7 180.7 360.7 188.3 364.9C195.8 369.2 205.1 369 212.5 364.5L356.5 276.5C363.6 272.1 368 264.4 368 256C368 247.6 363.6 239.9 356.5 235.5L212.5 147.5C205.1 142.1 195.8 142.8 188.3 147.1C180.7 151.3 176 159.3 176 168V168z\" \/><\/symbol><use xlink:href=\"#play\" \/><\/svg><\/p>\n<div class=\"right\" readability=\"7\">\n<p>Fernando Belastegu\u00edn<!-- --> &#8211;<!-- --> <span>&nbsp;<\/span><\/p>\n<h2 class=\"title-vid\">El \u00faltimo punto de Belastegu\u00edn en Argentina<\/h2>\n<\/div>\n<\/div>\n<p><span class=\"back\" id=\"spanBackembedPAzcYP0c\"><\/span><\/div>\n<div class=\"custom-text \" readability=\"38\">\n<p>Una vez finalizado el encuentro, la gente le dio su merecida ovaci\u00f3n al mejor jugador de la historia. Adem\u00e1s, sus rivales tomaron el micr\u00f3fono y le dedicaron una palabras. \u00ab<strong>Bela es el p\u00e1del<\/strong>. Para mi sigue siendo el mejor. Tuve la suerte de compartir la pista con \u00e9l y vivir el d\u00eda a d\u00eda. Aprend\u00ed much\u00edsimo. <strong>Cuando entr\u00e9 a la cancha me temblaban las piernas<\/strong>\u00ab, coment\u00f3 Tapia.<\/p>\n<\/div>\n<div class=\"custom-text \" readability=\"38\">\n<p>Luego fue el turno del espa\u00f1ol Coello, quien se\u00f1al\u00f3: \u00abSiempre dese\u00e9 competir y jugar con \u00e9l. Conoc\u00ed el p\u00e1del y era el n\u00famero uno, y a d\u00eda de hoy sigue siendo esa leyenda viva que da guerra y nos hace pelear hasta el m\u00e1ximo. <strong>Sab\u00edamos que pod\u00edamos perder tranquilamente<\/strong>, con lo cual eso dice lo que es: una persona incre\u00edble\u00bb.<\/p>\n<\/div>\n<div class=\"sc-e7b891c4-0 jPbnQF\"><img alt=\"El abrazo de Bela con Tapia y Coello. (@premierpadel)\" src=\"http:\/\/hoycordobaweb.com\/wp-content\/uploads\/2024\/05\/exclusivo-ole-el-ultimo-punto-de-la-carrera-de-fernando-belasteguin-en-argentina-2.jpg\" width=\"720\" height=\"100\" decoding=\"async\" data-nimg=\"future\" loading=\"lazy\"><span class=\"epigraphe\">El abrazo de Bela con Tapia y Coello. (@premierpadel)<\/span><\/div>\n<div class=\"custom-text \" readability=\"42\">\n<p>Finalmente, Belastegu\u00edn tom\u00f3 la palabra y, <strong>entre l\u00e1grimas<\/strong>, solt\u00f3: \u00abCuando empec\u00e9, los n\u00famero uno eran Lasaigues y Gattiker, una pareja que nos ense\u00f1\u00f3 mucho a los que ven\u00edamos de atr\u00e1s. Hoy me voy en mi \u00faltimo torneo en Argentina, <strong>con la casualidad de que yo debut\u00e9 ac\u00e1 en Mar del Plata<\/strong>, en febrero de 1995&#8243;.<\/p>\n<\/div>\n<div class=\"custom-text \" readability=\"41\">\n<p>\u00abEstos dos (Tapia y Coello) son unos fen\u00f3menos y yo solo los tuve que acompa\u00f1ar. De no ser por ellos, <strong>hubiera sido imposible tener un final como el que tuve<\/strong>. Me voy con una tranquilidad muy grande, aunque s\u00e9 que el domingo <strong>el torneo me quiere hacer un homenaje<\/strong>. Voy a estar ac\u00e1 y hablar\u00e9 con todos, pero hoy me voy feliz. Parece que fue un cuento poder jugar mi \u00faltimo partido en Argentina con Arturo y Agust\u00edn, que no solamente los quiero yo, los quiere toda mi familia. Me voy muy contento\u00bb, cerr\u00f3 el m\u00faltiple campe\u00f3n.<\/p>\n<\/div>\n<p><h2><strong>La respuesta del hist\u00f3rico Belastegu\u00edn a Ol\u00e9<\/strong><\/h2>\n<\/p>\n<div class=\"custom-text \" readability=\"40\">\n<p>\u00ab<strong>No cambiar\u00eda nada, ni los aciertos ni los errores que tuve en mi carrera<\/strong>. Yo creo que las decisiones que tom\u00e9 a lo largo de mi vida profesional siempre fueron pensadas. Tampoco cambiar\u00eda tener 20 a\u00f1os menos para poder aprovechar las posibilidades econ\u00f3micas que hoy te da el deporte. Me quedo tranquilo y disfruto much\u00edsimo el momento. Arranqu\u00e9 en un p\u00e1del profesional y ahora es otro totalmente distinto. Estoy muy feliz de ver d\u00f3nde est\u00e1. <strong>Nunca jugu\u00e9 por plata, si no por ganar torneos<\/strong>. Es lo que me aliment\u00f3 por much\u00edsimas \u00e9pocas y es lo que me alimenta hoy. En el fondo sigo yendo a entrenar porque <strong>sigo teniendo esa peque\u00f1a esperanza<\/strong>\u00ab, le respondi\u00f3 a <strong>Ol\u00e9<\/strong>,<strong> <\/strong>m\u00e1s tarde, en la conferencia de prensa.<\/p>\n<\/div>\n<div type=\"embed\" class=\"sc-3f46f5ae-0 djVTgz\">\n<div class=\"sc-3f46f5ae-1 fTjZec videoText\" id=\"contentTitleembed38NKmjD1\" type=\"embed\" readability=\"56\"><svg fill=\"#ffffff\"><symbol id=\"play\" viewBox=\"0 0 512 512\"><path d=\"M512 256C512 397.4 397.4 512 256 512C114.6 512 0 397.4 0 256C0 114.6 114.6 0 256 0C397.4 0 512 114.6 512 256zM176 168V344C176 352.7 180.7 360.7 188.3 364.9C195.8 369.2 205.1 369 212.5 364.5L356.5 276.5C363.6 272.1 368 264.4 368 256C368 247.6 363.6 239.9 356.5 235.5L212.5 147.5C205.1 142.1 195.8 142.8 188.3 147.1C180.7 151.3 176 159.3 176 168V168z\" \/><\/symbol><use xlink:href=\"#play\" \/><\/svg><\/p>\n<div class=\"right\" readability=\"7\">\n<p>Fernando Belastegu\u00edn<!-- --> &#8211;<!-- --> <span>&nbsp;<\/span><\/p>\n<h2 class=\"title-vid\">Fernando Belastegu\u00edn le respondi\u00f3 a Ol\u00e9 en el Mar del Plata Premier Padel P1<\/h2>\n<\/div>\n<\/div>\n<p><span class=\"back\" id=\"spanBackembed38NKmjD1\"><\/span><\/div>\n<p><h2><strong>Cu\u00e1ndo se juegan y c\u00f3mo ver las semis del Mar del Plata Premier Padel P1<\/strong><\/h2>\n<\/p>\n<div class=\"custom-text \" readability=\"36.885085574572\">\n<p>Tapia y Coello jugar\u00e1n ante Miguel Yanguas y Javier Garrido <strong>este s\u00e1bado<\/strong> (las semi arrancan a las 16) y el partido se podr\u00e1 ver en vivo por <strong>Star+<\/strong>, al igual que todo el torneo. Tambi\u00e9n habr\u00e1 acci\u00f3n de <strong><a href=\"https:\/\/www.ole.com.ar\/tema\/wwSZ8JbKAf.html\" title=\"Delfina Brea\" alt=\"Delfina Brea\">Delfina Brea<\/a><\/strong> y Beatriz Gonz\u00e1lez, quienes vencieron en cuartos a Marta Ortega Gallardo y Ver\u00f3nica Virseda por 4-6, 6-1 y 6-3 para clasificarse a la siguiente instancia (todav\u00eda esperan por sus rivales).<\/p>\n<\/div>\n<div class=\"sc-e7b891c4-0 jPbnQF\"><img alt=\"Belastegu\u00edn, el mejor de la historia. (@premierpadel)\" src=\"http:\/\/hoycordobaweb.com\/wp-content\/uploads\/2024\/05\/exclusivo-ole-el-ultimo-punto-de-la-carrera-de-fernando-belasteguin-en-argentina-3.jpg\" width=\"720\" height=\"100\" decoding=\"async\" data-nimg=\"future\" loading=\"lazy\"><span class=\"epigraphe\">Belastegu\u00edn, el mejor de la historia. (@premierpadel)<\/span><\/div>\n<div class=\"sc-a7166897-0 exHLBh\" readability=\"6\">\n<section readability=\"2\"><picture><img alt=\"Belastegu\u00edn gan\u00f3 un partidazo en el Premier Padel Mar del Plata y a\u00fan no se va\" src=\"http:\/\/hoycordobaweb.com\/wp-content\/uploads\/2024\/05\/exclusivo-ole-el-ultimo-punto-de-la-carrera-de-fernando-belasteguin-en-argentina-4.jpg\" width=\"290\" height=\"290\" decoding=\"async\" data-nimg=\"future\" loading=\"lazy\"><\/picture>\n<p><span>Mir\u00e1 tambi\u00e9n<\/span><\/p>\n<hr>\n<h3>Belastegu\u00edn gan\u00f3 un partidazo en el Premier Padel Mar del Plata y a\u00fan no se va<\/h3>\n<\/p>\n<\/section>\n<\/div>\n<div class=\"sc-a7166897-0 exHLBh\" readability=\"6\">\n<section readability=\"2\"><picture><img alt=\"Apareci\u00f3 Tevez tras irse del Rojo y \u00bfqu\u00e9 hizo cuando le pidieron volver a Boca?\" src=\"http:\/\/hoycordobaweb.com\/wp-content\/uploads\/2024\/05\/exclusivo-ole-el-ultimo-punto-de-la-carrera-de-fernando-belasteguin-en-argentina-5.jpg\" width=\"290\" height=\"290\" decoding=\"async\" data-nimg=\"future\" loading=\"lazy\"><\/picture>\n<p><span>Mir\u00e1 tambi\u00e9n<\/span><\/p>\n<hr>\n<h3>Apareci\u00f3 Tevez tras irse del Rojo y \u00bfqu\u00e9 hizo cuando le pidieron volver a Boca?<\/h3>\n<\/p>\n<\/section>\n<\/div>\n<div class=\"sc-a7166897-0 exHLBh\" readability=\"6\">\n<section readability=\"2\"><picture><img alt=\"Rom\u00e1n Burruchaga disputar\u00e1 el cuadro principal de Roland Garros\" src=\"http:\/\/hoycordobaweb.com\/wp-content\/uploads\/2024\/05\/exclusivo-ole-el-ultimo-punto-de-la-carrera-de-fernando-belasteguin-en-argentina-6.jpg\" width=\"290\" height=\"290\" decoding=\"async\" data-nimg=\"future\" loading=\"lazy\"><\/picture>\n<p><span>Mir\u00e1 tambi\u00e9n<\/span><\/p>\n<hr>\n<h3>Rom\u00e1n Burruchaga disputar\u00e1 el cuadro principal de Roland Garros<\/h3>\n<\/p>\n<\/section>\n<\/div>\n<\/div>\n","protected":false},"excerpt":{"rendered":"<p>24\/05\/2024 19:09hs. Actualizado al 24\/05\/2024 19:48hs. Fernando Belastegu\u00edn le puso punto final a su carrera en Argentina luego de caer en los cuartos del Mar del Plata Premier P\u00e1del P1 ante Arturo Coello y Agust\u00edn Tapia, la mejor dupla del momento, por 6-3 y 6-1. Con 45 a\u00f1os, quien segu\u00eda siendo parte del Top 10 [&hellip;]<\/p>\n","protected":false},"author":1,"featured_media":78022,"comment_status":"open","ping_status":"closed","sticky":false,"template":"","format":"standard","meta":[],"categories":[16],"tags":[],"_links":{"self":[{"href":"http:\/\/hoycordobaweb.com\/index.php\/wp-json\/wp\/v2\/posts\/78021"}],"collection":[{"href":"http:\/\/hoycordobaweb.com\/index.php\/wp-json\/wp\/v2\/posts"}],"about":[{"href":"http:\/\/hoycordobaweb.com\/index.php\/wp-json\/wp\/v2\/types\/post"}],"author":[{"embeddable":true,"href":"http:\/\/hoycordobaweb.com\/index.php\/wp-json\/wp\/v2\/users\/1"}],"replies":[{"embeddable":true,"href":"http:\/\/hoycordobaweb.com\/index.php\/wp-json\/wp\/v2\/comments?post=78021"}],"version-history":[{"count":0,"href":"http:\/\/hoycordobaweb.com\/index.php\/wp-json\/wp\/v2\/posts\/78021\/revisions"}],"wp:featuredmedia":[{"embeddable":true,"href":"http:\/\/hoycordobaweb.com\/index.php\/wp-json\/wp\/v2\/media\/78022"}],"wp:attachment":[{"href":"http:\/\/hoycordobaweb.com\/index.php\/wp-json\/wp\/v2\/media?parent=78021"}],"wp:term":[{"taxonomy":"category","embeddable":true,"href":"http:\/\/hoycordobaweb.com\/index.php\/wp-json\/wp\/v2\/categories?post=78021"},{"taxonomy":"post_tag","embeddable":true,"href":"http:\/\/hoycordobaweb.com\/index.php\/wp-json\/wp\/v2\/tags?post=78021"}],"curies":[{"name":"wp","href":"https:\/\/api.w.org\/{rel}","templated":true}]}}