{"id":7801,"date":"2020-12-18T13:18:22","date_gmt":"2020-12-18T13:18:22","guid":{"rendered":"http:\/\/ladecimaweb.com\/?p=7672"},"modified":"2020-12-18T13:18:22","modified_gmt":"2020-12-18T13:18:22","slug":"covid-19-en-cordoba-recomiendan-testearse-antes-de-las-fiestas-y-trasladan-los-centros-de-analisis","status":"publish","type":"post","link":"http:\/\/hoycordobaweb.com\/index.php\/2020\/12\/18\/covid-19-en-cordoba-recomiendan-testearse-antes-de-las-fiestas-y-trasladan-los-centros-de-analisis\/","title":{"rendered":"Covid-19 en C\u00f3rdoba: recomiendan testearse antes de las fiestas y trasladan los centros de an\u00e1lisis"},"content":{"rendered":"<p>La Provincia informa que a\u00a0partir de la semana que viene los\u00a0centros de testeos\u00a0de las escuelas Manuel Belgrano, Benjam\u00edn Matienzo y Catamarca\u00a0<b>se trasladar\u00e1n a la Plaza San Mart\u00edn, en plaza V\u00e9lez Sarsfield -frente al Patio Olmos- y Parque de las Naciones Unidas<\/b>.<\/p>\n<p>Estos puntos se pensaron como una manera estrat\u00e9gica de <strong>facilitar el acceso al testeo para todas aquellas personas que quieran pasar las fiestas de manera segura<\/strong>.<\/p>\n<p>Es importante que quienes presenten s\u00edntomas o quienes tienen factores de riesgo ante el virus \u2013enfermedades prevalentes-,\u00a0<strong>eviten asistir a reuniones.<\/strong><\/p>\n<p>En este sentido,\u00a0<strong>se recomienda\u00a0<\/strong>\u2013se presente o no s\u00edntomas-\u00a0<strong>realizarse testeos antes y despu\u00e9s de cada fiesta para evitar contagios en ese per\u00edodo.<\/strong><\/p>\n<p>Cabe resaltar que\u00a0<strong>es importante testearse debido a que es la \u00fanica manera de confirmar<\/strong>\u00a0que se est\u00e1 cursando la enfermedad por Covid-19.<\/p>\n<p><strong>Vale destacar que un 30% de las personas pueden cursar la infecci\u00f3n de manera asintom\u00e1tica<\/strong>\u00a0sin embargo pueden transmitir la enfermedad.<\/p>\n<div class=\"ubm_banner\"><a href=\"https:\/\/www.cba.gov.ar\/\" target=\"_blank\" rel=\"dofollow noopener noreferrer\"><img src=\"http:\/\/hoycordobaweb.com\/wp-content\/uploads\/2020\/12\/covid-19-en-cordoba-recomiendan-testearse-antes-de-las-fiestas-y-trasladan-los-centros-de-analisis.gif\" alt=\"\"><\/a><\/div>\n<p>La entrada <a rel=\"nofollow\" href=\"https:\/\/ladecimaweb.com\/covid-19-en-cordoba-recomiendan-testearse-antes-de-las-fiestas-y-trasladan-los-centros-de-analisis\/\">Covid-19 en C\u00f3rdoba: recomiendan testearse antes de las fiestas y trasladan los centros de an\u00e1lisis<\/a> se public\u00f3 primero en <a rel=\"nofollow\" href=\"https:\/\/ladecimaweb.com\">LaDecima<\/a>.<\/p>\n","protected":false},"excerpt":{"rendered":"<p>La Provincia informa que a\u00a0partir de la semana que viene los\u00a0centros de testeos\u00a0de las escuelas Manuel Belgrano, Benjam\u00edn Matienzo y Catamarca\u00a0se trasladar\u00e1n a la Plaza San Mart\u00edn, en plaza V\u00e9lez Sarsfield -frente al Patio Olmos- y Parque de las Naciones Unidas. Estos puntos se pensaron como una manera estrat\u00e9gica de facilitar el acceso al testeo [&hellip;]<\/p>\n","protected":false},"author":1,"featured_media":7802,"comment_status":"closed","ping_status":"closed","sticky":false,"template":"","format":"standard","meta":[],"categories":[19],"tags":[],"_links":{"self":[{"href":"http:\/\/hoycordobaweb.com\/index.php\/wp-json\/wp\/v2\/posts\/7801"}],"collection":[{"href":"http:\/\/hoycordobaweb.com\/index.php\/wp-json\/wp\/v2\/posts"}],"about":[{"href":"http:\/\/hoycordobaweb.com\/index.php\/wp-json\/wp\/v2\/types\/post"}],"author":[{"embeddable":true,"href":"http:\/\/hoycordobaweb.com\/index.php\/wp-json\/wp\/v2\/users\/1"}],"replies":[{"embeddable":true,"href":"http:\/\/hoycordobaweb.com\/index.php\/wp-json\/wp\/v2\/comments?post=7801"}],"version-history":[{"count":0,"href":"http:\/\/hoycordobaweb.com\/index.php\/wp-json\/wp\/v2\/posts\/7801\/revisions"}],"wp:featuredmedia":[{"embeddable":true,"href":"http:\/\/hoycordobaweb.com\/index.php\/wp-json\/wp\/v2\/media\/7802"}],"wp:attachment":[{"href":"http:\/\/hoycordobaweb.com\/index.php\/wp-json\/wp\/v2\/media?parent=7801"}],"wp:term":[{"taxonomy":"category","embeddable":true,"href":"http:\/\/hoycordobaweb.com\/index.php\/wp-json\/wp\/v2\/categories?post=7801"},{"taxonomy":"post_tag","embeddable":true,"href":"http:\/\/hoycordobaweb.com\/index.php\/wp-json\/wp\/v2\/tags?post=7801"}],"curies":[{"name":"wp","href":"https:\/\/api.w.org\/{rel}","templated":true}]}}