{"id":78001,"date":"2024-05-24T17:59:50","date_gmt":"2024-05-24T17:59:50","guid":{"rendered":"https:\/\/ahora.com.ar\/show\/designaron-lourdes-sanchez-al-frente-un-teatro-corrientes-n5372981"},"modified":"2024-05-24T17:59:50","modified_gmt":"2024-05-24T17:59:50","slug":"designaron-a-lourdes-sanchez-al-frente-de-un-teatro-en-corrientes","status":"publish","type":"post","link":"http:\/\/hoycordobaweb.com\/index.php\/2024\/05\/24\/designaron-a-lourdes-sanchez-al-frente-de-un-teatro-en-corrientes\/","title":{"rendered":"Designaron a Lourdes S\u00e1nchez al frente de un teatro en Corrientes"},"content":{"rendered":"<div><img src=\"http:\/\/hoycordobaweb.com\/wp-content\/uploads\/2024\/05\/designaron-a-lourdes-sanchez-al-frente-de-un-teatro-en-corrientes.png\" class=\"ff-og-image-inserted\"><\/div>\n<div id>\n<div class=\"article-body__info-wrapper\"><span class=\"article-body__date\"> <time datetime=\"2024-05-24T17:59:50.000Z\">24 de mayo de 2024 &#8211; 14:59<\/time><\/span> <\/div>\n<p><strong><a href=\"https:\/\/ahora.com.ar\/corrientes-a8918\" target=\"_blank\" rel=\"follow noopener noreferrer\">El gobernador de Corrientes, Gustavo Vald\u00e9s<\/a>,<\/strong> confirm\u00f3 este viernes a <strong>Lourdes S\u00e1nchez<\/strong> como<strong> directora del Teatro Juan de Vera<\/strong>. \u00abEl desaf\u00edo es darle modernidad al Teatro\u00bb, manifest\u00f3 el mandatario, quien recorri\u00f3 junto a la bailarina las instalaciones del edificio que se encuentra en refacci\u00f3n.<\/p>\n<\/div>\n<div id>\n<h2>Designaron a Lourdes S\u00e1nchez al frente de un teatro en Corrientes<\/h2>\n<p>En la visita, Vald\u00e9s afirm\u00f3 que <a href=\"https:\/\/ahora.com.ar\/corrientes-a8918\" target=\"_blank\" rel=\"follow noopener noreferrer\">la correntina Lourdes S\u00e1nchez<\/a> present\u00f3 su esquema de trabajo que fue analizado, antes de su designaci\u00f3n. \u00abLourdes realiz\u00f3 una propuesta interesante sobre la revalorizaci\u00f3n cultural y ella va a ser la Directora\u00bb, ratific\u00f3. <\/p>\n<\/div>\n<div id>\n<p>\u00abEla tendr\u00e1 a cargo todo lo que es la Direcci\u00f3n del Teatro y tambi\u00e9n de armar una agenda cultural conjuntamente con el equipo para que podamos volver a tener el esplendor en el teatro\u00bb.<\/p>\n<p>\u00abTenemos que potenciar esa maravilla y trabajarlo, ponerlo de pie nuevamente as\u00ed que es una inversi\u00f3n importante, es parte de los tesoros culturales que tiene la provincia de Corrientes\u00bb, expres\u00f3.<\/p>\n<p>\u00abPrincipalmente le plante\u00e9 que tenemos que sacar adelantete Teatro en conjunto. Es un desaf\u00edo muy importante en m\u00ed carrera*, expres\u00f3 Lourdes en di\u00e1logo con la prensa. <\/p>\n<p>\u00abHay que volver a posicionar al Teatro Vera c\u00f3mo uno de los m\u00e1s importantes del pa\u00eds. Tiene que existir una buena agenda de espect\u00e1culos y adem\u00e1s que sea un lugar para ense\u00f1ar\u00bb, manifest\u00f3.<\/p>\n<p>Fuente: <em>Rosario Dos<\/em><\/p>\n<\/p><\/div>\n","protected":false},"excerpt":{"rendered":"<p>24 de mayo de 2024 &#8211; 14:59 El gobernador de Corrientes, Gustavo Vald\u00e9s, confirm\u00f3 este viernes a Lourdes S\u00e1nchez como directora del Teatro Juan de Vera. \u00abEl desaf\u00edo es darle modernidad al Teatro\u00bb, manifest\u00f3 el mandatario, quien recorri\u00f3 junto a la bailarina las instalaciones del edificio que se encuentra en refacci\u00f3n. Designaron a Lourdes S\u00e1nchez [&hellip;]<\/p>\n","protected":false},"author":1,"featured_media":78002,"comment_status":"closed","ping_status":"closed","sticky":false,"template":"","format":"standard","meta":[],"categories":[10,23],"tags":[],"_links":{"self":[{"href":"http:\/\/hoycordobaweb.com\/index.php\/wp-json\/wp\/v2\/posts\/78001"}],"collection":[{"href":"http:\/\/hoycordobaweb.com\/index.php\/wp-json\/wp\/v2\/posts"}],"about":[{"href":"http:\/\/hoycordobaweb.com\/index.php\/wp-json\/wp\/v2\/types\/post"}],"author":[{"embeddable":true,"href":"http:\/\/hoycordobaweb.com\/index.php\/wp-json\/wp\/v2\/users\/1"}],"replies":[{"embeddable":true,"href":"http:\/\/hoycordobaweb.com\/index.php\/wp-json\/wp\/v2\/comments?post=78001"}],"version-history":[{"count":0,"href":"http:\/\/hoycordobaweb.com\/index.php\/wp-json\/wp\/v2\/posts\/78001\/revisions"}],"wp:featuredmedia":[{"embeddable":true,"href":"http:\/\/hoycordobaweb.com\/index.php\/wp-json\/wp\/v2\/media\/78002"}],"wp:attachment":[{"href":"http:\/\/hoycordobaweb.com\/index.php\/wp-json\/wp\/v2\/media?parent=78001"}],"wp:term":[{"taxonomy":"category","embeddable":true,"href":"http:\/\/hoycordobaweb.com\/index.php\/wp-json\/wp\/v2\/categories?post=78001"},{"taxonomy":"post_tag","embeddable":true,"href":"http:\/\/hoycordobaweb.com\/index.php\/wp-json\/wp\/v2\/tags?post=78001"}],"curies":[{"name":"wp","href":"https:\/\/api.w.org\/{rel}","templated":true}]}}