{"id":77983,"date":"2024-05-23T22:10:14","date_gmt":"2024-05-23T22:10:14","guid":{"rendered":"https:\/\/www.ole.com.ar\/futbol-internacional\/mls\/ex-boca-puede-marcar-messi-sabado-andres-cubas-vancouver-whitecaps-mls-inter-miami_0_wBcJRHk9U8.html"},"modified":"2024-05-23T22:10:14","modified_gmt":"2024-05-23T22:10:14","slug":"el-ex-boca-que-puede-marcar-a-messi-el-sabado","status":"publish","type":"post","link":"http:\/\/hoycordobaweb.com\/index.php\/2024\/05\/23\/el-ex-boca-que-puede-marcar-a-messi-el-sabado\/","title":{"rendered":"El ex Boca que puede marcar a Messi el s\u00e1bado"},"content":{"rendered":"<p><img src=\"http:\/\/hoycordobaweb.com\/wp-content\/uploads\/2024\/05\/el-ex-boca-que-puede-marcar-a-messi-el-sabado.jpg\"><\/p>\n<p><time class=\"createDate\" datetime=\"2024-05-23T19:10:14-03:00\">23\/05\/2024 19:10hs.<\/time><\/p>\n<div id=\"storyBody\">\n<div class=\"custom-text \" readability=\"31.514223194748\">\n<p>En una nueva jornada de la <a href=\"https:\/\/www.ole.com.ar\/tema\/major-league-soccer.html\" title=\"Major League Soccer\" alt=\"Major League Soccer\" class=\"slug\">Major League Soccer<\/a>, el <a href=\"https:\/\/www.ole.com.ar\/tema\/inter-miami.html\" title=\"Inter Miami\" alt=\"Inter Miami\" class=\"slug\">Inter Miami<\/a> de <a href=\"https:\/\/www.ole.com.ar\/tema\/lionel-messi.html\" title=\"Lionel Messi\" alt=\"Lionel Messi\" class=\"slug\">Lionel Messi<\/a> y compa\u00f1\u00eda se subir\u00e1 a un avi\u00f3n rumbo a Canad\u00e1 para enfrentarse al <strong><a href=\"https:\/\/www.ole.com.ar\/tema\/vancouver-whitecaps.html\" title=\"Vancouver Whitecaps\" alt=\"Vancouver Whitecaps\" class=\"slug\">Vancouver Whitecaps<\/a>, equipo con un ex <a href=\"https:\/\/www.ole.com.ar\/tema\/boca-juniors.html\" title=\"Boca Juniors\" alt=\"Boca Juniors\" class=\"slug\">Boca <\/a>entre sus filas que deber\u00e1 sufrir la odisea de marcar al mejor de todos los tiempos<\/strong>. Se trata de<strong> <a href=\"https:\/\/www.ole.com.ar\/tema\/andres-cubas.html\" title=\"Andr\u00e9s Cubas\" alt=\"Andr\u00e9s Cubas\" class=\"slug\">Andr\u00e9s Cubas<\/a><\/strong>, volante central surgido en el ri\u00f1\u00f3n del Xeneize y que ya lleva m\u00e1s de dos a\u00f1os en la franquicia canadiense que juega en la liga de Estados Unidos.<\/p>\n<\/div>\n<div class=\"custom-text \" readability=\"35.52\">\n<p>El equipo dirigido por <a href=\"https:\/\/www.ole.com.ar\/tema\/gerardo-martino.html\" title=\"Gerardo Martino\" alt=\"Gerardo Martino\" class=\"slug\">Gerardo Martino<\/a> se medir\u00e1 ante los Caps el <strong>s\u00e1bado desde las 23:30 (hora Argentina)<\/strong> en el <strong>Estadio BC Place <\/strong>de la Columbia Brit\u00e1nica, con un objetivo claro: deben ganar para seguir en la cima del campeonato norteamericano y cerrar una primera mitad de a\u00f1o que ofrezca ilusiones de campe\u00f3n,<strong> idea nada descabellada teniendo a la Pulga entre sus filas<\/strong>.<\/p>\n<\/div>\n<div class=\"sc-e7b891c4-0 jPbnQF\"><img alt=\"Cubas ya se enfrent\u00f3 a Messi con la selecci\u00f3n paraguaya.\" src=\"http:\/\/hoycordobaweb.com\/wp-content\/uploads\/2024\/05\/el-ex-boca-que-puede-marcar-a-messi-el-sabado-2.jpg\" width=\"720\" height=\"100\" decoding=\"async\" data-nimg=\"future\" loading=\"lazy\"><span class=\"epigraphe\">Cubas ya se enfrent\u00f3 a Messi con la selecci\u00f3n paraguaya.<\/span><\/div>\n<p><h2>La carrera de Cubitas<\/h2>\n<\/p>\n<div class=\"custom-text \" readability=\"33.63202247191\">\n<p>Adri\u00e1n Andr\u00e9s Cubas hizo Inferiores en el club de la Ribera, en el que <strong>lleg\u00f3 a la Primera el 4 de mayo de 2014 contra <a href=\"https:\/\/www.ole.com.ar\/tema\/all-boys.html\" title=\"All Boys\" alt=\"All Boys\" class=\"slug\">All Boys<\/a>, cuando apenas ten\u00eda 17 a\u00f1os<\/strong>. R\u00e1pidamente, destac\u00f3 por su capacidad de recuperaci\u00f3n y gran despliegue f\u00edsico; como titular, obtuvo el campeonato de <strong><a href=\"https:\/\/www.ole.com.ar\/tema\/primera-division.html\" title=\"Primera Divisi\u00f3n\" alt=\"Primera Divisi\u00f3n\" class=\"slug\">Primera Divisi\u00f3n argentino<\/a> <\/strong>del <strong>2015 <\/strong>y la<strong> <a href=\"https:\/\/www.ole.com.ar\/tema\/copa-argentina.html\" title=\"Copa Argentina\" alt=\"Copa Argentina\" class=\"slug\">Copa Argentina<\/a><\/strong> del mismo a\u00f1o.<\/p>\n<\/div>\n<div class=\"custom-text \" readability=\"34.725848563969\">\n<p><strong>Sus buenos rendimientos le valieron su primer paso por Europa<\/strong>, emigrando en condici\u00f3n de pr\u00e9stamo al <strong><a href=\"https:\/\/www.ole.com.ar\/tema\/pescara.html\" title=\"Pescara\" alt=\"Pescara\" class=\"slug\">Pescara<\/a> <\/strong>italiano, en donde solamente jug\u00f3 un partido. En su vuelta al club azul y oro no tuvo lugar y termin\u00f3 cedido en dos ocasiones a <strong><a href=\"https:\/\/www.ole.com.ar\/tema\/defensa-y-justicia.html\" title=\"Defensa y Justicia\" alt=\"Defensa y Justicia\" class=\"slug\">Defensa y Justicia<\/a><\/strong> y <strong><a href=\"https:\/\/www.ole.com.ar\/tema\/talleres-de-cordoba.html\" title=\"Talleres de C\u00f3rdoba\" alt=\"Talleres de C\u00f3rdoba\" class=\"slug\">Talleres<\/a><\/strong>; <strong>particularmente en el bando cordob\u00e9s, Cubas levant\u00f3 el nivel y se gan\u00f3 un segundo viaje al Viejo Continente.<\/strong><\/p>\n<\/div>\n<div class=\"custom-text \" readability=\"37.436201780415\">\n<p>En el 2020, en medio del contexto de pandemia, <strong>Cubitas emigr\u00f3 al <a href=\"https:\/\/www.ole.com.ar\/tema\/nimes.html\" title=\"Nimes\" alt=\"Nimes\" class=\"slug\">Nimes <\/a>franc\u00e9s y all\u00ed vio uno de los mejores per\u00edodos de su carrera<\/strong>: en los dos a\u00f1os que estuvo en el club jug\u00f3 50 partidos con su mejor registro goleador. En los Cocodrilos anot\u00f3 dos goles y logr\u00f3 tres asistencias, <strong>m\u00e1s que con cualquier otra camiseta que visti\u00f3<\/strong>.<\/p>\n<\/div>\n<div class=\"custom-text \" readability=\"39\">\n<p>A principios de 2022, el volante abandon\u00f3 Francia para jugar en la MLS, llegando al club en el que milita a d\u00eda de hoy. En los 71 partidos que lleva en el equipo blanquiceleste de Canad\u00e1, el ex Boca se gan\u00f3 la titularidad de forma casi indiscutida y <strong>registra los mejores n\u00fameros defensivos de su equipo, ubic\u00e1ndose en el top 3 de mejores recuperadores de toda la liga.<\/strong><\/p>\n<\/div>\n<div class=\"sc-e7b891c4-0 jPbnQF\"><img alt=\"Cubas destac\u00f3 por su pegada y el cari\u00f1o del pueblo xeneize, que espera por su vuelta.\" src=\"http:\/\/hoycordobaweb.com\/wp-content\/uploads\/2024\/05\/el-ex-boca-que-puede-marcar-a-messi-el-sabado-3.jpg\" width=\"720\" height=\"100\" decoding=\"async\" data-nimg=\"future\" loading=\"lazy\"><span class=\"epigraphe\">Cubas destac\u00f3 por su pegada y el cari\u00f1o del pueblo xeneize, que espera por su vuelta.<\/span><\/div>\n<p><h2>C\u00f3mo llegan Messi y los suyos<\/h2>\n<\/p>\n<div class=\"custom-text \" readability=\"38.1\">\n<p>Las Garzas de Miami atraviesan un gran momento en Norteam\u00e9rica, en d\u00f3nde sobrevuelan a todos sus rivales desde la cima de la tabla, con un Lionel Messi que parece brillar m\u00e1s a cada partido. Desde la eliminaci\u00f3n de la Concachampions a manos del <a href=\"https:\/\/www.ole.com.ar\/tema\/monterrey.html\" title=\"Monterrey\" alt=\"Monterrey\" class=\"slug\">Monterrey<\/a>, <strong>los de rosa llevan siete partidos invictos, en los que anotaron 20 goles y solamente vieron su arco vencido en ocho oportunidades.<\/strong><\/p>\n<\/div>\n<div class=\"custom-text \" readability=\"32.19209039548\">\n<p>El capit\u00e1n de la <a href=\"https:\/\/www.ole.com.ar\/tema\/seleccion-argentina.html\" title=\"Selecci\u00f3n Argentina\" alt=\"Selecci\u00f3n Argentina\" class=\"slug\">Selecci\u00f3n Argentina<\/a> se ubica en la <strong>tercera posici\u00f3n de la tabla de goleadores<\/strong> con diez tantos y<strong> lidera el ranking de asistidores junto a <a href=\"https:\/\/www.ole.com.ar\/tema\/luciano-acosta.html\" title=\"Luciano Acosta\" alt=\"Luciano Acosta\" class=\"slug\">Luciano Acosta<\/a><\/strong>, ambos con nueve pases gol acertados. El Diez no pudo jugar el cl\u00e1sico de Florida contra el <a href=\"https:\/\/www.ole.com.ar\/tema\/orlando-city.html\" title=\"Orlando City\" alt=\"Orlando City\" class=\"slug\">Orlando City<\/a>, pero intentar\u00e1 volver a las redes luego de dos encuentros sin anotaciones.<\/p>\n<\/div>\n<div class=\"sc-e7b891c4-0 jPbnQF\"><img alt=\"La Pulga pasa por un momento fant\u00e1stico, tanto desde lo grupal como lo individual.\" src=\"http:\/\/hoycordobaweb.com\/wp-content\/uploads\/2024\/05\/el-ex-boca-que-puede-marcar-a-messi-el-sabado-4.jpg\" width=\"720\" height=\"100\" decoding=\"async\" data-nimg=\"future\" loading=\"lazy\"><span class=\"epigraphe\">La Pulga pasa por un momento fant\u00e1stico, tanto desde lo grupal como lo individual.<\/span><\/div>\n<div class=\"sc-a7166897-0 exHLBh\" readability=\"6\">\n<section readability=\"2\"><picture><img alt=\"Copa Am\u00e9rica 2024: las listas de convocados\" src=\"http:\/\/hoycordobaweb.com\/wp-content\/uploads\/2024\/05\/el-ex-boca-que-puede-marcar-a-messi-el-sabado-5.jpg\" width=\"290\" height=\"290\" decoding=\"async\" data-nimg=\"future\" loading=\"lazy\"><\/picture>\n<p><span>Mir\u00e1 tambi\u00e9n<\/span><\/p>\n<hr>\n<h3>Copa Am\u00e9rica 2024: las listas de convocados<\/h3>\n<\/p>\n<\/section>\n<\/div>\n<div class=\"sc-a7166897-0 exHLBh\" readability=\"6\">\n<section readability=\"2\"><picture><img alt=\"Video: abrieron las puertas para ver entrenar a Messi\" src=\"http:\/\/hoycordobaweb.com\/wp-content\/uploads\/2024\/05\/el-ex-boca-que-puede-marcar-a-messi-el-sabado-6.jpg\" width=\"290\" height=\"290\" decoding=\"async\" data-nimg=\"future\" loading=\"lazy\"><\/picture>\n<p><span>Mir\u00e1 tambi\u00e9n<\/span><\/p>\n<hr>\n<h3>Video: abrieron las puertas para ver entrenar a Messi<\/h3>\n<\/p>\n<\/section>\n<\/div>\n<div class=\"sc-a7166897-0 exHLBh\" readability=\"6.5\">\n<section readability=\"3\"><picture><img alt=\"Beckham: la diapositiva que anticip\u00f3 lo de Messi y el deseo expl\u00edcito de Leo de a\u00f1os atr\u00e1s\" src=\"http:\/\/hoycordobaweb.com\/wp-content\/uploads\/2024\/05\/el-ex-boca-que-puede-marcar-a-messi-el-sabado-7.jpg\" width=\"290\" height=\"290\" decoding=\"async\" data-nimg=\"future\" loading=\"lazy\"><\/picture>\n<p><span>Mir\u00e1 tambi\u00e9n<\/span><\/p>\n<hr>\n<h3>Beckham: la diapositiva que anticip\u00f3 lo de Messi y el deseo expl\u00edcito de Leo de a\u00f1os atr\u00e1s<\/h3>\n<\/p>\n<\/section>\n<\/div>\n<\/div>\n","protected":false},"excerpt":{"rendered":"<p>23\/05\/2024 19:10hs. En una nueva jornada de la Major League Soccer, el Inter Miami de Lionel Messi y compa\u00f1\u00eda se subir\u00e1 a un avi\u00f3n rumbo a Canad\u00e1 para enfrentarse al Vancouver Whitecaps, equipo con un ex Boca entre sus filas que deber\u00e1 sufrir la odisea de marcar al mejor de todos los tiempos. Se trata [&hellip;]<\/p>\n","protected":false},"author":1,"featured_media":77984,"comment_status":"open","ping_status":"closed","sticky":false,"template":"","format":"standard","meta":[],"categories":[16],"tags":[],"_links":{"self":[{"href":"http:\/\/hoycordobaweb.com\/index.php\/wp-json\/wp\/v2\/posts\/77983"}],"collection":[{"href":"http:\/\/hoycordobaweb.com\/index.php\/wp-json\/wp\/v2\/posts"}],"about":[{"href":"http:\/\/hoycordobaweb.com\/index.php\/wp-json\/wp\/v2\/types\/post"}],"author":[{"embeddable":true,"href":"http:\/\/hoycordobaweb.com\/index.php\/wp-json\/wp\/v2\/users\/1"}],"replies":[{"embeddable":true,"href":"http:\/\/hoycordobaweb.com\/index.php\/wp-json\/wp\/v2\/comments?post=77983"}],"version-history":[{"count":0,"href":"http:\/\/hoycordobaweb.com\/index.php\/wp-json\/wp\/v2\/posts\/77983\/revisions"}],"wp:featuredmedia":[{"embeddable":true,"href":"http:\/\/hoycordobaweb.com\/index.php\/wp-json\/wp\/v2\/media\/77984"}],"wp:attachment":[{"href":"http:\/\/hoycordobaweb.com\/index.php\/wp-json\/wp\/v2\/media?parent=77983"}],"wp:term":[{"taxonomy":"category","embeddable":true,"href":"http:\/\/hoycordobaweb.com\/index.php\/wp-json\/wp\/v2\/categories?post=77983"},{"taxonomy":"post_tag","embeddable":true,"href":"http:\/\/hoycordobaweb.com\/index.php\/wp-json\/wp\/v2\/tags?post=77983"}],"curies":[{"name":"wp","href":"https:\/\/api.w.org\/{rel}","templated":true}]}}