{"id":77939,"date":"2024-05-22T21:24:48","date_gmt":"2024-05-22T21:24:48","guid":{"rendered":"https:\/\/www.ole.com.ar\/futbol-internacional\/argentinos-ganaron-europa-league_0_EZO1vUZfs5.html"},"modified":"2024-05-22T21:24:48","modified_gmt":"2024-05-22T21:24:48","slug":"todos-los-argentinos-que-salieron-campeones-de-la-europa-league","status":"publish","type":"post","link":"http:\/\/hoycordobaweb.com\/index.php\/2024\/05\/22\/todos-los-argentinos-que-salieron-campeones-de-la-europa-league\/","title":{"rendered":"Todos los argentinos que salieron campeones de la Europa League"},"content":{"rendered":"<p><img src=\"http:\/\/hoycordobaweb.com\/wp-content\/uploads\/2024\/05\/todos-los-argentinos-que-salieron-campeones-de-la-europa-league.jpg\"><\/p>\n<p><time class=\"createDate\" datetime=\"2024-05-22T18:24:48-03:00\">22\/05\/2024 18:24hs.<\/time><\/p>\n<div id=\"storyBody\">\n<div class=\"custom-text \" readability=\"37.456140350877\">\n<p>La historia entre Argentina y la <a href=\"https:\/\/www.ole.com.ar\/tema\/uefa-europa-league.html\" title=\"UEFA Europa League\" alt=\"UEFA Europa League\" class=\"slug\">Europa League<\/a> (anteriormente Copa de la UEFA) es igual o m\u00e1s estrella que la existente con la <a href=\"https:\/\/www.ole.com.ar\/tema\/champions-league.html\" title=\"Champions League\" alt=\"Champions League\" class=\"slug\">Champions League<\/a>, m\u00e1xima competencia del Viejo Continente. <strong>A lo largo m\u00e1s de 50 a\u00f1os de historia, 45 argentinos levantaron el trofeo.<\/strong> Y en la noche de Dublin,<strong> Juan Musso y Jos\u00e9 Luis Palomino hicieron historia con el Atalanta <\/strong>y sumaron su nombre a una lista que incluye nombres como el de Maradona, Zanetti, Ver\u00f3n y Ag\u00fcero.<\/p>\n<\/div>\n<p><h2><strong><em>Maradona, Ver\u00f3n, Palacios y los argentinos que ganaron la Europa League<\/em><\/strong><\/h2>\n<\/p>\n<div class=\"custom-text \" readability=\"42\">\n<p>El pionero fue <strong>Osvaldo Ardiles<\/strong>: en la temporada 1983\/84, mientras jugaba para el Tottenham, venci\u00f3 al Anderlecht de B\u00e9lgica en la tanda de penales. Las dos temporadas siguientes, <strong>Jorge Valdano<\/strong> se coron\u00f3 con el Real Madrid, anotando un total de tres goles: uno contra el Videoton de Hungr\u00eda en la 1984\/85 y dos contra el Colonia al a\u00f1o siguiente. Y, en la temporada 1988\/89,<strong> el Napoli de Diego Maradona se alz\u00f3 con el t\u00edtulo.<\/strong> El 10 anot\u00f3 un gol en la ida de la final frente al Stuttgart, en una serie que culmin\u00f3 5-3 a favor del Azzurri.<\/p>\n<\/div>\n<div class=\"custom-text \" readability=\"42\">\n<p>Ya en la d\u00e9cada de 1990, <strong>Roberto Sensini<\/strong> gan\u00f3 el certamen con el Parma (2-1 a la Juventus, en la edici\u00f3n 1994\/95). El Inter, en su coronaci\u00f3n de 1995 ante la Lazio (3-0), tuvo a dos argentinos:<strong> Javier Zanetti<\/strong> y <strong>Diego Simeone<\/strong>. Y nuevamente el Parma se coron\u00f3 en la temporada 1998\/99, 3-0 vs. Olympique de Marsella, pero con m\u00e1s argentinos en el plantel: a Sensini lo acompa\u00f1aron <strong>Juan Sebasti\u00e1n Ver\u00f3n, Hern\u00e1n Crespo<\/strong> (quien anot\u00f3 un gol) y <strong>Abel Balbo<\/strong>.<\/p>\n<\/div>\n<div class=\"custom-text \" readability=\"42\">\n<p><strong>Roberto Ayala, Pablo Aimar<\/strong> y <strong>Mauricio Pellegrino <\/strong>fueron los primeros campeones del Siglo XXI, cuando, jugando para el Valencia, derrotaron 3-0 al Olympique de Marsella, en la temporada 2003\/04. Dos a\u00f1os despu\u00e9s, <strong>Javier Saviola<\/strong> sali\u00f3 campe\u00f3n con el Sevilla, tras la victoria de 4-0 frente al Middlesbrough de Inglaterra.<\/p>\n<\/div>\n<div class=\"sc-e7b891c4-0 jPbnQF\"><img alt=\"Sensini, Ver\u00f3n y Crespo, protagonistas de un Parma hist\u00f3rico. \" src=\"http:\/\/hoycordobaweb.com\/wp-content\/uploads\/2024\/05\/todos-los-argentinos-que-salieron-campeones-de-la-europa-league-2.jpg\" width=\"720\" height=\"100\" decoding=\"async\" data-nimg=\"future\" loading=\"lazy\"><span class=\"epigraphe\">Sensini, Ver\u00f3n y Crespo, protagonistas de un Parma hist\u00f3rico. <\/span><\/div>\n<div class=\"custom-text \" readability=\"43\">\n<p>Tuvieron que pasar muchos a\u00f1os para que un argentino se vuelva a coronar en la Europa League, pero sin dudas que la del 2010 fue, sin dudas, la m\u00e1s exitosa. El Atl\u00e9tico Madrid, en la temporada 2009\/10 y con <strong>Sergio Ag\u00fcero<\/strong> y <strong>Eduardo Salvio<\/strong> dentro del plantel, gan\u00f3 el trofeo tras derrotar 2-1 al Fulham por 2 a 1. Al a\u00f1o siguiente,<strong> Nicol\u00e1s Otamendi<\/strong> y <strong>Fernando Belluschi <\/strong>se alzaron con el trofeo, luego de que el Porto venciera 1-0 al Sporting Braga. Y Toto repiti\u00f3 en la 2011\/12, luego de que el Colchonero de Simeone venciera 2-1 al Athletic Bilbao de Bielsa.<\/p>\n<\/div>\n<div class=\"custom-text \" readability=\"48\">\n<p><strong>Luego, durante 10 temporadas consecutivas, hubo consagraciones de futbolistas argentinos.<\/strong> En 2014 fue campe\u00f3n el Sevilla, que venci\u00f3 4-2 en la tanda de penales al Benfica, con Federico <strong>Fazio <\/strong>y Nicol\u00e1s <strong>Pareja <\/strong>como protagonistas. Los Blanquirrojos repitieron en 2015 y 2016, ante el Dnipro de Ucrania y el Liverpool, ya con \u00c9ver <strong>Banega <\/strong>en el equipo. En el 2017, el Manchester United de Sergio <strong>Romero <\/strong>y Marcos <strong>Rojo <\/strong>superaron 2-0 al Ajax. En el 2018, el Atl\u00e9tico de Madrid volvi\u00f3 a ser campe\u00f3n, al superar 3-0 al Marsella, con Axel <strong>Werner<\/strong>, Augusto <strong>Fern\u00e1ndez<\/strong>, Nicol\u00e1s <strong>Gait\u00e1n<\/strong>, \u00c1ngel <strong>Correa <\/strong>y Luciano <strong>Vietto<\/strong>.<\/p>\n<\/div>\n<div class=\"sc-e7b891c4-0 jPbnQF\"><img alt=\"El Kun, campe\u00f3n con el Atl\u00e9tico de Madrid en el Vicente Calder\u00f3n. (AFP)\" src=\"http:\/\/hoycordobaweb.com\/wp-content\/uploads\/2024\/05\/todos-los-argentinos-que-salieron-campeones-de-la-europa-league-3.jpg\" width=\"720\" height=\"100\" decoding=\"async\" data-nimg=\"future\" loading=\"lazy\"><span class=\"epigraphe\">El Kun, campe\u00f3n con el Atl\u00e9tico de Madrid en el Vicente Calder\u00f3n. (AFP)<\/span><\/div>\n<div class=\"custom-text \" readability=\"39\">\n<p>En la temporada 2018\/19, el Chelsea de Wilfredo <strong>Caballero <\/strong>y Gonzalo <strong>Higua\u00edn<\/strong> derrot\u00f3 4-1 al Arsenal y se coron\u00f3 por primera vez en su historia. En la siguiente, la 2019\/20, el Sevilla consigui\u00f3 su sexto t\u00edtulo de la mano de Lucas <strong>Ocampos<\/strong>, Franco <strong>V\u00e1zquez <\/strong>y <strong>Banega<\/strong>, tras vencer 3-2 al Inter. <\/p>\n<\/div>\n<div class=\"custom-text \" readability=\"41\">\n<p>En la edici\u00f3n 2020\/21, Ger\u00f3nimo <strong>Rulli <\/strong>fue el h\u00e9roe de un Villarreal que venci\u00f3 por penales al Manchester United. Juan <strong>Foyth<\/strong> y Ramiro <strong>Funes Mori <\/strong>tambi\u00e9n integraban el plantel del Submarino Amarillo. Y en la 2022\/23 repitieron los Blanquirrojos, frente a la Roma, con Gonzalo <strong>Montiel<\/strong>, Marcos <strong>Acu\u00f1a<\/strong>, Erik <strong>Lamela<\/strong>, Alejandro <strong>G\u00f3mez <\/strong>y <strong>Ocampos <\/strong>en el equipo espa\u00f1ol.<\/p>\n<\/div>\n<div class=\"custom-text \" readability=\"41\">\n<p>Este mi\u00e9rcoles, fue el turno de Juan <strong>Musso<\/strong> y Jos\u00e9 Luis <strong>Palomino<\/strong>, que formaron parte del ya hist\u00f3rico <strong>Atalanta<\/strong> que se consagr\u00f3 campe\u00f3n tres vencer 3-0 al Bayer Leverkusen (que arrastraba un invicto de 51 partidos) en la final. El arquero, que apenas tuvo participaci\u00f3n en la final, disput\u00f3 12 de los 13 encuentros del club en esta edici\u00f3n de la copa y mantuvo cinco vallas invictas, mientras que el defensor ingres\u00f3 en un encuentro de la fase de grupos. Con este trofeo, <strong>ambos inmortalizaron su nombre en la lista de campeones del certamen<\/strong>.<\/p>\n<\/div>\n<div class=\"sc-e7b891c4-0 jPbnQF\"><img alt=\"Musso, el arquero del campe\u00f3n. (AP)\" src=\"http:\/\/hoycordobaweb.com\/wp-content\/uploads\/2024\/05\/todos-los-argentinos-que-salieron-campeones-de-la-europa-league-4.jpg\" width=\"720\" height=\"100\" decoding=\"async\" data-nimg=\"future\" loading=\"lazy\"><span class=\"epigraphe\">Musso, el arquero del campe\u00f3n. (AP)<\/span><\/div>\n<div class=\"sc-e7b891c4-0 jPbnQF\"><img alt=\"Palomino gan\u00f3 el primer t\u00edtulo internacional de su carrera. (REUTERS)\" src=\"http:\/\/hoycordobaweb.com\/wp-content\/uploads\/2024\/05\/todos-los-argentinos-que-salieron-campeones-de-la-europa-league-5.jpg\" width=\"720\" height=\"100\" decoding=\"async\" data-nimg=\"future\" loading=\"lazy\"><span class=\"epigraphe\">Palomino gan\u00f3 el primer t\u00edtulo internacional de su carrera. (REUTERS)<\/span><\/div>\n<p><h2><strong><em>Todos los argentinos que ganaron la Copa de la UEFA\/ Europa League<\/em><\/strong><\/h2>\n<\/p>\n<p><h3><strong><em><u>Copa de la UEFA<\/u><\/em><\/strong><\/h3>\n<\/p>\n<div class=\"custom-text \">\n<ol>\n<li>Osvaldo Ardiles: Tottenham (83\/84)<\/li>\n<li>Jorge Valdano: Real Madrid (84\/85 y 85\/86)<\/li>\n<li>Diego Maradona: Napoli (88\/89)<\/li>\n<li>Roberto Sensini: Parma (94\/95 y 98\/99)<\/li>\n<li>Diego Simeone: Inter (97\/98)<\/li>\n<li>Javier Zanetti: Inter (97\/98)<\/li>\n<li>Juan Sebasti\u00e1n Ver\u00f3n: Parma (98\/99)<\/li>\n<li>Hern\u00e1n Crespo: Parma (98\/99)<\/li>\n<li>Abel Balbo: Parma (98\/99)<\/li>\n<li>Mauricio Pellegrino: Valencia (2003\/04)<\/li>\n<li>Roberto Ayala: Valencia (2003\/04)<\/li>\n<li>Pablo Aimar: Valencia (2003\/04)<\/li>\n<li>Osmar Ferreyra: CSKA de Mosc\u00fa (2004\/05)<\/li>\n<li>Javier Saviola: Sevilla (2005\/06)<\/li>\n<li>Alejandro Dom\u00ednguez (2007\/08)<\/li>\n<\/ol>\n<\/div>\n<div class=\"sc-e7b891c4-0 jPbnQF\"><img alt=\"El festejo de Maradona por la Copa UEFA en 1989.\" src=\"http:\/\/hoycordobaweb.com\/wp-content\/uploads\/2024\/05\/todos-los-argentinos-que-salieron-campeones-de-la-europa-league-6.jpg\" width=\"720\" height=\"100\" decoding=\"async\" data-nimg=\"future\" loading=\"lazy\"><span class=\"epigraphe\">El festejo de Maradona por la Copa UEFA en 1989.<\/span><\/div>\n<p><h3><strong><em><u>UEFA Europa League <\/u><\/em><\/strong><\/h3>\n<\/p>\n<div class=\"custom-text \">\n<ol>\n<li>Mariano Pern\u00eda: Atl\u00e9tico de Madrid (2009\/40)<\/li>\n<li>Eduardo Salvio: Atl\u00e9tico de Madrid (2009\/10 y 2011\/12)<\/li>\n<li>Sergio Ag\u00fcero: Atl\u00e9tico de Madrid (2008\/09)<\/li>\n<li>Nicolas Otamendi: Porto (2010\/11)<\/li>\n<li>Fernando Belluschi: Porto (2010\/11)<\/li>\n<li>Nicol\u00e1s Pareja: Sevilla (2013\/14, 2014\/15 y 2015\/16)<\/li>\n<li>Federico Fazio: Sevilla (2013\/14 y 2015\/16)<\/li>\n<li>Diego Perotti: Sevilla (2013\/14)<\/li>\n<li>Mariano Barbosa: Sevilla (2014\/15)<\/li>\n<li>\u00c9ver Banega: Sevilla (2014\/15, 2015\/16 y 2019\/20)<\/li>\n<li>Sergio Romero: Manchester United (2016\/17)<\/li>\n<li>Marcos Rojo: Manchester United (2016\/17)<\/li>\n<li>Axel Werner: Atl\u00e9tico de Madrid (2017\/18)<\/li>\n<li>Augusto Fern\u00e1ndez: Atl\u00e9tico de Madrid (2017\/18)<\/li>\n<li>Nicol\u00e1s Gait\u00e1n: Atl\u00e9tico de Madrid (2017\/18)<\/li>\n<li>\u00c1ngel Correa: Atl\u00e9tico de Madrid (2017\/18)<\/li>\n<li>Luciano Vietto: Atl\u00e9tico de Madrid (2017\/18)<\/li>\n<li>Wilfredo Caballero: Chelsea (2018\/19)<\/li>\n<li>Gonzalo Higua\u00edn: Chelsea (2018\/19)<\/li>\n<li>Lucas Ocampos: Sevilla (2019\/20 y 2022\/23)<\/li>\n<li>Franco V\u00e1zquez: Sevilla (2019\/20)<\/li>\n<li>Ger\u00f3nimo Rulli: Villarreal (2020\/21)<\/li>\n<li>Juan Foyth: Villarreal (2020\/21)<\/li>\n<li>Ramiro Funes Mori: Villarreal (2020\/21)<\/li>\n<li>Gonzalo Montiel: Sevilla (2022\/23)<\/li>\n<li>Erik Lamela: Sevilla (2022\/23)<\/li>\n<li>Alejandro G\u00f3mez: Sevilla (2022\/23)<\/li>\n<li>Marcos Acu\u00f1a: Sevilla (2022\/23)<\/li>\n<li>Juan Musso: Atalanta (2023\/24)<\/li>\n<li>Jos\u00e9 Luis Palomino: Atalanta (2023\/24)<\/li>\n<\/ol>\n<\/div>\n<div class=\"sc-e7b891c4-0 jPbnQF\"><img alt=\"Los argentinos del Sevilla, campeones de la Europa League 2022\/23. (EFE)\" src=\"http:\/\/hoycordobaweb.com\/wp-content\/uploads\/2024\/05\/todos-los-argentinos-que-salieron-campeones-de-la-europa-league-7.jpg\" width=\"720\" height=\"100\" decoding=\"async\" data-nimg=\"future\" loading=\"lazy\"><span class=\"epigraphe\">Los argentinos del Sevilla, campeones de la Europa League 2022\/23. (EFE)<\/span><\/div>\n<div class=\"sc-a7166897-0 exHLBh\" readability=\"6\">\n<section readability=\"2\"><picture><img alt=\"Video: as\u00ed ser\u00e1 el formato de la nueva Champions League\" src=\"http:\/\/hoycordobaweb.com\/wp-content\/uploads\/2024\/05\/todos-los-argentinos-que-salieron-campeones-de-la-europa-league-8.jpg\" width=\"290\" height=\"290\" decoding=\"async\" data-nimg=\"future\" loading=\"lazy\"><\/picture>\n<p><span>Mir\u00e1 tambi\u00e9n<\/span><\/p>\n<hr>\n<h3>Video: as\u00ed ser\u00e1 el formato de la nueva Champions League<\/h3>\n<\/p>\n<\/section>\n<\/div>\n<div class=\"sc-a7166897-0 exHLBh\" readability=\"6\">\n<section readability=\"2\"><picture><img alt=\"Los sentidos mensajes de despedida de los jugadores del Chelsea a Pochettino\" src=\"http:\/\/hoycordobaweb.com\/wp-content\/uploads\/2024\/05\/todos-los-argentinos-que-salieron-campeones-de-la-europa-league-9.jpg\" width=\"290\" height=\"290\" decoding=\"async\" data-nimg=\"future\" loading=\"lazy\"><\/picture>\n<p><span>Mir\u00e1 tambi\u00e9n<\/span><\/p>\n<hr>\n<h3>Los sentidos mensajes de despedida de los jugadores del Chelsea a Pochettino<\/h3>\n<\/p>\n<\/section>\n<\/div>\n<div class=\"sc-a7166897-0 exHLBh\" readability=\"6\">\n<section readability=\"2\"><picture><img alt=\"Luka Modric defini\u00f3 qu\u00e9 har\u00e1 una vez que termine su contrato con el Real Madrid\" src=\"http:\/\/hoycordobaweb.com\/wp-content\/uploads\/2024\/05\/todos-los-argentinos-que-salieron-campeones-de-la-europa-league-10.jpg\" width=\"290\" height=\"290\" decoding=\"async\" data-nimg=\"future\" loading=\"lazy\"><\/picture>\n<p><span>Mir\u00e1 tambi\u00e9n<\/span><\/p>\n<hr>\n<h3>Luka Modric defini\u00f3 qu\u00e9 har\u00e1 una vez que termine su contrato con el Real Madrid<\/h3>\n<\/p>\n<\/section>\n<\/div>\n<\/div>\n","protected":false},"excerpt":{"rendered":"<p>22\/05\/2024 18:24hs. La historia entre Argentina y la Europa League (anteriormente Copa de la UEFA) es igual o m\u00e1s estrella que la existente con la Champions League, m\u00e1xima competencia del Viejo Continente. A lo largo m\u00e1s de 50 a\u00f1os de historia, 45 argentinos levantaron el trofeo. Y en la noche de Dublin, Juan Musso y [&hellip;]<\/p>\n","protected":false},"author":1,"featured_media":77940,"comment_status":"open","ping_status":"closed","sticky":false,"template":"","format":"standard","meta":[],"categories":[16],"tags":[],"_links":{"self":[{"href":"http:\/\/hoycordobaweb.com\/index.php\/wp-json\/wp\/v2\/posts\/77939"}],"collection":[{"href":"http:\/\/hoycordobaweb.com\/index.php\/wp-json\/wp\/v2\/posts"}],"about":[{"href":"http:\/\/hoycordobaweb.com\/index.php\/wp-json\/wp\/v2\/types\/post"}],"author":[{"embeddable":true,"href":"http:\/\/hoycordobaweb.com\/index.php\/wp-json\/wp\/v2\/users\/1"}],"replies":[{"embeddable":true,"href":"http:\/\/hoycordobaweb.com\/index.php\/wp-json\/wp\/v2\/comments?post=77939"}],"version-history":[{"count":0,"href":"http:\/\/hoycordobaweb.com\/index.php\/wp-json\/wp\/v2\/posts\/77939\/revisions"}],"wp:featuredmedia":[{"embeddable":true,"href":"http:\/\/hoycordobaweb.com\/index.php\/wp-json\/wp\/v2\/media\/77940"}],"wp:attachment":[{"href":"http:\/\/hoycordobaweb.com\/index.php\/wp-json\/wp\/v2\/media?parent=77939"}],"wp:term":[{"taxonomy":"category","embeddable":true,"href":"http:\/\/hoycordobaweb.com\/index.php\/wp-json\/wp\/v2\/categories?post=77939"},{"taxonomy":"post_tag","embeddable":true,"href":"http:\/\/hoycordobaweb.com\/index.php\/wp-json\/wp\/v2\/tags?post=77939"}],"curies":[{"name":"wp","href":"https:\/\/api.w.org\/{rel}","templated":true}]}}