{"id":77933,"date":"2024-05-22T23:00:45","date_gmt":"2024-05-22T23:00:45","guid":{"rendered":"https:\/\/www.ole.com.ar\/estudiantes\/estudiantes-federico-fernandez-marcos-rojo-boca_0_MeQtMo0WWo.html"},"modified":"2024-05-22T23:00:45","modified_gmt":"2024-05-22T23:00:45","slug":"el-guino-de-un-referente-de-estudiantes-a-rojo-si-el-volviera-le-bastaria-un-partido-para-que-la-gente-recuerde-todo-lo-que-logro","status":"publish","type":"post","link":"http:\/\/hoycordobaweb.com\/index.php\/2024\/05\/22\/el-guino-de-un-referente-de-estudiantes-a-rojo-si-el-volviera-le-bastaria-un-partido-para-que-la-gente-recuerde-todo-lo-que-logro\/","title":{"rendered":"El gui\u00f1o de un referente de Estudiantes a Rojo: \u00abSi \u00e9l volviera, le bastar\u00eda un partido para que la gente recuerde todo lo que logr\u00f3\u00bb"},"content":{"rendered":"<p><img src=\"http:\/\/hoycordobaweb.com\/wp-content\/uploads\/2024\/05\/el-guino-de-un-referente-de-estudiantes-a-rojo-si-el-volviera-le-bastaria-un-partido-para-que-la-gente-recuerde-todo-lo-que-logro.jpg\"><\/p>\n<p><time class=\"createDate\" datetime=\"2024-05-22T20:00:45-03:00\">22\/05\/2024 20:00hs.<\/time><\/p>\n<div id=\"storyBody\">\n<div class=\"custom-text \" readability=\"39.011194029851\">\n<p>La relaci\u00f3n entre <a href=\"https:\/\/www.ole.com.ar\/tema\/marcos-rojo.html\" title=\"Marcos Rojo\" alt=\"Marcos Rojo\" class=\"slug\">Marcos Rojo<\/a> y los hinchas de <a href=\"https:\/\/www.ole.com.ar\/tema\/estudiantes-de-la-plata.html\" title=\"Estudiantes de La Plata\" alt=\"Estudiantes de La Plata\" class=\"slug\">Estudiantes<\/a> peg\u00f3 un cambio rotundo cuando el defensor, luego de su tan esperada vuelta en 2020, <strong>decidi\u00f3 dejar el Pincha y seguir su carrera en <a href=\"https:\/\/www.ole.com.ar\/tema\/boca-juniors.html\" title=\"Boca Juniors\" alt=\"Boca Juniors\" class=\"slug\">Boca<\/a>.<\/strong> Aquel hecho fue un pu\u00f1al para los hinchas platenses y se lo recuerdan a base de silbidos cada vez que el defensor, surgido de las Inferiores del club, visita UNO. Pero, a pesar del quiebre en la relaci\u00f3n entre los fan\u00e1ticos y el futbolista, <strong>hay un referente del club que no le cierra las puertas a un hipot\u00e9tico regreso en un futuro.<\/strong><\/p>\n<\/div>\n<div class=\"custom-text \" readability=\"38\">\n<p><strong>Se trata de Federico Fern\u00e1ndez, <\/strong>quien<strong> <\/strong>habl\u00f3 con Cielosports y se refiri\u00f3 al v\u00ednculo especial que une al Le\u00f3n con el jugador xeneize y no dud\u00f3 en que un posible retorno curar\u00eda todas las heridas del pasado: <strong>\u201cYo creo que en el \u00faltimo tiempo se ha generado un enfrentamiento. En un futuro, si \u00e9l volviera a Estudiantes, le bastar\u00eda un partido para que la gente recuerde todo lo que logr\u00f3 en el club\u201d.<\/strong><\/p>\n<\/div>\n<div class=\"sc-e7b891c4-0 jPbnQF\"><img alt=\"Presentaci\u00f3n de Rojo en su vuelta a Estudiantes en 2020. (FOTOBAIRES)\" src=\"http:\/\/hoycordobaweb.com\/wp-content\/uploads\/2024\/05\/el-guino-de-un-referente-de-estudiantes-a-rojo-si-el-volviera-le-bastaria-un-partido-para-que-la-gente-recuerde-todo-lo-que-logro-2.jpg\" width=\"720\" height=\"100\" decoding=\"async\" data-nimg=\"future\" loading=\"lazy\"><span class=\"epigraphe\">Presentaci\u00f3n de Rojo en su vuelta a Estudiantes en 2020. (FOTOBAIRES)<\/span><\/div>\n<p><h2><strong>Fern\u00e1ndez y Rojo, dos viejos conocidos<\/strong><\/h2>\n<\/p>\n<div class=\"custom-text \" readability=\"38\">\n<p>El experimentado jugador de 35 a\u00f1os tuvo su debut en Estudiantes en 2008 y comparti\u00f3 plantel con Rojo, quien tambi\u00e9n daba los primeros pasos de su carrera. De hecho, ambos <strong>integraron el plantel campe\u00f3n de la Copa Libertadores de 2009 y del Torneo Apertura 2010. <\/strong>Al a\u00f1o siguiente, fueron vendidos a Europa y se separaron sus caminos.<\/p>\n<\/div>\n<div class=\"custom-text \" readability=\"37\">\n<p><strong>\u201cLo conocemos, sabemos el tipo de gente que es y la gente tambi\u00e9n lo sabe\u201d, cerr\u00f3 Fern\u00e1ndez, <\/strong>quien volvi\u00f3 a Estudiantes luego de 15 a\u00f1os y ya tiene cuatro t\u00edtulos en su espalda (dos en el primer ciclo y dos en su vuelta) y m\u00e1s de 100 partidos jugados con la camiseta del Pincha.<\/p>\n<\/div>\n<div class=\"custom-text \" readability=\"38\">\n<p>El propio Rojo hace no mucho tiempo se refiri\u00f3 a una posible vuelta al club que lo vio nacer: <strong>\u201cC\u00f3mo le voy a cerrar las puertas a Estudiantes. Es mi segunda casa, pas\u00e9 mucho tiempo ah\u00ed y estoy agradecido en el club\u201d. <\/strong>El sentimiento sigue latente, y si bien la opci\u00f3n no parece viable en el presente, no parece ser una locura pensar que los caminos de Rojo y Estudiantes podr\u00edan volver a unirse en alg\u00fan momento. <\/p>\n<\/div>\n<div class=\"sc-e7b891c4-0 jPbnQF\"><img alt=\"Ver\u00f3n y Rojo festejando el logro del Apertura 2010 con el Pincha.\" src=\"http:\/\/hoycordobaweb.com\/wp-content\/uploads\/2024\/05\/el-guino-de-un-referente-de-estudiantes-a-rojo-si-el-volviera-le-bastaria-un-partido-para-que-la-gente-recuerde-todo-lo-que-logro-3.jpg\" width=\"720\" height=\"100\" decoding=\"async\" data-nimg=\"future\" loading=\"lazy\"><span class=\"epigraphe\">Ver\u00f3n y Rojo festejando el logro del Apertura 2010 con el Pincha.<\/span><\/div>\n<p><h2><strong>La carrera de Marcos Rojo<\/strong><\/h2>\n<\/p>\n<div class=\"custom-text \" readability=\"42\">\n<p>El zaguero de 34 a\u00f1os debut\u00f3 en la Primera Divisi\u00f3n en el a\u00f1o 2008, con la camiseta de Estudiantes, en un partido ante Col\u00f3n de Santa Fe. Tras salir de la cantera del club, Rojo <strong>gan\u00f3 dos t\u00edtulos con el primer equipo: un campeonato de Primera Divisi\u00f3n en 2010, y la hist\u00f3rica Copa Libertadores en 2009.<\/strong> Adem\u00e1s, disput\u00f3 53 partidos en el club, y convirti\u00f3 cuatro goles hasta el momento de su salida, a fines de 2010.<\/p>\n<\/div>\n<div class=\"custom-text \" readability=\"44\">\n<p>Dej\u00f3 el club que lo vio crecer y march\u00f3 rumbo a Europa, m\u00e1s precisamente al Spartak de Mosc\u00fa de Rusia. Luego pas\u00f3 por el Sporting de Lisboa, el Manchester United, y finalmente, despu\u00e9s de diez a\u00f1os en el f\u00fatbol europeo, regres\u00f3 a Estudiantes en 2020, pero jug\u00f3 solamente un partido. En 2021, pr\u00e1cticamente sin haber tenido su segundo ciclo en el Pincha, se fue a Boca, y desde all\u00ed permanece en el club de la Ribera como uno de los l\u00edderes y referentes en el equipo de Diego Mart\u00ednez.<\/p>\n<\/div>\n<div class=\"sc-a7166897-0 exHLBh\" readability=\"6\">\n<section readability=\"2\"><picture><img alt=\"Atento Estudiantes: Huachipato se qued\u00f3 sin DT a pocos d\u00edas de enfrentar al Pincha\" src=\"http:\/\/hoycordobaweb.com\/wp-content\/uploads\/2024\/05\/el-guino-de-un-referente-de-estudiantes-a-rojo-si-el-volviera-le-bastaria-un-partido-para-que-la-gente-recuerde-todo-lo-que-logro-4.jpg\" width=\"290\" height=\"290\" decoding=\"async\" data-nimg=\"future\" loading=\"lazy\"><\/picture>\n<p><span>Mir\u00e1 tambi\u00e9n<\/span><\/p>\n<hr>\n<h3>Atento Estudiantes: Huachipato se qued\u00f3 sin DT a pocos d\u00edas de enfrentar al Pincha<\/h3>\n<\/p>\n<\/section>\n<\/div>\n<div class=\"sc-a7166897-0 exHLBh\" readability=\"6\">\n<section readability=\"2\"><picture><img alt=\"Atento Estudiantes: \u00bfcu\u00e1ntos partidos le quedan a Zaid Romero antes de su partida?\" src=\"http:\/\/hoycordobaweb.com\/wp-content\/uploads\/2024\/05\/el-guino-de-un-referente-de-estudiantes-a-rojo-si-el-volviera-le-bastaria-un-partido-para-que-la-gente-recuerde-todo-lo-que-logro-5.jpg\" width=\"290\" height=\"290\" decoding=\"async\" data-nimg=\"future\" loading=\"lazy\"><\/picture>\n<p><span>Mir\u00e1 tambi\u00e9n<\/span><\/p>\n<hr>\n<h3>Atento Estudiantes: \u00bfcu\u00e1ntos partidos le quedan a Zaid Romero antes de su partida?<\/h3>\n<\/p>\n<\/section>\n<\/div>\n<div class=\"sc-a7166897-0 exHLBh\" readability=\"7\">\n<section readability=\"4\"><picture><img alt=\"Clasificaci\u00f3n a las Copas 2025: River, con Estudiantes, lidera la tabla anual\" src=\"http:\/\/hoycordobaweb.com\/wp-content\/uploads\/2024\/05\/el-guino-de-un-referente-de-estudiantes-a-rojo-si-el-volviera-le-bastaria-un-partido-para-que-la-gente-recuerde-todo-lo-que-logro-6.jpg\" width=\"290\" height=\"290\" decoding=\"async\" data-nimg=\"future\" loading=\"lazy\"><\/picture>\n<p><span>Mir\u00e1 tambi\u00e9n<\/span><\/p>\n<hr>\n<h3>Clasificaci\u00f3n a las Copas 2025: River, con Estudiantes, lidera la tabla anual<\/h3>\n<\/p>\n<\/section>\n<\/div>\n<\/div>\n","protected":false},"excerpt":{"rendered":"<p>22\/05\/2024 20:00hs. La relaci\u00f3n entre Marcos Rojo y los hinchas de Estudiantes peg\u00f3 un cambio rotundo cuando el defensor, luego de su tan esperada vuelta en 2020, decidi\u00f3 dejar el Pincha y seguir su carrera en Boca. Aquel hecho fue un pu\u00f1al para los hinchas platenses y se lo recuerdan a base de silbidos cada [&hellip;]<\/p>\n","protected":false},"author":1,"featured_media":77934,"comment_status":"open","ping_status":"closed","sticky":false,"template":"","format":"standard","meta":[],"categories":[16],"tags":[],"_links":{"self":[{"href":"http:\/\/hoycordobaweb.com\/index.php\/wp-json\/wp\/v2\/posts\/77933"}],"collection":[{"href":"http:\/\/hoycordobaweb.com\/index.php\/wp-json\/wp\/v2\/posts"}],"about":[{"href":"http:\/\/hoycordobaweb.com\/index.php\/wp-json\/wp\/v2\/types\/post"}],"author":[{"embeddable":true,"href":"http:\/\/hoycordobaweb.com\/index.php\/wp-json\/wp\/v2\/users\/1"}],"replies":[{"embeddable":true,"href":"http:\/\/hoycordobaweb.com\/index.php\/wp-json\/wp\/v2\/comments?post=77933"}],"version-history":[{"count":0,"href":"http:\/\/hoycordobaweb.com\/index.php\/wp-json\/wp\/v2\/posts\/77933\/revisions"}],"wp:featuredmedia":[{"embeddable":true,"href":"http:\/\/hoycordobaweb.com\/index.php\/wp-json\/wp\/v2\/media\/77934"}],"wp:attachment":[{"href":"http:\/\/hoycordobaweb.com\/index.php\/wp-json\/wp\/v2\/media?parent=77933"}],"wp:term":[{"taxonomy":"category","embeddable":true,"href":"http:\/\/hoycordobaweb.com\/index.php\/wp-json\/wp\/v2\/categories?post=77933"},{"taxonomy":"post_tag","embeddable":true,"href":"http:\/\/hoycordobaweb.com\/index.php\/wp-json\/wp\/v2\/tags?post=77933"}],"curies":[{"name":"wp","href":"https:\/\/api.w.org\/{rel}","templated":true}]}}