{"id":77931,"date":"2024-05-22T23:01:30","date_gmt":"2024-05-22T23:01:30","guid":{"rendered":"https:\/\/www.ole.com.ar\/futbol-internacional\/europa-league\/palacios-leverkusen-atalanta-europaleague_0_dyqjDAtMoP.html"},"modified":"2024-05-22T23:01:30","modified_gmt":"2024-05-22T23:01:30","slug":"palacios-el-analisis-de-la-final-perdida-contra-atalanta-el-repaso-de-la-temporada-y-la-alegria-por-estar-otra-vez-en-la-seleccion","status":"publish","type":"post","link":"http:\/\/hoycordobaweb.com\/index.php\/2024\/05\/22\/palacios-el-analisis-de-la-final-perdida-contra-atalanta-el-repaso-de-la-temporada-y-la-alegria-por-estar-otra-vez-en-la-seleccion\/","title":{"rendered":"Palacios: el an\u00e1lisis de la final perdida contra Atalanta, el repaso de la temporada y la alegr\u00eda por estar otra vez en la Selecci\u00f3n"},"content":{"rendered":"<p><img src=\"http:\/\/hoycordobaweb.com\/wp-content\/uploads\/2024\/05\/palacios-el-analisis-de-la-final-perdida-contra-atalanta-el-repaso-de-la-temporada-y-la-alegria-por-estar-otra-vez-en-la-seleccion.jpg\"><\/p>\n<p><time class=\"createDate\" datetime=\"2024-05-22T20:01:30-03:00\">22\/05\/2024 20:01hs.<\/time><\/p>\n<div id=\"storyBody\">\n<div class=\"custom-text \" readability=\"32.111570247934\">\n<p>Bayer Leverkusen ha hecho una temporada extraordinaria. Campe\u00f3n de la Bundesliga con suma antelaci\u00f3n y finalista de la Copa de Alemania, quer\u00eda llevarse la Europa League. Lleg\u00f3 a Dubl\u00edn con un invicto de 51 partidos. Sin embargo, se top\u00f3 con un brillante Atalanta.<a href=\"https:\/\/www.ole.com.ar\/futbol-internacional\/europa-league\/atalanta-vs-bayer-leverkusen-hoy-vivo-final-europa-league-horario-ver_0_zUTLHHXjcg.html\" target=\"_self\" title=\" Lo super\u00f3 de prinicipio a fin y se llev\u00f3 el trofeo despu\u00e9s del claro 3-0. \" alt=\" Lo super\u00f3 de prinicipio a fin y se llev\u00f3 el trofeo despu\u00e9s del claro 3-0. \" rel=\"noopener noreferrer\"> Lo super\u00f3 de principio a fin y se llev\u00f3 el trofeo despu\u00e9s del claro 3-0. <\/a><strong>Exequiel Palacios fue titular, disput\u00f3 67 minutos y no puso excusas a la hora de felicitar al equipo de B\u00e9rgamo por el t\u00edtulo logrado. <\/strong><\/p>\n<\/div>\n<div class=\"custom-text \" readability=\"42\">\n<p>\u00abTristeza por haber llegado a la final y no lograr lo que vinimos a conseguir. <strong>Del otro lado se vio un equipo que estuvo en todo momento en partido. Merecidos ganadores. Felicitarlos. Queda masticar bronca y veneno y prepararnos para lo que viene. <\/strong>Desde mi punto de visita, ellos vinieron con su manera de jugar, uno contra uno en toda la cancha. Nunca estuvimos en partido porque siempre ellos estuvieron m\u00e1s r\u00e1pidos, atentos a las segundas pelotas.<strong> Nos cortaban conexiones. Jugamos inc\u00f3modos, nos llevaron a equivocarnos. Estuvieron en las coberturas y, como lo dije reci\u00e9n, son merecidos campeones y ganadores. M\u00e9rito de ellos<\/strong>\u00ab, se\u00f1al\u00f3 Pala en di\u00e1logo con ESPN a la hora de analizar el partido.<\/p>\n<\/div>\n<div class=\"custom-text \" readability=\"38\">\n<p>Autocr\u00edtico, <strong>repas\u00f3 lo que sucedi\u00f3 en el 1-0 de Atalanta marcado por Lookman<\/strong>: \u00abNo estuve r\u00e1pido para hacer la cobertura. Me agarra r\u00e1pido, \u00e9l en carrera. Cuando gir\u00e9, ya hab\u00eda metido la diagonal\u00bb. Lamentablemente, lo anticip\u00f3 y factur\u00f3 para los dirigidos por Gasperini. <\/p>\n<\/div>\n<div class=\"custom-text \" readability=\"43\">\n<p>M\u00e1s all\u00e1 de la derrota en esta final,<strong> Palacios destac\u00f3 lo hecho a nivel colectivo y, en lo personal, se mostr\u00f3 contento por la cantidad de minutos que sum\u00f3:<\/strong> \u00abPrimero, no reprocharnos nada porque fue una temporada incre\u00edble. El DT nos dijo que no ten\u00edamos que cambiar nuestra manera de ser y jugar. El f\u00fatbol tiene esas cosas. Ven\u00edamos de ganar la liga. Nos tenemos que sentir orgullosos. Hicimos una copa incre\u00edble contra grandes rivales y marcando esencia. En lo personal, con continuidad. Me faltaba para mi confianza, dispuesto a seguir creciendo. Con Xabi siento que aprendo en cada entrenamiento. Hoy queda agachar la cabeza, masticar el sabor amargo. Estar con la familia y ma\u00f1ana cambiar el chip, prepararnos para la final del s\u00e1bado\u00bb. <strong>El fin de semana disputar\u00e1n la final de la Copa de Alemania contra FCK.<\/strong><\/p>\n<\/div>\n<div class=\"sc-e7b891c4-0 jPbnQF\"><img alt=\"Palacios sali\u00f3 a los 22 minutos del ST (REUTER). \" src=\"http:\/\/hoycordobaweb.com\/wp-content\/uploads\/2024\/05\/palacios-el-analisis-de-la-final-perdida-contra-atalanta-el-repaso-de-la-temporada-y-la-alegria-por-estar-otra-vez-en-la-seleccion-2.jpg\" width=\"720\" height=\"100\" decoding=\"async\" data-nimg=\"future\" loading=\"lazy\"><span class=\"epigraphe\">Palacios sali\u00f3 a los 22 minutos del ST (REUTER). <\/span><\/div>\n<p><h2><strong>LA PALABRA DE PALACIOS<\/strong><\/h2>\n<\/p>\n<div type=\"embed\" class=\"sc-3f46f5ae-0 djVTgz\">\n<div class=\"sc-3f46f5ae-1 fTjZec videoText\" id=\"contentTitleembedFalMVpNg\" type=\"embed\"><svg fill=\"#ffffff\"><symbol id=\"play\" viewBox=\"0 0 512 512\"><path d=\"M512 256C512 397.4 397.4 512 256 512C114.6 512 0 397.4 0 256C0 114.6 114.6 0 256 0C397.4 0 512 114.6 512 256zM176 168V344C176 352.7 180.7 360.7 188.3 364.9C195.8 369.2 205.1 369 212.5 364.5L356.5 276.5C363.6 272.1 368 264.4 368 256C368 247.6 363.6 239.9 356.5 235.5L212.5 147.5C205.1 142.1 195.8 142.8 188.3 147.1C180.7 151.3 176 159.3 176 168V168z\" \/><\/symbol><use xlink:href=\"#play\" \/><\/svg><\/p>\n<div class=\"right\">\n<p>Leverkusen<!-- --> &#8211;<!-- --> <span>&nbsp;<\/span><\/p>\n<h2 class=\"title-vid\">La palabra de Exequiel Palacios tras la derrota ante Atalanta<\/h2>\n<\/div>\n<\/div>\n<p><span class=\"back\" id=\"spanBackembedFalMVpNg\"><\/span><\/div>\n<div class=\"custom-text \" readability=\"38\">\n<p>Por \u00faltimo, expres\u00f3 su alegr\u00eda por estar en otra convocatoria de Scaloni para los pr\u00f3ximos amistosos y, si todo va bien, estar\u00e1 en la Copa Am\u00e9rica de Estados Unidos con la ilusi\u00f3n de sumar una nueva vuelta ol\u00edmpica: <strong>\u00abContento por estar en la Selecci\u00f3n. Es un orgullo vestir la camiseta. No tengo palabras para eso. Pero primero el s\u00e1bado y despu\u00e9s la Copa\u00bb.<\/strong><\/p>\n<\/div>\n<div class=\"sc-a7166897-0 exHLBh\" readability=\"6\">\n<section readability=\"2\"><picture><img alt=\"Todos los argentinos que salieron campeones de la Europa League\" src=\"http:\/\/hoycordobaweb.com\/wp-content\/uploads\/2024\/05\/palacios-el-analisis-de-la-final-perdida-contra-atalanta-el-repaso-de-la-temporada-y-la-alegria-por-estar-otra-vez-en-la-seleccion-3.jpg\" width=\"290\" height=\"290\" decoding=\"async\" data-nimg=\"future\" loading=\"lazy\"><\/picture>\n<p><span>Mir\u00e1 tambi\u00e9n<\/span><\/p>\n<hr>\n<h3>Todos los argentinos que salieron campeones de la Europa League<\/h3>\n<\/p>\n<\/section>\n<\/div>\n<div class=\"sc-a7166897-0 exHLBh\" readability=\"7\">\n<section readability=\"4\"><picture><img alt=\"Qui\u00e9n es Lookman, el delantero que pulveriz\u00f3 al Bayer Leverkusen y le dio la Europa League al Atalanta\" src=\"http:\/\/hoycordobaweb.com\/wp-content\/uploads\/2024\/05\/palacios-el-analisis-de-la-final-perdida-contra-atalanta-el-repaso-de-la-temporada-y-la-alegria-por-estar-otra-vez-en-la-seleccion-4.jpg\" width=\"290\" height=\"290\" decoding=\"async\" data-nimg=\"future\" loading=\"lazy\"><\/picture>\n<p><span>Mir\u00e1 tambi\u00e9n<\/span><\/p>\n<hr>\n<h3>Qui\u00e9n es Lookman, el delantero que pulveriz\u00f3 al Bayer Leverkusen y le dio la Europa League al Atalanta<\/h3>\n<\/p>\n<\/section>\n<\/div>\n<div class=\"sc-a7166897-0 exHLBh\" readability=\"6.5\">\n<section readability=\"3\"><picture><img alt=\"La historia de Juan Musso, el argentino campe\u00f3n de la Europa League\" src=\"http:\/\/hoycordobaweb.com\/wp-content\/uploads\/2024\/05\/palacios-el-analisis-de-la-final-perdida-contra-atalanta-el-repaso-de-la-temporada-y-la-alegria-por-estar-otra-vez-en-la-seleccion-5.jpg\" width=\"290\" height=\"290\" decoding=\"async\" data-nimg=\"future\" loading=\"lazy\"><\/picture>\n<p><span>Mir\u00e1 tambi\u00e9n<\/span><\/p>\n<hr>\n<h3>La historia de Juan Musso, el argentino campe\u00f3n de la Europa League<\/h3>\n<\/p>\n<\/section>\n<\/div>\n<div class=\"sc-a7166897-0 exHLBh\" readability=\"7\">\n<section readability=\"4\"><picture><img alt=\"Atalanta dio la sorpresa, le sac\u00f3 el invicto al Bayer Leverkusen y se consagr\u00f3 campe\u00f3n de la Europa League\" src=\"http:\/\/hoycordobaweb.com\/wp-content\/uploads\/2024\/05\/palacios-el-analisis-de-la-final-perdida-contra-atalanta-el-repaso-de-la-temporada-y-la-alegria-por-estar-otra-vez-en-la-seleccion-6.jpg\" width=\"290\" height=\"290\" decoding=\"async\" data-nimg=\"future\" loading=\"lazy\"><\/picture>\n<p><span>Mir\u00e1 tambi\u00e9n<\/span><\/p>\n<hr>\n<h3>Atalanta dio la sorpresa, le sac\u00f3 el invicto al Bayer Leverkusen y se consagr\u00f3 campe\u00f3n de la Europa League<\/h3>\n<\/p>\n<\/section>\n<\/div>\n<div class=\"sc-a7166897-0 exHLBh\" readability=\"6\">\n<section readability=\"2\"><picture><img alt=\"Todos los campeones en la historia de la Europa League\" src=\"http:\/\/hoycordobaweb.com\/wp-content\/uploads\/2024\/05\/palacios-el-analisis-de-la-final-perdida-contra-atalanta-el-repaso-de-la-temporada-y-la-alegria-por-estar-otra-vez-en-la-seleccion-7.jpg\" width=\"290\" height=\"290\" decoding=\"async\" data-nimg=\"future\" loading=\"lazy\"><\/picture>\n<p><span>Mir\u00e1 tambi\u00e9n<\/span><\/p>\n<hr>\n<h3>Todos los campeones en la historia de la Europa League<\/h3>\n<\/p>\n<\/section>\n<\/div>\n<\/div>\n","protected":false},"excerpt":{"rendered":"<p>22\/05\/2024 20:01hs. Bayer Leverkusen ha hecho una temporada extraordinaria. Campe\u00f3n de la Bundesliga con suma antelaci\u00f3n y finalista de la Copa de Alemania, quer\u00eda llevarse la Europa League. Lleg\u00f3 a Dubl\u00edn con un invicto de 51 partidos. Sin embargo, se top\u00f3 con un brillante Atalanta. Lo super\u00f3 de principio a fin y se llev\u00f3 el [&hellip;]<\/p>\n","protected":false},"author":1,"featured_media":77932,"comment_status":"open","ping_status":"closed","sticky":false,"template":"","format":"standard","meta":[],"categories":[16],"tags":[],"_links":{"self":[{"href":"http:\/\/hoycordobaweb.com\/index.php\/wp-json\/wp\/v2\/posts\/77931"}],"collection":[{"href":"http:\/\/hoycordobaweb.com\/index.php\/wp-json\/wp\/v2\/posts"}],"about":[{"href":"http:\/\/hoycordobaweb.com\/index.php\/wp-json\/wp\/v2\/types\/post"}],"author":[{"embeddable":true,"href":"http:\/\/hoycordobaweb.com\/index.php\/wp-json\/wp\/v2\/users\/1"}],"replies":[{"embeddable":true,"href":"http:\/\/hoycordobaweb.com\/index.php\/wp-json\/wp\/v2\/comments?post=77931"}],"version-history":[{"count":0,"href":"http:\/\/hoycordobaweb.com\/index.php\/wp-json\/wp\/v2\/posts\/77931\/revisions"}],"wp:featuredmedia":[{"embeddable":true,"href":"http:\/\/hoycordobaweb.com\/index.php\/wp-json\/wp\/v2\/media\/77932"}],"wp:attachment":[{"href":"http:\/\/hoycordobaweb.com\/index.php\/wp-json\/wp\/v2\/media?parent=77931"}],"wp:term":[{"taxonomy":"category","embeddable":true,"href":"http:\/\/hoycordobaweb.com\/index.php\/wp-json\/wp\/v2\/categories?post=77931"},{"taxonomy":"post_tag","embeddable":true,"href":"http:\/\/hoycordobaweb.com\/index.php\/wp-json\/wp\/v2\/tags?post=77931"}],"curies":[{"name":"wp","href":"https:\/\/api.w.org\/{rel}","templated":true}]}}