{"id":7790,"date":"2020-12-17T23:12:00","date_gmt":"2020-12-17T23:12:00","guid":{"rendered":"https:\/\/fm-comunicar.com.ar\/contenido\/16745\/el-maraton-cross-2020-se-correra-en-el-kartodoromo-de-colonia-caroya"},"modified":"2020-12-17T23:12:00","modified_gmt":"2020-12-17T23:12:00","slug":"se-correra-el-maraton-cross-2020-en-el-kartodoromo-de-caroya","status":"publish","type":"post","link":"http:\/\/hoycordobaweb.com\/index.php\/2020\/12\/17\/se-correra-el-maraton-cross-2020-en-el-kartodoromo-de-caroya\/","title":{"rendered":"Se correr\u00e1 el Marat\u00f3n Cross 2020 en el Kart\u00f3doromo de Caroya"},"content":{"rendered":"<p>El evento se realizar\u00e1 este domingo en el Complejo Automovil\u00edstico Valent\u00edn Lauret. Participar\u00e1n m\u00e1s de 150 deportistas de toda la provincia. Habr\u00e1 tramos de 4 y 10 kil\u00f3metros, con modalidad cross y asfalto.<img src=\"http:\/\/hoycordobaweb.com\/wp-content\/uploads\/2020\/12\/se-correra-el-maraton-cross-2020-en-el-kartodoromo-de-caroya.jpg\"><\/p>\n","protected":false},"excerpt":{"rendered":"<p>El evento se realizar\u00e1 este domingo en el Complejo Automovil\u00edstico Valent\u00edn Lauret. Participar\u00e1n m\u00e1s de 150 deportistas de toda la provincia. Habr\u00e1 tramos de 4 y 10 kil\u00f3metros, con modalidad cross y asfalto.<\/p>\n","protected":false},"author":1,"featured_media":7791,"comment_status":"closed","ping_status":"closed","sticky":false,"template":"","format":"standard","meta":[],"categories":[16,18],"tags":[],"_links":{"self":[{"href":"http:\/\/hoycordobaweb.com\/index.php\/wp-json\/wp\/v2\/posts\/7790"}],"collection":[{"href":"http:\/\/hoycordobaweb.com\/index.php\/wp-json\/wp\/v2\/posts"}],"about":[{"href":"http:\/\/hoycordobaweb.com\/index.php\/wp-json\/wp\/v2\/types\/post"}],"author":[{"embeddable":true,"href":"http:\/\/hoycordobaweb.com\/index.php\/wp-json\/wp\/v2\/users\/1"}],"replies":[{"embeddable":true,"href":"http:\/\/hoycordobaweb.com\/index.php\/wp-json\/wp\/v2\/comments?post=7790"}],"version-history":[{"count":0,"href":"http:\/\/hoycordobaweb.com\/index.php\/wp-json\/wp\/v2\/posts\/7790\/revisions"}],"wp:featuredmedia":[{"embeddable":true,"href":"http:\/\/hoycordobaweb.com\/index.php\/wp-json\/wp\/v2\/media\/7791"}],"wp:attachment":[{"href":"http:\/\/hoycordobaweb.com\/index.php\/wp-json\/wp\/v2\/media?parent=7790"}],"wp:term":[{"taxonomy":"category","embeddable":true,"href":"http:\/\/hoycordobaweb.com\/index.php\/wp-json\/wp\/v2\/categories?post=7790"},{"taxonomy":"post_tag","embeddable":true,"href":"http:\/\/hoycordobaweb.com\/index.php\/wp-json\/wp\/v2\/tags?post=7790"}],"curies":[{"name":"wp","href":"https:\/\/api.w.org\/{rel}","templated":true}]}}