{"id":77888,"date":"2024-05-21T21:47:13","date_gmt":"2024-05-21T21:47:13","guid":{"rendered":"https:\/\/www.ole.com.ar\/futbol-internacional\/cassio-cruzeiro-corinthians-refuerzo-contrato-historia-boca-verdugo_0_MU8T1v5KhN.html"},"modified":"2024-05-21T21:47:13","modified_gmt":"2024-05-21T21:47:13","slug":"estuvo-mas-de-12-anos-en-un-club-fue-verdugo-de-boca-y-ahora-lo-anuncio-cruzeiro","status":"publish","type":"post","link":"http:\/\/hoycordobaweb.com\/index.php\/2024\/05\/21\/estuvo-mas-de-12-anos-en-un-club-fue-verdugo-de-boca-y-ahora-lo-anuncio-cruzeiro\/","title":{"rendered":"Estuvo m\u00e1s de 12 a\u00f1os en un club, fue verdugo de Boca y ahora lo anunci\u00f3 Cruzeiro"},"content":{"rendered":"<p><img src=\"http:\/\/hoycordobaweb.com\/wp-content\/uploads\/2024\/05\/estuvo-mas-de-12-anos-en-un-club-fue-verdugo-de-boca-y-ahora-lo-anuncio-cruzeiro.jpg\"><\/p>\n<p><time class=\"createDate\" datetime=\"2024-05-21T18:47:13-03:00\">21\/05\/2024 18:47hs.<\/time><\/p>\n<div id=\"storyBody\">\n<div class=\"custom-text \" readability=\"39.610169491525\">\n<p>Es el fin de una era: <strong>este martes, \u00abarquero de Corinthians\u00bb dej\u00f3 oficialmente de ser sin\u00f3nimo de C\u00e1ssio<\/strong>, algo que hab\u00eda sucedido en los \u00faltimos 12 a\u00f1os y que marc\u00f3 a toda una generaci\u00f3n que vio sus atajadas en la <strong><a href=\"https:\/\/www.ole.com.ar\/tema\/copa-libertadores.html\" title=\"Copa Libertadores\" alt=\"Copa Libertadores\" class=\"slug\">Libertadores<\/a><\/strong>. Y sufri\u00f3, tambi\u00e9n: el ahora hombre de <strong>Cruzeiro<\/strong>, donde firm\u00f3 contrato por tres a\u00f1os y medio, fue <strong>verdugo de <a href=\"https:\/\/www.ole.com.ar\/tema\/boca-juniors.html\" title=\"Boca Juniors\" alt=\"Boca Juniors\" class=\"slug\">Boca<\/a><\/strong> tanto en la final de la Copa 2012 como en la definici\u00f3n por penales de los octavos de la edici\u00f3n 2022, en la Bombonera.<\/p>\n<\/div>\n<div class=\"custom-text \" readability=\"39\">\n<p><strong>\u00abBoca en la Bombonera creo que<\/strong> <strong>es una etapa emblem\u00e1tica. Creo que fue muy&#8230; Ah, hombre, eso fue&#8230;\u00bb<\/strong>, se qued\u00f3 sin palabras en las \u00faltimas horas al despedirse del club donde hizo historia. Tampoco las debe haber encontrado en la bienvenida que le dieron en el centro de entrenamiento del club: ah\u00ed, <strong>cientos de fan\u00e1ticos lo esperaron<\/strong> hasta que llegara desde San Pablo y lo ovacionaron cuando se baj\u00f3 de la camioneta en la que viajaba.<\/p>\n<\/div>\n<div class=\"custom-text \" readability=\"36\">\n<p><strong>\u00abEstoy muy feliz y emocionado. Estoy seguro de que aqu\u00ed ser\u00e9 muy feliz\u00bb<\/strong>, fueron sus primeras palabras con la camiseta del Cruzeiro en sus manos que le hab\u00eda dado Pedro Louren\u00e7o, el due\u00f1o de la SAD que maneja el club y le compr\u00f3 las acciones recientemente a Ronaldo.<\/p>\n<\/div>\n<div class=\"custom-text \" readability=\"44\">\n<p>Sin embargo, para verlo con su nuevo buzo de arquero habr\u00e1 que esperar: <strong>podr\u00e1 debutar reci\u00e9n a partir de 10 de julio<\/strong>, cuando se abra el mercado de pases de Brasil, por lo que el titular seguir\u00e1 siendo Anderson. Seg\u00fan el calendario, el primer partido de <strong>C\u00e1ssio<\/strong>, que tiene 36 a\u00f1os, podr\u00eda ser ante <strong>Palmeiras<\/strong>, por la 17\u00aa fecha del Brasileirao (ese encuentro se juega en la semana del 10\/7, por lo que el estreno tambi\u00e9n podr\u00eda moverse a la siguiente jornada, contra Juventude).<\/p>\n<\/div>\n<div class=\"sc-e7b891c4-0 jPbnQF\"><img alt=\"C\u00e1ssio, con el due\u00f1o de la SAD, Pedro Louren\u00e7o (Prensa Cruzeiro).\" src=\"http:\/\/hoycordobaweb.com\/wp-content\/uploads\/2024\/05\/estuvo-mas-de-12-anos-en-un-club-fue-verdugo-de-boca-y-ahora-lo-anuncio-cruzeiro-2.jpg\" width=\"720\" height=\"100\" decoding=\"async\" data-nimg=\"future\" loading=\"lazy\"><span class=\"epigraphe\">C\u00e1ssio, con el due\u00f1o de la SAD, Pedro Louren\u00e7o (Prensa Cruzeiro).<\/span><\/div>\n<div class=\"custom-text \" readability=\"35\">\n<p>Contra <strong>Corinthians <\/strong>no podr\u00e1 jugar el partido de la primera rueda porque es en el fin de semana del 29\/6, pero s\u00ed estar\u00e1 disponible para el de la segunda, el 20 de noviembre. <\/p>\n<\/div>\n<p><h2><strong>Su paso por Corinthians<\/strong><\/h2>\n<\/p>\n<div class=\"custom-text \" readability=\"44\">\n<p>Surgido de <strong>Gremio<\/strong>, tras un paso por el PSV volvi\u00f3 a Brasil para jugar en el Corinthians, donde se convertir\u00eda en \u00eddolo: <strong>acumul\u00f3 712 partidos, solo por detr\u00e1s de Wladimir (806)<\/strong> en el ranking hist\u00f3rico, y nueve t\u00edtulos, entre los que se destacan la <strong>Libertadores y el Mundial de Clubes del 2012<\/strong> (adem\u00e1s, Recopa Sudamericana 2013, Brasileirao 2015 y 2017 y Campeonato Paulista 2013, 2017, 2018 y 2019).<\/p>\n<\/div>\n<div class=\"sc-e7b891c4-0 jPbnQF\"><img alt=\"C\u00e1ssio, recibido por una multitud (Prensa Cruzeiro).\" src=\"http:\/\/hoycordobaweb.com\/wp-content\/uploads\/2024\/05\/estuvo-mas-de-12-anos-en-un-club-fue-verdugo-de-boca-y-ahora-lo-anuncio-cruzeiro-3.jpg\" width=\"720\" height=\"100\" decoding=\"async\" data-nimg=\"future\" loading=\"lazy\"><span class=\"epigraphe\">C\u00e1ssio, recibido por una multitud (Prensa Cruzeiro).<\/span><\/div>\n<div class=\"sc-a7166897-0 exHLBh\" readability=\"6\">\n<section readability=\"2\"><picture><img alt=\"Atalanta vs Bayer Leverkusen: \u00bfc\u00f3mo es el estadio de la final de la Europa League?\" src=\"http:\/\/hoycordobaweb.com\/wp-content\/uploads\/2024\/05\/estuvo-mas-de-12-anos-en-un-club-fue-verdugo-de-boca-y-ahora-lo-anuncio-cruzeiro-4.jpg\" width=\"290\" height=\"290\" decoding=\"async\" data-nimg=\"future\" loading=\"lazy\"><\/picture>\n<p><span>Mir\u00e1 tambi\u00e9n<\/span><\/p>\n<hr>\n<h3>Atalanta vs Bayer Leverkusen: \u00bfc\u00f3mo es el estadio de la final de la Europa League?<\/h3>\n<\/p>\n<\/section>\n<\/div>\n<div class=\"sc-a7166897-0 exHLBh\" readability=\"6.5\">\n<section readability=\"3\"><picture><img alt=\"Se retir\u00f3 el Padrino Ranieri, responsable de la gesta del Leicester\" src=\"http:\/\/hoycordobaweb.com\/wp-content\/uploads\/2024\/05\/estuvo-mas-de-12-anos-en-un-club-fue-verdugo-de-boca-y-ahora-lo-anuncio-cruzeiro-5.jpg\" width=\"290\" height=\"290\" decoding=\"async\" data-nimg=\"future\" loading=\"lazy\"><\/picture>\n<p><span>Mir\u00e1 tambi\u00e9n<\/span><\/p>\n<hr>\n<h3>Se retir\u00f3 el Padrino Ranieri, responsable de la gesta del Leicester<\/h3>\n<\/p>\n<\/section>\n<\/div>\n<div class=\"sc-a7166897-0 exHLBh\" readability=\"6.5\">\n<section readability=\"3\"><picture><img alt=\"Gran Premio de M\u00f3naco de la F\u00f3rmula 1: d\u00edas, horarios y TV\" src=\"http:\/\/hoycordobaweb.com\/wp-content\/uploads\/2024\/05\/estuvo-mas-de-12-anos-en-un-club-fue-verdugo-de-boca-y-ahora-lo-anuncio-cruzeiro-6.jpg\" width=\"290\" height=\"290\" decoding=\"async\" data-nimg=\"future\" loading=\"lazy\"><\/picture>\n<p><span>Mir\u00e1 tambi\u00e9n<\/span><\/p>\n<hr>\n<h3>Gran Premio de M\u00f3naco de la F\u00f3rmula 1: d\u00edas, horarios y TV<\/h3>\n<\/p>\n<\/section>\n<\/div>\n<div class=\"sc-a7166897-0 exHLBh\" readability=\"6\">\n<section readability=\"2\"><picture><img alt=\"Debut\u00f3 el primer jugador de Inferiores en la era Zielinski \" src=\"http:\/\/hoycordobaweb.com\/wp-content\/uploads\/2024\/05\/estuvo-mas-de-12-anos-en-un-club-fue-verdugo-de-boca-y-ahora-lo-anuncio-cruzeiro-7.jpg\" width=\"290\" height=\"290\" decoding=\"async\" data-nimg=\"future\" loading=\"lazy\"><\/picture>\n<p><span>Mir\u00e1 tambi\u00e9n<\/span><\/p>\n<hr>\n<h3>Debut\u00f3 el primer jugador de Inferiores en la era Zielinski<br \/>\n<\/h3>\n<\/p>\n<\/section>\n<\/div>\n<\/div>\n","protected":false},"excerpt":{"rendered":"<p>21\/05\/2024 18:47hs. Es el fin de una era: este martes, \u00abarquero de Corinthians\u00bb dej\u00f3 oficialmente de ser sin\u00f3nimo de C\u00e1ssio, algo que hab\u00eda sucedido en los \u00faltimos 12 a\u00f1os y que marc\u00f3 a toda una generaci\u00f3n que vio sus atajadas en la Libertadores. Y sufri\u00f3, tambi\u00e9n: el ahora hombre de Cruzeiro, donde firm\u00f3 contrato por [&hellip;]<\/p>\n","protected":false},"author":1,"featured_media":77889,"comment_status":"open","ping_status":"closed","sticky":false,"template":"","format":"standard","meta":[],"categories":[16],"tags":[],"_links":{"self":[{"href":"http:\/\/hoycordobaweb.com\/index.php\/wp-json\/wp\/v2\/posts\/77888"}],"collection":[{"href":"http:\/\/hoycordobaweb.com\/index.php\/wp-json\/wp\/v2\/posts"}],"about":[{"href":"http:\/\/hoycordobaweb.com\/index.php\/wp-json\/wp\/v2\/types\/post"}],"author":[{"embeddable":true,"href":"http:\/\/hoycordobaweb.com\/index.php\/wp-json\/wp\/v2\/users\/1"}],"replies":[{"embeddable":true,"href":"http:\/\/hoycordobaweb.com\/index.php\/wp-json\/wp\/v2\/comments?post=77888"}],"version-history":[{"count":0,"href":"http:\/\/hoycordobaweb.com\/index.php\/wp-json\/wp\/v2\/posts\/77888\/revisions"}],"wp:featuredmedia":[{"embeddable":true,"href":"http:\/\/hoycordobaweb.com\/index.php\/wp-json\/wp\/v2\/media\/77889"}],"wp:attachment":[{"href":"http:\/\/hoycordobaweb.com\/index.php\/wp-json\/wp\/v2\/media?parent=77888"}],"wp:term":[{"taxonomy":"category","embeddable":true,"href":"http:\/\/hoycordobaweb.com\/index.php\/wp-json\/wp\/v2\/categories?post=77888"},{"taxonomy":"post_tag","embeddable":true,"href":"http:\/\/hoycordobaweb.com\/index.php\/wp-json\/wp\/v2\/tags?post=77888"}],"curies":[{"name":"wp","href":"https:\/\/api.w.org\/{rel}","templated":true}]}}