{"id":77792,"date":"2024-05-19T21:33:27","date_gmt":"2024-05-19T21:33:27","guid":{"rendered":"http:\/\/hoycordobaweb.com\/index.php\/2024\/05\/19\/clima-se-espera-una-semana-fria-pero-sin-lluvias-en-la-ciudad-de-buenos-aires-y-alrededores\/"},"modified":"2024-05-19T21:33:27","modified_gmt":"2024-05-19T21:33:27","slug":"clima-se-espera-una-semana-fria-pero-sin-lluvias-en-la-ciudad-de-buenos-aires-y-alrededores","status":"publish","type":"post","link":"http:\/\/hoycordobaweb.com\/index.php\/2024\/05\/19\/clima-se-espera-una-semana-fria-pero-sin-lluvias-en-la-ciudad-de-buenos-aires-y-alrededores\/","title":{"rendered":"Clima: se espera una semana fr\u00eda, pero sin lluvias, en la Ciudad de Buenos Aires y alrededores"},"content":{"rendered":"<div class=\"media_block\"><\/div>\n<p>Tras una semana con temperaturas bajas, <strong>el term\u00f3metro no pareciera subir en los pr\u00f3ximos d\u00edas<\/strong>. Es que el <a target=\"_blank\" href=\"https:\/\/www.perfil.com\/noticias\/actualidad\/reincorporaron-a-lucas-berengua-el-vocero-del-servicio-meteorologico-nacional-que-habian-echado-por-altavoz-tras-21-anos-de-trabajo.phtml\" rel=\"noopener noreferrer\">Servicio Meteorol\u00f3gico Nacional (SMN)<\/a> inform\u00f3 que se esperan<strong> unas jornadas y fr\u00edas y nubladas <\/strong>en la Ciudad de Buenos Aires y alrededores, aunque en principio sin lluvias pronosticadas.<\/p>\n<p>En ese sentido,&nbsp;<strong><a target=\"_blank\" href=\"https:\/\/www.perfil.com\/noticias\/canal-e\/en-que-situacion-se-encuentra-argentina-en-funcion-de-brindar-gas-para-el-invierno.phtml\" rel=\"noopener noreferrer\">las bajas temperaturas<\/a> parecen haberse instalado<\/strong>, siendo que&nbsp;en los pr\u00f3ximos d\u00edas incluso se notar\u00e1 un poco m\u00e1s el descenso t\u00e9rmico. Al respecto,&nbsp;las marcas m\u00e1ximas apenas superar\u00edan los 15 grados, con m\u00ednimas que podr\u00edan llegar hasta los 4 grados.<\/p>\n<p class=\"destacadoNota\"><a target=\"_blank\" href=\"https:\/\/www.perfil.com\/noticias\/amp\/sociedad\/asi-sera-el-clima-en-lo-que-resta-del-otono-y-durante-el-invierno.phtml\" rel=\"noopener noreferrer\">As\u00ed ser\u00e1 el clima en lo que resta del oto\u00f1o y durante el invierno<\/a><\/p>\n<div class=\"subscription\" readability=\"6.683257918552\">\n<p>\nEsto no les gusta a los autoritarios\n<\/p>\n<div class=\"subscription__container\" readability=\"6.1467391304348\">\n<div class=\"subscription__text-wrapper\" readability=\"31.20652173913\">\n<p>\nEl ejercicio del periodismo profesional y cr\u00edtico es un pilar fundamental de la democracia. Por eso molesta a quienes creen ser los due\u00f1os de la verdad.\n<\/p>\n<\/p><\/div>\n<\/div><\/div>\n<p>Como las nubes dir\u00e1n presentes, el fr\u00edo pude sentirse m\u00e1s, sin que el Sol pueda traer algo de calor a la hora de hacer actividades al aire libre.&nbsp;De esta manera, cuando&nbsp;<strong>falta m\u00e1s de un mes para la&nbsp;<a target=\"_blank\" href=\"https:\/\/www.perfil.com\/noticias\/actualidad\/como-sera-el-invierno-este-ano-el-servicio-meteorologico-nacional-adelanto-su-pronostico.phtml\" rel=\"noopener noreferrer\">llegada del invierno<\/a><\/strong>, se empieza a palpitar el clima habitual en esa estaci\u00f3n del a\u00f1o.<\/p>\n<h2><strong>D\u00eda por d\u00eda, c\u00f3mo estar\u00e1 el clima en CABA y alrededores<\/strong><\/h2>\n<p><img alt=\"fr\u00edo invierno g_20240429\" src=\"http:\/\/hoycordobaweb.com\/wp-content\/uploads\/2024\/05\/clima-se-espera-una-semana-fria-pero-sin-lluvias-en-la-ciudad-de-buenos-aires-y-alrededores-1.jpg\" loading=\"lazy\"><\/p>\n<p>Seg\u00fan el SMN, el <strong>lunes 20 de mayo<\/strong> se prev\u00e9 cielo algo a parcialmente nublado con&nbsp;vientos del norte y las marcas t\u00e9rmicas ir\u00e1n<strong> de los 5 a los 16 grados<\/strong>.<\/p>\n<p>Para el <strong>martes 21 de mayo&nbsp;<\/strong>se anuncia cielo mayormente nublado, vientos del norte cambiando al sudoeste y los term\u00f3metros se ubicar\u00e1n <strong>de los 10 a los 16 grados<\/strong>.<\/p>\n<p>El<strong> mi\u00e9rcoles 22 de mayo<\/strong> se espera cielo mayormente nublado y vientos del sudeste, con una temperatura<strong> m\u00ednima de 10 grados y una m\u00e1xima de 16<\/strong>, por lo que ser\u00e1<strong> el d\u00eda \u00abm\u00e1s agradable\u00bb de toda la semana junto al martes<\/strong>.<\/p>\n<p>Ya el <strong>jueves 23 de mayo <\/strong>se prev\u00e9 cielo mayormente nublado, vientos del sur y las marcas t\u00e9rmicas ir\u00e1n<strong> de los 9 a los 15 grados<\/strong>.<\/p>\n<p>En tanto, el<strong> viernes 24 de mayo<\/strong> se anuncia un clima similar a la jornada anterior, aunque las temperaturas ser\u00e1n levemente menores, con cielo mayormente nublado, vientos del sur y los term\u00f3metros se ubicar\u00e1n <strong>entre los 8 y los 13 grados<\/strong>.<\/p>\n<p>Por su parte, el <a target=\"_blank\" href=\"https:\/\/www.perfil.com\/noticias\/cordoba\/25-de-mayo-sin-pacto-con-los-gobernadores-y-con-milei-en-el-cabildo-de-cordoba.phtml\" rel=\"noopener noreferrer\"><strong>s\u00e1bado 25 de mayo<\/strong><\/a> se espera cielo algo a parcialmente nublado y vientos del sudoeste, con <strong>una temperatura m\u00ednima de 4 grados y una m\u00e1xima de 11<\/strong>, por lo que ser\u00e1 <strong>el d\u00eda m\u00e1s fr\u00edo de toda la semana<\/strong>.<\/p>\n<div class=\"article__tags\">\n<p>En esta Nota<\/p>\n<\/p><\/div>\n","protected":false},"excerpt":{"rendered":"<p>Tras una semana con temperaturas bajas, el term\u00f3metro no pareciera subir en los pr\u00f3ximos d\u00edas. Es que el Servicio Meteorol\u00f3gico Nacional (SMN) inform\u00f3 que se esperan unas jornadas y fr\u00edas y nubladas en la Ciudad de Buenos Aires y alrededores, aunque en principio sin lluvias pronosticadas. En ese sentido,&nbsp;las bajas temperaturas parecen haberse instalado, siendo [&hellip;]<\/p>\n","protected":false},"author":1,"featured_media":77793,"comment_status":"closed","ping_status":"closed","sticky":false,"template":"","format":"standard","meta":[],"categories":[19],"tags":[198,195,197,196],"_links":{"self":[{"href":"http:\/\/hoycordobaweb.com\/index.php\/wp-json\/wp\/v2\/posts\/77792"}],"collection":[{"href":"http:\/\/hoycordobaweb.com\/index.php\/wp-json\/wp\/v2\/posts"}],"about":[{"href":"http:\/\/hoycordobaweb.com\/index.php\/wp-json\/wp\/v2\/types\/post"}],"author":[{"embeddable":true,"href":"http:\/\/hoycordobaweb.com\/index.php\/wp-json\/wp\/v2\/users\/1"}],"replies":[{"embeddable":true,"href":"http:\/\/hoycordobaweb.com\/index.php\/wp-json\/wp\/v2\/comments?post=77792"}],"version-history":[{"count":0,"href":"http:\/\/hoycordobaweb.com\/index.php\/wp-json\/wp\/v2\/posts\/77792\/revisions"}],"wp:featuredmedia":[{"embeddable":true,"href":"http:\/\/hoycordobaweb.com\/index.php\/wp-json\/wp\/v2\/media\/77793"}],"wp:attachment":[{"href":"http:\/\/hoycordobaweb.com\/index.php\/wp-json\/wp\/v2\/media?parent=77792"}],"wp:term":[{"taxonomy":"category","embeddable":true,"href":"http:\/\/hoycordobaweb.com\/index.php\/wp-json\/wp\/v2\/categories?post=77792"},{"taxonomy":"post_tag","embeddable":true,"href":"http:\/\/hoycordobaweb.com\/index.php\/wp-json\/wp\/v2\/tags?post=77792"}],"curies":[{"name":"wp","href":"https:\/\/api.w.org\/{rel}","templated":true}]}}