{"id":77782,"date":"2024-05-19T22:35:03","date_gmt":"2024-05-19T22:35:03","guid":{"rendered":"https:\/\/www.ole.com.ar\/river-plate\/river-agustin-santanna-titular-lateral-boca-superclasico-exigencia-demichelis_0_nyTwxp8pmh.html"},"modified":"2024-05-19T22:35:03","modified_gmt":"2024-05-19T22:35:03","slug":"santanna-como-vivio-el-post-superclasico-la-exigencia-de-river-y-titularidad-ganada","status":"publish","type":"post","link":"http:\/\/hoycordobaweb.com\/index.php\/2024\/05\/19\/santanna-como-vivio-el-post-superclasico-la-exigencia-de-river-y-titularidad-ganada\/","title":{"rendered":"Sant&#8217;Anna: c\u00f3mo vivi\u00f3 el post supercl\u00e1sico, la exigencia de River y \u00bftitularidad ganada?"},"content":{"rendered":"<p><img src=\"http:\/\/hoycordobaweb.com\/wp-content\/uploads\/2024\/05\/santanna-como-vivio-el-post-superclasico-la-exigencia-de-river-y-titularidad-ganada.jpg\"><\/p>\n<p><time class=\"createDate\" datetime=\"2024-05-19T19:35:03-03:00\">19\/05\/2024 19:35hs.<\/time><\/p>\n<div id=\"storyBody\">\n<div class=\"custom-text \" readability=\"35\">\n<p><strong>\u00abSufr\u00ed esa semana, pero pas\u00e9 p\u00e1gina y me empec\u00e9 a entrenar bien para esperar la siguiente chance. El partido contra Central C\u00f3rdoba lo aprovech\u00e9 y por suerte pude jugar estos tres veces seguidas\u00bb.<\/strong><\/p>\n<\/div>\n<div class=\"custom-text \" readability=\"37.482517482517\">\n<p>No fue f\u00e1cil. Cuando <strong><a href=\"https:\/\/www.ole.com.ar\/tema\/agustin-santanna.html\" title=\"Agust\u00edn Sant'Anna\" alt=\"Agust\u00edn Sant'Anna\" class=\"slug\">Agust\u00edn Sant&#8217;Anna<\/a><\/strong> se plant\u00f3 en <strong>Defensa y Justicia<\/strong> para poder pasar a <strong><a href=\"https:\/\/www.ole.com.ar\/tema\/river-plate.html\" title=\"River Plate\" alt=\"River Plate\" class=\"slug\">River<\/a><\/strong>, sab\u00eda que adelante suyo ten\u00eda el mayor desaf\u00edo de su carrera, pero nunca imagin\u00f3 que r\u00e1pidamente iba a sufrir un golpe duro: esa falla en la marca ante <strong><a href=\"https:\/\/www.ole.com.ar\/tema\/boca-juniors.html\" title=\"Boca Juniors\" alt=\"Boca Juniors\" class=\"slug\">Boca<\/a><\/strong>, que deriv\u00f3 en el desborde de Blanco y el gol de Medina que decret\u00f3 el empate, <strong>no solo fue un martillazo a sus expectativas, sino que le cost\u00f3 su salida del equipo<\/strong>.<\/p>\n<\/div>\n<div class=\"custom-text \" readability=\"35.582142857143\">\n<p>S\u00ed, desde ese 25 de febrero, <strong><a href=\"https:\/\/www.ole.com.ar\/tema\/martin-demichelis.html\" title=\"Martin Demichelis\" alt=\"Martin Demichelis\" class=\"slug\">Mart\u00edn Demichelis<\/a><\/strong> <strong>no lo puso ni un minuto m\u00e1s&#8230; hasta el 24 de abril, en el triunfo ante Libertad en Paraguay (16&#8242;)<\/strong>. Su presencia en <a href=\"https:\/\/www.ole.com.ar\/river-plate\/agustin-santanna-river-plate-amistoso-tigre-lateral-derecho-herrera_0_E8STNgx7Fr.html\" target=\"_self\" title=\"dos de los tres amistosos informales de 45' contra Tigre\" alt=\"dos de los tres amistosos informales de 45' contra Tigre\" rel=\"noopener noreferrer\">dos de los tres amistosos informales de 45&#8242; contra Tigre<\/a> (\u00fanico jugador en hacerlo), cuatro d\u00edas antes de ese encuentro, se ley\u00f3 como un mensaje de que el cuerpo t\u00e9cnico quer\u00eda darle ritmo y tiempo de f\u00fatbol para que estuviera \u00f3ptimo a la hora de dar el zarpazo al 11 inicial. Claro, el flojo nivel de Herrera abr\u00eda una ventana que el uruguayo de 26 a\u00f1os no pretend\u00eda desaprovechar&#8230;<\/p>\n<\/div>\n<div class=\"custom-text \" readability=\"33.374316939891\">\n<p>Y no lo hizo. Su titularidad en la goleada a Central C\u00f3rdoba fue la bandera de largada a los <strong>270&#8242; consecutivos<\/strong> que acumula en el lateral derecho del equipo: luego de esa actuaci\u00f3n se sucedieron <strong>Nacional <\/strong>por <strong><a href=\"https:\/\/www.ole.com.ar\/tema\/copa-libertadores.html\" title=\"Copa Libertadores\" alt=\"Copa Libertadores\" class=\"slug\">Copa Libertadores<\/a><\/strong> y el reciente triunfo ante Belgrano.<strong> Una semana en la que super\u00f3 por m\u00e1s del doble los 193 minutos que acumulaba desde principio de a\u00f1o.<\/strong><\/p>\n<\/div>\n<div class=\"sc-e7b891c4-0 jPbnQF\"><img alt=\"Sant'Anna hace los m\u00e9ritos para quedarse con el lateral derecho (Prensa River).\" src=\"http:\/\/hoycordobaweb.com\/wp-content\/uploads\/2024\/05\/santanna-como-vivio-el-post-superclasico-la-exigencia-de-river-y-titularidad-ganada-2.jpg\" width=\"720\" height=\"100\" decoding=\"async\" data-nimg=\"future\" loading=\"lazy\"><span class=\"epigraphe\">Sant&#8217;Anna hace los m\u00e9ritos para quedarse con el lateral derecho (Prensa River).<\/span><\/div>\n<p><h2><strong>Un nivel obligado por la exigencia de River<\/strong><\/h2>\n<\/p>\n<div class=\"custom-text \" readability=\"41\">\n<p><strong>\u00abEstuve un tiempo afuera, pero me prepar\u00e9 para cuando me volviera a tocar para intentar aprovechar la chance. Vengo teniendo minutos, eso es bueno\u00bb<\/strong>, se\u00f1al\u00f3 el lateral en las \u00faltimas horas, destacando la continuidad en el juego y su muy buen rendimiento luego de todo lo que debi\u00f3 pasar antes de volver. Porque, sabe, la vara de <strong>River <\/strong>est\u00e1 a una altura que nunca antes hab\u00eda vivido.<\/p>\n<\/div>\n<div class=\"custom-text \" readability=\"43\">\n<p>\u00abCuando llegu\u00e9, me di cuenta que River te exige mucho. <strong>Quiz\u00e1s uno viene con ritmo y piensa que llega y se pone a la par, pero no: es un club que te exige mucho<\/strong>, la gente lo mismo. Lo entend\u00ed y me empec\u00e9 a entrenar m\u00e1s fuerte. Por suerte estoy jugando, cada partido que juegue lo voy a aprovechar al m\u00e1ximo\u00bb, fue claro al analizar lo que es el club en la diaria. Por caso, para el puesto compite con <strong>Herrera<\/strong>, un <strong>Boselli <\/strong>al que conoce de muy chico durante su paso por Defensor Sporting entre 2021 y 2022 y un <strong>Sim\u00f3n <\/strong>que tambi\u00e9n puede jugar ah\u00ed, m\u00e1s all\u00e1 de que desde hace un tiempo que es considerado en la mitad de la cancha.<\/p>\n<\/div>\n<div class=\"sc-e7b891c4-0 jPbnQF\"><img alt=\"En una semana sum\u00f3 m\u00e1s minutos (270') que en el resto del a\u00f1o (193') (AFP). \" src=\"http:\/\/hoycordobaweb.com\/wp-content\/uploads\/2024\/05\/santanna-como-vivio-el-post-superclasico-la-exigencia-de-river-y-titularidad-ganada-3.jpg\" width=\"720\" height=\"100\" decoding=\"async\" data-nimg=\"future\" loading=\"lazy\"><span class=\"epigraphe\">En una semana sum\u00f3 m\u00e1s minutos (270&#8242;) que en el resto del a\u00f1o (193&#8242;) (AFP). <\/span><\/div>\n<div class=\"custom-text \" readability=\"40\">\n<p>Lo positivo de <strong>Sant&#8217;Anna <\/strong>es que, si bien la oportunidad se le abri\u00f3 luego de varios partidos irregulares de Yacar\u00e9, <strong>est\u00e1 haciendo todos los m\u00e9ritos para apropiarse definitivamente de un lugar<\/strong> que desde la salida de Gonzalo Montiel en agosto del 2021 no tiene due\u00f1o: resistente como un fondista para seguir corriendo en el minuto 90, le aporta criterio y claridad al ataque de <strong>River <\/strong>cada vez que se proyecta. Al no elegir siempre el camino del desborde y centro, desconcierta a sus rivales: m\u00e1s de una vez opta por la diagonal, aparecer por el medio o enganchar para su zurda con el objetivo de prolongar la posesi\u00f3n con los volantes ofensivos.<\/p>\n<\/div>\n<div class=\"sc-a7166897-0 exHLBh\" readability=\"6\">\n<section readability=\"2\"><picture><img alt=\"Clasificaci\u00f3n a las Copas 2025: River es puntero de la general\" src=\"http:\/\/hoycordobaweb.com\/wp-content\/uploads\/2024\/05\/santanna-como-vivio-el-post-superclasico-la-exigencia-de-river-y-titularidad-ganada-4.jpg\" width=\"290\" height=\"290\" decoding=\"async\" data-nimg=\"future\" loading=\"lazy\"><\/picture>\n<p><span>Mir\u00e1 tambi\u00e9n<\/span><\/p>\n<hr>\n<h3>Clasificaci\u00f3n a las Copas 2025: River es puntero de la general<\/h3>\n<\/p>\n<\/section>\n<\/div>\n<div class=\"sc-a7166897-0 exHLBh\" readability=\"6\">\n<section readability=\"2\"><picture><img alt=\"Juli\u00e1n \u00c1lvarez campe\u00f3n: su mayor protagonismo en este t\u00edtulo\" src=\"http:\/\/hoycordobaweb.com\/wp-content\/uploads\/2024\/05\/santanna-como-vivio-el-post-superclasico-la-exigencia-de-river-y-titularidad-ganada-5.jpg\" width=\"290\" height=\"290\" decoding=\"async\" data-nimg=\"future\" loading=\"lazy\"><\/picture>\n<p><span>Mir\u00e1 tambi\u00e9n<\/span><\/p>\n<hr>\n<h3>Juli\u00e1n \u00c1lvarez campe\u00f3n: su mayor protagonismo en este t\u00edtulo<\/h3>\n<\/p>\n<\/section>\n<\/div>\n<div class=\"sc-a7166897-0 exHLBh\" readability=\"6.5\">\n<section readability=\"3\"><picture><img alt=\"Fecha 2 de la Liga Profesional: resultados, posiciones y c\u00f3mo sigue\" src=\"http:\/\/hoycordobaweb.com\/wp-content\/uploads\/2024\/05\/santanna-como-vivio-el-post-superclasico-la-exigencia-de-river-y-titularidad-ganada-6.jpg\" width=\"290\" height=\"290\" decoding=\"async\" data-nimg=\"future\" loading=\"lazy\"><\/picture>\n<p><span>Mir\u00e1 tambi\u00e9n<\/span><\/p>\n<hr>\n<h3>Fecha 2 de la Liga Profesional: resultados, posiciones y c\u00f3mo sigue<\/h3>\n<\/p>\n<\/section>\n<\/div>\n<div class=\"sc-a7166897-0 exHLBh\" readability=\"6\">\n<section readability=\"2\"><picture><img alt=\"El rom\u00e1ntico mensaje de apoyo de Evangelina Anderson para Demichelis\" src=\"http:\/\/hoycordobaweb.com\/wp-content\/uploads\/2024\/05\/santanna-como-vivio-el-post-superclasico-la-exigencia-de-river-y-titularidad-ganada-7.jpg\" width=\"290\" height=\"290\" decoding=\"async\" data-nimg=\"future\" loading=\"lazy\"><\/picture>\n<p><span>Mir\u00e1 tambi\u00e9n<\/span><\/p>\n<hr>\n<h3>El rom\u00e1ntico mensaje de apoyo de Evangelina Anderson para Demichelis<\/h3>\n<\/p>\n<\/section>\n<\/div>\n<div class=\"sc-a7166897-0 exHLBh\" readability=\"6.5\">\n<section readability=\"3\"><picture><img alt=\"&quot;Atajo yo&quot;: el recuerdo de River a tres a\u00f1os de la noche en la que Enzo P\u00e9rez ataj\u00f3 desgarrado\" src=\"http:\/\/hoycordobaweb.com\/wp-content\/uploads\/2024\/05\/santanna-como-vivio-el-post-superclasico-la-exigencia-de-river-y-titularidad-ganada-8.jpg\" width=\"290\" height=\"290\" decoding=\"async\" data-nimg=\"future\" loading=\"lazy\"><\/picture>\n<p><span>Mir\u00e1 tambi\u00e9n<\/span><\/p>\n<hr>\n<h3>\u00abAtajo yo\u00bb: el recuerdo de River a tres a\u00f1os de la noche en la que Enzo P\u00e9rez ataj\u00f3 desgarrado<\/h3>\n<\/p>\n<\/section>\n<\/div>\n<\/div>\n","protected":false},"excerpt":{"rendered":"<p>19\/05\/2024 19:35hs. \u00abSufr\u00ed esa semana, pero pas\u00e9 p\u00e1gina y me empec\u00e9 a entrenar bien para esperar la siguiente chance. El partido contra Central C\u00f3rdoba lo aprovech\u00e9 y por suerte pude jugar estos tres veces seguidas\u00bb. No fue f\u00e1cil. Cuando Agust\u00edn Sant&#8217;Anna se plant\u00f3 en Defensa y Justicia para poder pasar a River, sab\u00eda que adelante [&hellip;]<\/p>\n","protected":false},"author":1,"featured_media":77783,"comment_status":"open","ping_status":"closed","sticky":false,"template":"","format":"standard","meta":[],"categories":[16],"tags":[],"_links":{"self":[{"href":"http:\/\/hoycordobaweb.com\/index.php\/wp-json\/wp\/v2\/posts\/77782"}],"collection":[{"href":"http:\/\/hoycordobaweb.com\/index.php\/wp-json\/wp\/v2\/posts"}],"about":[{"href":"http:\/\/hoycordobaweb.com\/index.php\/wp-json\/wp\/v2\/types\/post"}],"author":[{"embeddable":true,"href":"http:\/\/hoycordobaweb.com\/index.php\/wp-json\/wp\/v2\/users\/1"}],"replies":[{"embeddable":true,"href":"http:\/\/hoycordobaweb.com\/index.php\/wp-json\/wp\/v2\/comments?post=77782"}],"version-history":[{"count":0,"href":"http:\/\/hoycordobaweb.com\/index.php\/wp-json\/wp\/v2\/posts\/77782\/revisions"}],"wp:featuredmedia":[{"embeddable":true,"href":"http:\/\/hoycordobaweb.com\/index.php\/wp-json\/wp\/v2\/media\/77783"}],"wp:attachment":[{"href":"http:\/\/hoycordobaweb.com\/index.php\/wp-json\/wp\/v2\/media?parent=77782"}],"wp:term":[{"taxonomy":"category","embeddable":true,"href":"http:\/\/hoycordobaweb.com\/index.php\/wp-json\/wp\/v2\/categories?post=77782"},{"taxonomy":"post_tag","embeddable":true,"href":"http:\/\/hoycordobaweb.com\/index.php\/wp-json\/wp\/v2\/tags?post=77782"}],"curies":[{"name":"wp","href":"https:\/\/api.w.org\/{rel}","templated":true}]}}