{"id":77701,"date":"2024-05-18T16:00:54","date_gmt":"2024-05-18T16:00:54","guid":{"rendered":"https:\/\/www.trendencias.com\/belleza\/ghd-dyson-lidl-tiene-cepillo-moldeador-que-cuesta-diez-euros-que-ideal-para-cabellos-cortos"},"modified":"2024-05-18T16:00:54","modified_gmt":"2024-05-18T16:00:54","slug":"ni-ghd-ni-dyson-lidl-tiene-un-cepillo-moldeador-que-cuesta-menos-de-diez-euros-y-que-es-ideal-para-cabellos-cortos","status":"publish","type":"post","link":"http:\/\/hoycordobaweb.com\/index.php\/2024\/05\/18\/ni-ghd-ni-dyson-lidl-tiene-un-cepillo-moldeador-que-cuesta-menos-de-diez-euros-y-que-es-ideal-para-cabellos-cortos\/","title":{"rendered":"Ni ghd, ni Dyson, Lidl tiene un cepillo moldeador que cuesta menos de diez euros y que es ideal para cabellos cortos"},"content":{"rendered":"<p>Son muchas las <strong>herramientas de peinado<\/strong> que encontramos en el mercado: &nbsp;tenemos secadores, <a href=\"https:\/\/www.trendencias.com\/belleza\/planchas-para-alisar-pelo-cual-mejor-comprar-consejos-recomendaciones-4\">planchas de pelo <\/a>y, por supuesto, cepillos moldeadores con los que podemos conseguir peinados de lo m\u00e1s variados y que, dependiendo de las caracter\u00edsticas, son ideales para cabellos m\u00e1s o menos largos.<\/p>\n<p><!-- BREAK 1 --> <\/p>\n<div class=\"article-asset article-asset-normal article-asset-center\">\n<div class=\"desvio-container\">\n<div class=\"desvio\">\n<div class=\"desvio-figure js-desvio-figure\"> <a href=\"https:\/\/www.trendencias.com\/belleza\/lucir-pelazo-hidratado-encrespamiento-facil-barato-elixir-aceite-argan-lidl\"> <img loading=\"lazy\" alt=\"El aceite de Lidl para lucir pelazo hidratado y sin encrespamiento que ya hemos fichado\" width=\"375\" height=\"142\" src=\"http:\/\/hoycordobaweb.com\/wp-content\/uploads\/2024\/05\/ni-ghd-ni-dyson-lidl-tiene-un-cepillo-moldeador-que-cuesta-menos-de-diez-euros-y-que-es-ideal-para-cabellos-cortos.jpg\"> <\/a> <\/div><\/div><\/div>\n<\/div>\n<div class=\"article-asset-image article-asset-normal article-asset-center\">\n<div class=\"asset-content\"> <img class=\"centro_sinmarco\" height=\"1125\" width=\"1500\" loading=\"lazy\" decoding=\"async\" sizes=\"100vw\" fetchpriority=\"high\" srcset=\"http:\/\/hoycordobaweb.com\/wp-content\/uploads\/2024\/05\/ni-ghd-ni-dyson-lidl-tiene-un-cepillo-moldeador-que-cuesta-menos-de-diez-euros-y-que-es-ideal-para-cabellos-cortos-1.jpg 450w, http:\/\/hoycordobaweb.com\/wp-content\/uploads\/2024\/05\/ni-ghd-ni-dyson-lidl-tiene-un-cepillo-moldeador-que-cuesta-menos-de-diez-euros-y-que-es-ideal-para-cabellos-cortos-5.jpg 681w, http:\/\/hoycordobaweb.com\/wp-content\/uploads\/2024\/05\/ni-ghd-ni-dyson-lidl-tiene-un-cepillo-moldeador-que-cuesta-menos-de-diez-euros-y-que-es-ideal-para-cabellos-cortos-6.jpg 1024w, http:\/\/hoycordobaweb.com\/wp-content\/uploads\/2024\/05\/ni-ghd-ni-dyson-lidl-tiene-un-cepillo-moldeador-que-cuesta-menos-de-diez-euros-y-que-es-ideal-para-cabellos-cortos-7.jpg 1366w\" src=\"http:\/\/hoycordobaweb.com\/wp-content\/uploads\/2024\/05\/ni-ghd-ni-dyson-lidl-tiene-un-cepillo-moldeador-que-cuesta-menos-de-diez-euros-y-que-es-ideal-para-cabellos-cortos-1.jpg\" alt=\"Moldeador Lidl1\"> <noscript><img alt=\"Moldeador Lidl1\" class=\"centro_sinmarco\" src=\"http:\/\/hoycordobaweb.com\/wp-content\/uploads\/2024\/05\/ni-ghd-ni-dyson-lidl-tiene-un-cepillo-moldeador-que-cuesta-menos-de-diez-euros-y-que-es-ideal-para-cabellos-cortos-1.jpg\"><\/noscript> <\/div>\n<\/div>\n<p>En esta ocasi\u00f3n hemos fichado uno <em>low cost <\/em>de <a href=\"https:\/\/trendencias.com\/tag\/Lidl\">Lidl <\/a>que tiene un precio de <a rel=\"nofollow, sponsored, noopener, noreferrer noopener\" target=\"_blank\" class=\"js-ecommerce\" href=\"https:\/\/www.trendencias.com\/redirect?url=https%3A%2F%2Fwww.lidl.es%2Fes%2Fmoldeador-de-aire-caliente-300-w%2Fp64148%23product_ratings&amp;category=belleza&amp;ecomPostExpiration=perish&amp;postId=627007\" data-vars-affiliate-url=\"https:\/\/www.trendencias.com\/redirect?url=https%3A%2F%2Fwww.lidl.es%2Fes%2Fmoldeador-de-aire-caliente-300-w%2Fp64148%23product_ratings&amp;category=belleza&amp;ecomPostExpiration=perish&amp;postId=627007\">9,99 euros,<\/a> concretamente, el <strong>moldeador de aire caliente 300 W<\/strong>, un cepillo que se recomienda, sobre todo, para cabellos cortos ya que podemos conseguir darles volumen, forma y mucho estilo.<\/p>\n<p><!-- BREAK 2 --><\/p>\n<div class=\"article-asset-image article-asset-normal article-asset-center\">\n<div class=\"asset-content\"> <img class=\"centro_sinmarco\" height=\"1125\" width=\"1500\" loading=\"lazy\" decoding=\"async\" sizes=\"100vw\" fetchpriority=\"high\" srcset=\"http:\/\/hoycordobaweb.com\/wp-content\/uploads\/2024\/05\/ni-ghd-ni-dyson-lidl-tiene-un-cepillo-moldeador-que-cuesta-menos-de-diez-euros-y-que-es-ideal-para-cabellos-cortos-2.jpg 450w, http:\/\/hoycordobaweb.com\/wp-content\/uploads\/2024\/05\/ni-ghd-ni-dyson-lidl-tiene-un-cepillo-moldeador-que-cuesta-menos-de-diez-euros-y-que-es-ideal-para-cabellos-cortos-8.jpg 681w, http:\/\/hoycordobaweb.com\/wp-content\/uploads\/2024\/05\/ni-ghd-ni-dyson-lidl-tiene-un-cepillo-moldeador-que-cuesta-menos-de-diez-euros-y-que-es-ideal-para-cabellos-cortos-9.jpg 1024w, http:\/\/hoycordobaweb.com\/wp-content\/uploads\/2024\/05\/ni-ghd-ni-dyson-lidl-tiene-un-cepillo-moldeador-que-cuesta-menos-de-diez-euros-y-que-es-ideal-para-cabellos-cortos-10.jpg 1366w\" src=\"http:\/\/hoycordobaweb.com\/wp-content\/uploads\/2024\/05\/ni-ghd-ni-dyson-lidl-tiene-un-cepillo-moldeador-que-cuesta-menos-de-diez-euros-y-que-es-ideal-para-cabellos-cortos-2.jpg\" alt=\"Moldeador Lidl\"> <noscript><img alt=\"Moldeador Lidl\" class=\"centro_sinmarco\" src=\"http:\/\/hoycordobaweb.com\/wp-content\/uploads\/2024\/05\/ni-ghd-ni-dyson-lidl-tiene-un-cepillo-moldeador-que-cuesta-menos-de-diez-euros-y-que-es-ideal-para-cabellos-cortos-2.jpg\"><\/noscript> <\/div>\n<\/div>\n<p>Su funci\u00f3n <strong>no solo es secar, sino tambi\u00e9n moldear de forma sencilla<\/strong> ya que combina lo mejor de un secador con un cepillo redondo con el que podemos proporcionar volumen a la ra\u00edz, pero tambi\u00e9n moldear el resto de la melena y hasta conseguir ondas.<\/p>\n<p><!-- BREAK 3 --> <\/p>\n<p>Lo mejor es que leyendo los comentarios, parece ser que tiene una <strong>calidad precio estupend<\/strong>a ya que cuenta con casi cinco estrellas: <em>\u00abEleg\u00ed este cepillo porque estaba buscando un secador para pelo corto. Es perfecto para esto porque el accesorio del cepillo es estrecho. Hasta ahora estoy satisfecho y la relaci\u00f3n precio-rendimiento no se puede criticar\u00bb; \u00abLigero. Cepillo rizador fino. Buen valor para el precio. Tama\u00f1o de cepillo muy adecuado para pelo corto\u00bb<\/em>&#8230; Vamos, que tiene pinta de merecer mucho la pena.<\/p>\n<p><!-- BREAK 4 --><!-- PIVOT START --><\/p>\n<div class=\"pivot-ecommerce-container m-pivot-ecommerce-redesign article-asset-normal article-asset-center\" readability=\"25.652892561983\">\n<div class=\"pivot-ecommerce\" readability=\"3.4736842105263\">\n<div class=\"pivot-ecommerce-figure\"> <a rel=\"nofollow, sponsored, noopener, noreferrer noopener\" target=\"_blank\" href=\"https:\/\/www.trendencias.com\/redirect?url=https%3A%2F%2Fwww.lidl.es%2Fes%2Fmoldeador-de-aire-caliente-300-w%2Fp64148%23product_ratings&amp;category=belleza&amp;pivot=1&amp;ecomPostExpiration=perish&amp;postId=627007\"> <img loading=\"lazy\" alt=\"Moldeador de aire caliente 300 W\" width=\"1125\" height=\"1125\" src=\"http:\/\/hoycordobaweb.com\/wp-content\/uploads\/2024\/05\/ni-ghd-ni-dyson-lidl-tiene-un-cepillo-moldeador-que-cuesta-menos-de-diez-euros-y-que-es-ideal-para-cabellos-cortos-3.jpg\"> <\/a> <\/div>\n<div class=\"pivot-ecommerce-summary\" readability=\"4.0526315789474\">\n<p class=\"pivot-ecommerce-desc\">Moldeador de aire caliente 300 W<\/p>\n<\/p><\/div><\/div>\n<p>* Alg\u00fan precio puede haber cambiado desde la \u00faltima revisi\u00f3n<\/p>\n<\/p><\/div>\n<p><!-- PIVOT END --><\/p>\n<p>Fotos | <a rel=\"noopener, noreferrer\" href=\"https:\/\/unsplash.com\/es\/@hungngng?utm_content=creditCopyText&amp;utm_medium=referral&amp;utm_source=unsplash\">H\u01b0ng Nguy\u1ec5n<\/a> en <a rel=\"noopener, noreferrer\" href=\"https:\/\/unsplash.com\/es\/fotos\/mujer-con-camisa-de-rayas-blancas-y-marrones-de-pie-en-el-campo-de-hierba-verde-durante-el-dia-fH8IFMpHncE?utm_content=creditCopyText&amp;utm_medium=referral&amp;utm_source=unsplash\">Unsplash<\/a> y Lidl<\/p>\n<p><!-- BREAK 5 --><\/p>\n<p>En Trendencias | <a href=\"https:\/\/www.trendencias.com\/belleza\/champu-cebolla-sirve-como-funciona-cinco-mejores-opciones-para-cuidar-tu-pelo\">Champ\u00fa de cebolla: para qu\u00e9 sirve, c\u00f3mo funciona y las cinco mejores opciones para cuidar tu pelo<\/a><\/p>\n<p><!-- BREAK 6 --> <\/p>\n","protected":false},"excerpt":{"rendered":"<p>Son muchas las herramientas de peinado que encontramos en el mercado: &nbsp;tenemos secadores, planchas de pelo y, por supuesto, cepillos moldeadores con los que podemos conseguir peinados de lo m\u00e1s variados y que, dependiendo de las caracter\u00edsticas, son ideales para cabellos m\u00e1s o menos largos. En esta ocasi\u00f3n hemos fichado uno low cost de Lidl [&hellip;]<\/p>\n","protected":false},"author":1,"featured_media":77702,"comment_status":"closed","ping_status":"closed","sticky":false,"template":"","format":"standard","meta":[],"categories":[],"tags":[],"_links":{"self":[{"href":"http:\/\/hoycordobaweb.com\/index.php\/wp-json\/wp\/v2\/posts\/77701"}],"collection":[{"href":"http:\/\/hoycordobaweb.com\/index.php\/wp-json\/wp\/v2\/posts"}],"about":[{"href":"http:\/\/hoycordobaweb.com\/index.php\/wp-json\/wp\/v2\/types\/post"}],"author":[{"embeddable":true,"href":"http:\/\/hoycordobaweb.com\/index.php\/wp-json\/wp\/v2\/users\/1"}],"replies":[{"embeddable":true,"href":"http:\/\/hoycordobaweb.com\/index.php\/wp-json\/wp\/v2\/comments?post=77701"}],"version-history":[{"count":0,"href":"http:\/\/hoycordobaweb.com\/index.php\/wp-json\/wp\/v2\/posts\/77701\/revisions"}],"wp:featuredmedia":[{"embeddable":true,"href":"http:\/\/hoycordobaweb.com\/index.php\/wp-json\/wp\/v2\/media\/77702"}],"wp:attachment":[{"href":"http:\/\/hoycordobaweb.com\/index.php\/wp-json\/wp\/v2\/media?parent=77701"}],"wp:term":[{"taxonomy":"category","embeddable":true,"href":"http:\/\/hoycordobaweb.com\/index.php\/wp-json\/wp\/v2\/categories?post=77701"},{"taxonomy":"post_tag","embeddable":true,"href":"http:\/\/hoycordobaweb.com\/index.php\/wp-json\/wp\/v2\/tags?post=77701"}],"curies":[{"name":"wp","href":"https:\/\/api.w.org\/{rel}","templated":true}]}}