{"id":77645,"date":"2024-05-17T13:35:25","date_gmt":"2024-05-17T13:35:25","guid":{"rendered":"https:\/\/www.mujerhoy.com\/moda\/tendencias\/sandalias-cunas-metalizadas-arrasar-verano-bonitas-elegantes-comodas-rebajadas-20240517125323-nt.html"},"modified":"2024-05-17T13:35:25","modified_gmt":"2024-05-17T13:35:25","slug":"las-cunas-metalizadas-que-van-a-arrasar-este-verano-porque-son-bonitas-y-comodas-y-ademas-estan-rebajadas","status":"publish","type":"post","link":"http:\/\/hoycordobaweb.com\/index.php\/2024\/05\/17\/las-cunas-metalizadas-que-van-a-arrasar-este-verano-porque-son-bonitas-y-comodas-y-ademas-estan-rebajadas\/","title":{"rendered":"Las cu\u00f1as metalizadas que van a arrasar este verano porque son bonitas y c\u00f3modas (y adem\u00e1s, est\u00e1n rebajadas)"},"content":{"rendered":"<p><!-- AUTHOR --> <\/p>\n<div class=\"voc-author-timesocial \"> <!-- AUTHOR --> <\/p>\n<div class=\"voc-author-timesocial__signature\"> <!-- IMAGE AUTHOR --> <picture class=\"voc-image-signature\"> <img class=\"voc-image-signature__img\" src=\"http:\/\/hoycordobaweb.com\/wp-content\/uploads\/2024\/05\/las-cunas-metalizadas-que-van-a-arrasar-este-verano-porque-son-bonitas-y-comodas-y-ademas-estan-rebajadas.jpg\" alt=\"Sara Flamenco\"> <\/picture> <!-- INFO AUTHOR --> <\/div><\/div>\n<p> <!-- COMPONENTS --> <\/p>\n<p class=\"voc-paragraph\">Llega el buen tiempo y <a data-voc-vtm-id=\"in-text-traffic\" href=\"https:\/\/www.mujerhoy.com\/moda\/no-te-pierdas\/sandalias-tacon-comodas-elegantes-baratas-verano-2024-zara-sezane-inditex-20240507180641-nt.html\">las sandalias<\/a> empieza a ocupar un lugar protagonista en nuestro zapatero. Es dif\u00edcil encontrar ese <strong>modelo que combine la elegancia que todas esperamos de nuestros looks con la comodidad<\/strong> para patearnos la ciudad en nuestras escapadas veraniegas, pero aunque no lo creas, hemos encontrado el modelo ideal.\n<\/p>\n<p class=\"voc-paragraph\">Una de las firmas que consiguen este binomio tan buscado es, sin duda, Pikolinos y estamos de enhorabuena, porque hemos dado con <strong>el modelo ideal y a un precio m\u00e1s que atractivo<\/strong>. Se trata de <a data-voc-vtm-id=\"in-text-traffic\" href=\"https:\/\/www.mujerhoy.com\/moda\/no-te-pierdas\/cunas-yute-tendencia-modelos-originales-corte-ingles-20240513132513-nt.html\">unas cu\u00f1as<\/a> metalizadas y con un puntito diferente, lo que te convertir\u00e1 en la reina del verano.\n<\/p>\n<div class=\"voc-detail__cmp\">\n<div class=\"voc-article-container\">\n<article class=\"voc-article voc-article--cmp-related voc-article--photo-left voc-article--photo-left--right-xs voc-home-tit-st\">\n<div class=\"voc-img-container \"> <picture> <a href=\"https:\/\/www.mujerhoy.com\/moda\/no-te-pierdas\/alpargatas-zara-calzado-primavera-basico-tendencia-fondo-armario-mejor-combina-20240516104222-nt.html#vca=modulos&amp;vso=mujerhoy&amp;vmc=noticias-rel-cmp&amp;vli=tendencias\" class=\"voc-horizontal voc-img-icon-link\"> <img alt=\"Estas alpargatas de Zara son mi mejor compra de primavera: combinan con todo y elevan mis looks\" loading=\"lazy\" src=\"http:\/\/hoycordobaweb.com\/wp-content\/uploads\/2024\/05\/las-cunas-metalizadas-que-van-a-arrasar-este-verano-porque-son-bonitas-y-comodas-y-ademas-estan-rebajadas.webp\"> <\/a> <\/picture> <\/div>\n<\/article><\/div>\n<\/div>\n<p class=\"voc-paragraph\">Y es que las grandes firmas han hablado y han sentenciado como tendencias ganadoras las sandalias joya, con una cu\u00f1a <strong>muy favorecedora para estilizar <\/strong>las piernas y con un puntito romano para diferenciarse de otros modelos m\u00e1s tradicionales. Y este modelo del que vamos a hablarte hoy, lo tiene todo.\n<\/p>\n<div class=\"voc-detail__cmp\">\n<div class=\"voc-article-container\">\n<article class=\"voc-article voc-article--cmp-photo-text\" readability=\"26\">\n<div class=\"voc-img-container\" readability=\"7\"> <picture>\n<div class=\"voc-horizontal voc-img-icon-link\"> <img loading=\"lazy\" src=\"http:\/\/hoycordobaweb.com\/wp-content\/uploads\/2024\/05\/las-cunas-metalizadas-que-van-a-arrasar-este-verano-porque-son-bonitas-y-comodas-y-ademas-estan-rebajadas-1.webp\" alt=\"Sandalias metalizadas de Pikolinos. \" width=\"624\" height=\"624\"> <\/div>\n<\/picture>\n<p class=\"figure-caption \"> Sandalias metalizadas de Pikolinos. <span class=\"voc-photo-author\"> <\/span> <\/p>\n<\/p><\/div>\n<\/article><\/div>\n<\/div>\n<p> <span class=\"btn-c btn-c--center\"> <a href=\"https:\/\/detiendas.eu\/1CBJ3qe4YpWUMaMvbeizMn\" rel=\"nofollow, sponsored noopener noreferrer\" data-voc-vtm-id=\"comprar-ofertas-ext\" data-voc-vtm-info=\"mujerhoy:https:\/\/detiendas.eu\/1CBJ3qe4YpWUMaMvbeizMn\" class=\"btn\" target=\"_blank\"> En El Corte Ingl\u00e9s por 91 euros <\/a><br \/>\n<\/span> <\/p>\n<p class=\"voc-paragraph\">Como ves, se trata de <strong>unas sandalias metalizadas, lo que podr\u00eda imitar el efecto joya<\/strong>, con cu\u00f1as de esparto para equilibrar la elegancia y hacerlas aptas para los looks diarios y un favorecedor cord\u00f3n que puedes atar a tu tobillo e imitar as\u00ed el estilo romano que tanto se lleva.\n<\/p>\n<p class=\"voc-paragraph\">Adem\u00e1s, no s\u00f3lo cuentan con la cu\u00f1a para a\u00f1adirte unos cent\u00edmetros disimuladamente, sino que <strong>agregan un poco de plataforma para convertirlas en un calzado todoterreno<\/strong> con el que podr\u00e1s hacer kil\u00f3metros y kil\u00f3metros sin restar al look ni un \u00e1pice de su elegancia.\n<\/p>\n<p class=\"voc-paragraph\">\u00bfUn punto extra de estas sandalias de Pikolinos?<br \/>\n<strong> Ese detalle vegetal en los cordones <\/strong>que nos ha vuelto completamente locas. Y a esto le a\u00f1adimos que ahora est\u00e1n con <strong>un 20% de descuento<\/strong> y puedes conseguirlas por 91 euros en lugar de los 114,95 euros originales. Toda una oportunidad.\n<\/p>\n<p><h3 class=\"voc-detail__title\"> Otras versiones de la t\u00edpica cu\u00f1a que te encantar\u00e1n<br \/>\n<\/h3>\n<\/p>\n<p class=\"voc-paragraph\">Los gustos son muy subjetivos y puede que este modelo no se adapte al tuyo. No te preocupes, porque<br \/>\n<strong> para ti tambi\u00e9n existen otras opciones en El Corte Ingl\u00e9s <\/strong>con las que te sentir\u00e1s muy c\u00f3moda. Modelos sport, otros m\u00e1s casual y tambi\u00e9n m\u00e1s cl\u00e1sicos, sea cual sea tu estilo, puedes encontrar unas sandalias de cu\u00f1a a tu gusto.\n<\/p>\n<p><h3 class=\"voc-detail__title\"> Las m\u00e1s atrevidas<br \/>\n<\/h3>\n<\/p>\n<div class=\"voc-detail__cmp\">\n<div class=\"voc-article-container\">\n<article class=\"voc-article voc-article--cmp-photo-text\" readability=\"26\">\n<div class=\"voc-img-container\" readability=\"7\"> <picture>\n<div class=\"voc-horizontal voc-img-icon-link\"> <img loading=\"lazy\" src=\"http:\/\/hoycordobaweb.com\/wp-content\/uploads\/2024\/05\/las-cunas-metalizadas-que-van-a-arrasar-este-verano-porque-son-bonitas-y-comodas-y-ademas-estan-rebajadas-2.webp\" alt=\"Sandalias de cu\u00f1a de la firma Gioseppo. \" width=\"624\" height=\"624\"> <\/div>\n<\/picture>\n<p class=\"figure-caption \"> Sandalias de cu\u00f1a de la firma Gioseppo. <span class=\"voc-photo-author\"> <\/span> <\/p>\n<\/p><\/div>\n<\/article><\/div>\n<\/div>\n<p> <span class=\"btn-c btn-c--center\"> <a href=\"https:\/\/detiendas.eu\/1CBJ3vMK817SP5fN9i48HL\" rel=\"nofollow, sponsored noopener noreferrer\" data-voc-vtm-id=\"comprar-ofertas-ext\" data-voc-vtm-info=\"mujerhoy:https:\/\/detiendas.eu\/1CBJ3vMK817SP5fN9i48HL\" class=\"btn\" target=\"_blank\"> En El Corte Ingl\u00e9s por 69,95 euros <\/a><br \/>\n<\/span> <\/p>\n<p class=\"voc-paragraph\">De la firma <strong>Gioseppo <\/strong>son estas sandalias de cu\u00f1a que nos han enamorado. Como veis, combinan el estilo cl\u00e1sico de las alpargatas con la modernidad del estampado de leopardo. Adem\u00e1s, la cu\u00f1a de esparto se une a<br \/>\n<strong> una plataforma deportiva<\/strong>, que la convierten en la opci\u00f3n m\u00e1s c\u00f3moda para andar en cualquier terreno.\n<\/p>\n<p><h3 class=\"voc-detail__title\"> Un modelo cl\u00e1sico y elegante<br \/>\n<\/h3>\n<\/p>\n<div class=\"voc-detail__cmp\">\n<div class=\"voc-article-container\">\n<article class=\"voc-article voc-article--cmp-photo-text\" readability=\"26\">\n<div class=\"voc-img-container\" readability=\"7\"> <picture>\n<div class=\"voc-horizontal voc-img-icon-link\"> <img loading=\"lazy\" src=\"http:\/\/hoycordobaweb.com\/wp-content\/uploads\/2024\/05\/las-cunas-metalizadas-que-van-a-arrasar-este-verano-porque-son-bonitas-y-comodas-y-ademas-estan-rebajadas-3.webp\" alt=\"Sandalias de cu\u00f1a de Tommy Hilfiger. \" width=\"624\" height=\"624\"> <\/div>\n<\/picture>\n<p class=\"figure-caption \"> Sandalias de cu\u00f1a de Tommy Hilfiger. <span class=\"voc-photo-author\"> <\/span> <\/p>\n<\/p><\/div>\n<\/article><\/div>\n<\/div>\n<p> <span class=\"btn-c btn-c--center\"> <a href=\"https:\/\/detiendas.eu\/1CBJ3xiNCjgSyRDRMiABdn\" rel=\"nofollow, sponsored noopener noreferrer\" data-voc-vtm-id=\"comprar-ofertas-ext\" data-voc-vtm-info=\"mujerhoy:https:\/\/detiendas.eu\/1CBJ3xiNCjgSyRDRMiABdn\" class=\"btn\" target=\"_blank\"> En El Corte Ingl\u00e9s por 109,90 euros <\/a><br \/>\n<\/span> <\/p>\n<p class=\"voc-paragraph\"><strong>Tommy Hilfiger <\/strong>apuesta por la elegancia m\u00e1s cl\u00e1sica con estas cu\u00f1as alt\u00edsimas elaboradas en lino tejido con efecto esparto. Su cierre de hebilla que <strong>se ajusta al tobillo <\/strong>le aportan un plus de seguridad y elegancia y su \u00fanica tira delantera le deja todo el protagonismo al pie.\n<\/p>\n<p><h3 class=\"voc-detail__title\"> Estilo deportivo y moderno<br \/>\n<\/h3>\n<\/p>\n<div class=\"voc-detail__cmp\">\n<div class=\"voc-article-container\">\n<article class=\"voc-article voc-article--cmp-photo-text\" readability=\"26\">\n<div class=\"voc-img-container\" readability=\"7\"> <picture>\n<div class=\"voc-horizontal voc-img-icon-link\"> <img loading=\"lazy\" src=\"http:\/\/hoycordobaweb.com\/wp-content\/uploads\/2024\/05\/las-cunas-metalizadas-que-van-a-arrasar-este-verano-porque-son-bonitas-y-comodas-y-ademas-estan-rebajadas-4.webp\" alt=\"Sandalias de cu\u00f1a de la firma Clarks. \" width=\"624\" height=\"624\"> <\/div>\n<\/picture>\n<p class=\"figure-caption \"> Sandalias de cu\u00f1a de la firma Clarks. <span class=\"voc-photo-author\"> <\/span> <\/p>\n<\/p><\/div>\n<\/article><\/div>\n<\/div>\n<p> <span class=\"btn-c btn-c--center\"> <a href=\"https:\/\/detiendas.eu\/1CBJ3zYbe3XVgmiex88zjP\" rel=\"nofollow, sponsored noopener noreferrer\" data-voc-vtm-id=\"comprar-ofertas-ext\" data-voc-vtm-info=\"mujerhoy:https:\/\/detiendas.eu\/1CBJ3zYbe3XVgmiex88zjP\" class=\"btn\" target=\"_blank\"> En El Corte Ingl\u00e9s por 84 euros <\/a><br \/>\n<\/span> <\/p>\n<p class=\"voc-paragraph\">Este modelo de <strong>Clarks <\/strong>tambi\u00e9n est\u00e1 rebajado, as\u00ed que si lo tuyo es vestir de sport con un toque moderno y actual, tambi\u00e9n tienes tu sandalia favorita. <strong>Plataforma y cu\u00f1a de infarto<\/strong> para sumar cent\u00edmetros a tu estatura original y un modelo rompedor para convertir tu look en algo inolvidable.\n<\/p>\n<p><h3 class=\"voc-detail__title\"> Tipo cangrejeras (aunque ya no se lleven)<br \/>\n<\/h3>\n<\/p>\n<div class=\"voc-detail__cmp\">\n<div class=\"voc-article-container\">\n<article class=\"voc-article voc-article--cmp-photo-text\" readability=\"26\">\n<div class=\"voc-img-container\" readability=\"7\"> <picture>\n<div class=\"voc-horizontal voc-img-icon-link\"> <img loading=\"lazy\" src=\"http:\/\/hoycordobaweb.com\/wp-content\/uploads\/2024\/05\/las-cunas-metalizadas-que-van-a-arrasar-este-verano-porque-son-bonitas-y-comodas-y-ademas-estan-rebajadas-5.webp\" alt=\"Sandalias tipo cangrejeras de Sfera. \" width=\"624\" height=\"624\"> <\/div>\n<\/picture>\n<p class=\"figure-caption \"> Sandalias tipo cangrejeras de Sfera. <span class=\"voc-photo-author\"> <\/span> <\/p>\n<\/p><\/div>\n<\/article><\/div>\n<\/div>\n<p> <span class=\"btn-c btn-c--center\"> <a href=\"https:\/\/detiendas.eu\/1CBJ42oMD52hqmz3ovANtQ\" rel=\"nofollow, sponsored noopener noreferrer\" data-voc-vtm-id=\"comprar-ofertas-ext\" data-voc-vtm-info=\"mujerhoy:https:\/\/detiendas.eu\/1CBJ42oMD52hqmz3ovANtQ\" class=\"btn\" target=\"_blank\"> En El Corte Ingl\u00e9s por 21,99 euros <\/a><br \/>\n<\/span> <\/p>\n<p class=\"voc-paragraph\">Despu\u00e9s de ostentar el podio durante dos veranos consecutivos,<br \/>\n<strong> las cangrejeras han pasado a un segundo plano<\/strong>. Pero si eres una enamorada de este estilo puedes <a data-voc-vtm-id=\"in-text-traffic\" href=\"https:\/\/www.mujerhoy.com\/moda\/tendencias\/cangrejeras-tendencia-bonitas-como-llevar-primavera-20240330130324-nt.html\">darle una oportunidad<\/a> a este modelo de <strong>Sfera <\/strong>con una cu\u00f1a bajita y c\u00f3moda y en color metalizado para tus looks m\u00e1s sencillos del d\u00eda a d\u00eda.\n<\/p>\n<p> <!-- TOPICS --> <\/p>\n","protected":false},"excerpt":{"rendered":"<p>Llega el buen tiempo y las sandalias empieza a ocupar un lugar protagonista en nuestro zapatero. Es dif\u00edcil encontrar ese modelo que combine la elegancia que todas esperamos de nuestros looks con la comodidad para patearnos la ciudad en nuestras escapadas veraniegas, pero aunque no lo creas, hemos encontrado el modelo ideal. Una de las [&hellip;]<\/p>\n","protected":false},"author":1,"featured_media":77646,"comment_status":"closed","ping_status":"closed","sticky":false,"template":"","format":"standard","meta":[],"categories":[],"tags":[],"_links":{"self":[{"href":"http:\/\/hoycordobaweb.com\/index.php\/wp-json\/wp\/v2\/posts\/77645"}],"collection":[{"href":"http:\/\/hoycordobaweb.com\/index.php\/wp-json\/wp\/v2\/posts"}],"about":[{"href":"http:\/\/hoycordobaweb.com\/index.php\/wp-json\/wp\/v2\/types\/post"}],"author":[{"embeddable":true,"href":"http:\/\/hoycordobaweb.com\/index.php\/wp-json\/wp\/v2\/users\/1"}],"replies":[{"embeddable":true,"href":"http:\/\/hoycordobaweb.com\/index.php\/wp-json\/wp\/v2\/comments?post=77645"}],"version-history":[{"count":0,"href":"http:\/\/hoycordobaweb.com\/index.php\/wp-json\/wp\/v2\/posts\/77645\/revisions"}],"wp:featuredmedia":[{"embeddable":true,"href":"http:\/\/hoycordobaweb.com\/index.php\/wp-json\/wp\/v2\/media\/77646"}],"wp:attachment":[{"href":"http:\/\/hoycordobaweb.com\/index.php\/wp-json\/wp\/v2\/media?parent=77645"}],"wp:term":[{"taxonomy":"category","embeddable":true,"href":"http:\/\/hoycordobaweb.com\/index.php\/wp-json\/wp\/v2\/categories?post=77645"},{"taxonomy":"post_tag","embeddable":true,"href":"http:\/\/hoycordobaweb.com\/index.php\/wp-json\/wp\/v2\/tags?post=77645"}],"curies":[{"name":"wp","href":"https:\/\/api.w.org\/{rel}","templated":true}]}}