{"id":77601,"date":"2024-05-16T15:25:25","date_gmt":"2024-05-16T15:25:25","guid":{"rendered":"https:\/\/www.mujerhoy.com\/moda\/no-te-pierdas\/faldas-basicas-primavera-verano-baratas-lefties-20240516085621-nt.html"},"modified":"2024-05-16T15:25:25","modified_gmt":"2024-05-16T15:25:25","slug":"baratas-y-practicas-asi-son-las-faldas-de-lefties-que-necesitas-en-tu-armario-esta-temporada","status":"publish","type":"post","link":"http:\/\/hoycordobaweb.com\/index.php\/2024\/05\/16\/baratas-y-practicas-asi-son-las-faldas-de-lefties-que-necesitas-en-tu-armario-esta-temporada\/","title":{"rendered":"Baratas y pr\u00e1cticas, as\u00ed son las faldas de Lefties que necesitas en tu armario esta temporada"},"content":{"rendered":"<p><!-- AUTHOR --> <\/p>\n<div class=\"voc-author-timesocial \"> <!-- AUTHOR --> <\/p>\n<div class=\"voc-author-timesocial__signature\"> <!-- IMAGE AUTHOR --> <picture class=\"voc-image-signature\"> <img class=\"voc-image-signature__img\" src=\"http:\/\/hoycordobaweb.com\/wp-content\/uploads\/2024\/05\/baratas-y-practicas-asi-son-las-faldas-de-lefties-que-necesitas-en-tu-armario-esta-temporada.jpg\" alt=\"Elena Olivero\"> <\/picture> <!-- INFO AUTHOR --> <\/div><\/div>\n<p> <!-- COMPONENTS --> <\/p>\n<p class=\"voc-paragraph\">Es hora de hacer el cambio de armario. Cada vez que pasamos de una estaci\u00f3n a otra es temible, porque tenemos que guardar, tirar y renovar y en general, hacer una limpieza en profundidad para tener lo esencial en el guardarropa para vestir bien durante estos meses. De cara a la primavera verano necesitamos <strong>b\u00e1sicos super pr\u00e1cticos<\/strong>, al igual que comprar nuestras tendencias favoritas de la temporada, como en esta ocasi\u00f3n, el leopardo o los preciosos <a data-voc-vtm-id=\"in-text-traffic\" href=\"https:\/\/www.mujerhoy.com\/moda\/no-te-pierdas\/vestidos-estampado-vichy-efecto-rejuvenecedor-hym-20240417125744-nt.html\">vestidos de vichy<\/a> que quitan a\u00f1os.\n<\/p>\n<p class=\"voc-paragraph\">Pero, sobre todo necesitamos <a data-voc-vtm-id=\"in-text-traffic\" href=\"https:\/\/www.mujerhoy.com\/moda\/tendencias\/shorts-boxers-bermudas-tendencia-verano-comodos-fresquitos-stradivarius-20240514084848-nt.html\">partes de abajo c\u00f3modas<\/a> y a la moda con las que combatir el calor, poder solucionar nuestros looks de diario e ir a la \u00faltima, sin tener que <a data-voc-vtm-id=\"in-text-traffic\" href=\"https:\/\/www.mujerhoy.com\/moda\/tendencias\/vaqueros-campana-tendencia-dosmil-efecto-favorecedor-corte-ingles-20240424084822-nt.html\">llevar vaqueros<\/a> que se vuelven casi insoportables cuando el sol aprieta. Y, para que esa actualizaci\u00f3n de vestidor no te salga m\u00e1s cara de la cuenta, Lefties tiene los modelos de <strong>faldas que m\u00e1s vas a llevar esta primavera-verano<\/strong>, tanto dise\u00f1os simples como los m\u00e1s vistos en Instagram.\n<\/p>\n<p class=\"voc-paragraph\">Por muy dan que seas de los pantalones, tanto si los prefieres vaqueros, como de estilo traje o incluso de lino, para ir fresquita y bien c\u00f3moda esta <strong>primavera-verano<\/strong> a veces sobran. Por eso, un modelo de falda suele resultar m\u00e1s pr\u00e1ctico o por lo menos te dan la posibilidad de ir intercalando para variar con los looks. De tal forma, puedes apostar por estos dise\u00f1os tan f\u00e1ciles de llevar y combinables a un precio imbatible.\n<\/p>\n<div class=\"voc-detail-photo-zoom\"> <picture data-toggle=\"modal\" data-target=\"#photoZoomModal-111\" target=\"modal\">\n<div class=\"voc-img-icon-link\"> <img loading=\"lazy\" src=\"http:\/\/hoycordobaweb.com\/wp-content\/uploads\/2024\/05\/baratas-y-practicas-asi-son-las-faldas-de-lefties-que-necesitas-en-tu-armario-esta-temporada.webp\" width=\"650\" height=\"900\" alt=\"Minifalda cruzada\"> <noscript> <img src=\"http:\/\/hoycordobaweb.com\/wp-content\/uploads\/2024\/05\/baratas-y-practicas-asi-son-las-faldas-de-lefties-que-necesitas-en-tu-armario-esta-temporada.webp\" alt=\"Minifalda cruzada\"> <\/noscript> <i class=\"voc-icons zoom voc-multimedia-box voc-ico-l\"><\/i> <\/div><figcaption class=\"figure-caption\">Minifalda cruzada<\/figcaption><\/picture>\n<\/div>\n<div id=\"photoZoomModal-111\" class=\"voc-lightbox modal fade voc-lightbox--photo-zoom\" role=\"dialog\" data-voc-photozoom-lightbox>\n<div class=\"voc-lightbox__dialog\" role=\"document\">\n<div class=\"voc-lightbox__content\"> <!-- Modal header --> <!-- Modal content --> <\/p>\n<div class=\"voc-lightbox__photo-container\"> <picture class> <img loading=\"lazy\" src=\"http:\/\/hoycordobaweb.com\/wp-content\/uploads\/2024\/05\/baratas-y-practicas-asi-son-las-faldas-de-lefties-que-necesitas-en-tu-armario-esta-temporada.webp\" alt=\"Minifalda cruzada\"> <noscript> <img src=\"http:\/\/hoycordobaweb.com\/wp-content\/uploads\/2024\/05\/baratas-y-practicas-asi-son-las-faldas-de-lefties-que-necesitas-en-tu-armario-esta-temporada.webp\" alt=\"Minifalda cruzada\"> <\/noscript> <\/picture> <\/div><\/div><\/div>\n<\/div>\n<p class=\"voc-paragraph\">Tanto para ponerte con una camisa de rayas y sandalias de hebillas, como para llevar en un look minimalista noventero con camiseta blanca b\u00e1sica y zapatos <a data-voc-vtm-id=\"in-text-traffic\" href=\"https:\/\/www.mujerhoy.com\/moda\/tendencias\/vuelven-thong-sandals-sandalias-armario-tendencia-primavera-20240409105720-nt.html\">thong sandals<\/a>, esta <strong>falda pantal\u00f3n en tejido r\u00fastico de algod\u00f3n<\/strong> color negro es un esencial. El dise\u00f1o es cruzado. Cuenta con cierre de lazada en el lateral. Y, el tiro es alto. Cuesta 12,99 euros, de la XS a la XL.\n<\/p>\n<div class=\"voc-detail-photo-zoom\"> <picture data-toggle=\"modal\" data-target=\"#photoZoomModal-708\" target=\"modal\">\n<div class=\"voc-img-icon-link\"> <img loading=\"lazy\" src=\"http:\/\/hoycordobaweb.com\/wp-content\/uploads\/2024\/05\/baratas-y-practicas-asi-son-las-faldas-de-lefties-que-necesitas-en-tu-armario-esta-temporada-1.webp\" width=\"650\" height=\"900\" alt=\"Falda midi de punto con rayas\"> <noscript> <img src=\"http:\/\/hoycordobaweb.com\/wp-content\/uploads\/2024\/05\/baratas-y-practicas-asi-son-las-faldas-de-lefties-que-necesitas-en-tu-armario-esta-temporada-1.webp\" alt=\"Falda midi de punto con rayas\"> <\/noscript> <i class=\"voc-icons zoom voc-multimedia-box voc-ico-l\"><\/i> <\/div><figcaption class=\"figure-caption\">Falda midi de punto con rayas<\/figcaption><\/picture>\n<\/div>\n<div id=\"photoZoomModal-708\" class=\"voc-lightbox modal fade voc-lightbox--photo-zoom\" role=\"dialog\" data-voc-photozoom-lightbox>\n<div class=\"voc-lightbox__dialog\" role=\"document\">\n<div class=\"voc-lightbox__content\"> <!-- Modal header --> <!-- Modal content --> <\/p>\n<div class=\"voc-lightbox__photo-container\"> <picture class> <img loading=\"lazy\" src=\"http:\/\/hoycordobaweb.com\/wp-content\/uploads\/2024\/05\/baratas-y-practicas-asi-son-las-faldas-de-lefties-que-necesitas-en-tu-armario-esta-temporada-1.webp\" alt=\"Falda midi de punto con rayas\"> <noscript> <img src=\"http:\/\/hoycordobaweb.com\/wp-content\/uploads\/2024\/05\/baratas-y-practicas-asi-son-las-faldas-de-lefties-que-necesitas-en-tu-armario-esta-temporada-1.webp\" alt=\"Falda midi de punto con rayas\"> <\/noscript> <\/picture> <\/div><\/div><\/div>\n<\/div>\n<p class=\"voc-paragraph\">Las francesas est\u00e1n enamoradas de esta <strong>falda midi de punto el\u00e1stico con estampado de rayas<\/strong>, tan c\u00f3moda, que llevan a conjunto con tops, <a data-voc-vtm-id=\"in-text-traffic\" href=\"https:\/\/www.mujerhoy.com\/moda\/tendencias\/bolsos-rafia-cestas-capazos-primavera-verano-parfois-zara-20240511122530-nt.html\">bolsos de rafia<\/a> y bailarinas. Se trata de un dise\u00f1o de tubo entallado al cuerpo que se amolda perfectamente a la figura. Y, el tiro es alto. Puedes encontrarla por 12,99 euros, de la XS a la L.\n<\/p>\n<div class=\"voc-detail-photo-zoom\"> <picture data-toggle=\"modal\" data-target=\"#photoZoomModal-470\" target=\"modal\">\n<div class=\"voc-img-icon-link\"> <img loading=\"lazy\" src=\"http:\/\/hoycordobaweb.com\/wp-content\/uploads\/2024\/05\/baratas-y-practicas-asi-son-las-faldas-de-lefties-que-necesitas-en-tu-armario-esta-temporada-2.webp\" width=\"650\" height=\"900\" alt=\"Falda vaquera midi\"> <noscript> <img src=\"http:\/\/hoycordobaweb.com\/wp-content\/uploads\/2024\/05\/baratas-y-practicas-asi-son-las-faldas-de-lefties-que-necesitas-en-tu-armario-esta-temporada-2.webp\" alt=\"Falda vaquera midi\"> <\/noscript> <i class=\"voc-icons zoom voc-multimedia-box voc-ico-l\"><\/i> <\/div><figcaption class=\"figure-caption\">Falda vaquera midi<\/figcaption><\/picture>\n<\/div>\n<div id=\"photoZoomModal-470\" class=\"voc-lightbox modal fade voc-lightbox--photo-zoom\" role=\"dialog\" data-voc-photozoom-lightbox>\n<div class=\"voc-lightbox__dialog\" role=\"document\">\n<div class=\"voc-lightbox__content\"> <!-- Modal header --> <!-- Modal content --> <\/p>\n<div class=\"voc-lightbox__photo-container\"> <picture class> <img loading=\"lazy\" src=\"http:\/\/hoycordobaweb.com\/wp-content\/uploads\/2024\/05\/baratas-y-practicas-asi-son-las-faldas-de-lefties-que-necesitas-en-tu-armario-esta-temporada-2.webp\" alt=\"Falda vaquera midi\"> <noscript> <img src=\"http:\/\/hoycordobaweb.com\/wp-content\/uploads\/2024\/05\/baratas-y-practicas-asi-son-las-faldas-de-lefties-que-necesitas-en-tu-armario-esta-temporada-2.webp\" alt=\"Falda vaquera midi\"> <\/noscript> <\/picture> <\/div><\/div><\/div>\n<\/div>\n<p class=\"voc-paragraph\">La propuesta que te pondr\u00e1s con todas las <a data-voc-vtm-id=\"in-text-traffic\" href=\"https:\/\/www.mujerhoy.com\/moda\/no-te-pierdas\/blusas-virales-influencers-nueva-coleccion-stradivarius-20240504180157-nt.html\">blusas de moda<\/a> de esta temporada y te ser\u00e1 super pr\u00e1ctica, es esta <strong>falda vaquera midi<\/strong> en azul medio. Tiene tiro alto con trabillas para el cintur\u00f3n. Incluye bolsillos. Queda ajustada. Y, el bajo termina en abertura delantera y est\u00e1 desflecado. Su precio es de 17,99 euros, de la XS a la XL.\n<\/p>\n<div class=\"voc-detail-photo-zoom\"> <picture data-toggle=\"modal\" data-target=\"#photoZoomModal-518\" target=\"modal\">\n<div class=\"voc-img-icon-link\"> <img loading=\"lazy\" src=\"http:\/\/hoycordobaweb.com\/wp-content\/uploads\/2024\/05\/baratas-y-practicas-asi-son-las-faldas-de-lefties-que-necesitas-en-tu-armario-esta-temporada-3.webp\" width=\"650\" height=\"900\" alt=\"Falda larga blanca con vuelo\"> <noscript> <img src=\"http:\/\/hoycordobaweb.com\/wp-content\/uploads\/2024\/05\/baratas-y-practicas-asi-son-las-faldas-de-lefties-que-necesitas-en-tu-armario-esta-temporada-3.webp\" alt=\"Falda larga blanca con vuelo\"> <\/noscript> <i class=\"voc-icons zoom voc-multimedia-box voc-ico-l\"><\/i> <\/div><figcaption class=\"figure-caption\">Falda larga blanca con vuelo<\/figcaption><\/picture>\n<\/div>\n<div id=\"photoZoomModal-518\" class=\"voc-lightbox modal fade voc-lightbox--photo-zoom\" role=\"dialog\" data-voc-photozoom-lightbox>\n<div class=\"voc-lightbox__dialog\" role=\"document\">\n<div class=\"voc-lightbox__content\"> <!-- Modal header --> <!-- Modal content --> <\/p>\n<div class=\"voc-lightbox__photo-container\"> <picture class> <img loading=\"lazy\" src=\"http:\/\/hoycordobaweb.com\/wp-content\/uploads\/2024\/05\/baratas-y-practicas-asi-son-las-faldas-de-lefties-que-necesitas-en-tu-armario-esta-temporada-3.webp\" alt=\"Falda larga blanca con vuelo\"> <noscript> <img src=\"http:\/\/hoycordobaweb.com\/wp-content\/uploads\/2024\/05\/baratas-y-practicas-asi-son-las-faldas-de-lefties-que-necesitas-en-tu-armario-esta-temporada-3.webp\" alt=\"Falda larga blanca con vuelo\"> <\/noscript> <\/picture> <\/div><\/div><\/div>\n<\/div>\n<p class=\"voc-paragraph\">C\u00f3moda, fresquita y a la moda. Esta <strong>falda larga blanca en tejido bambula<\/strong> es lo que m\u00e1s se lleva esta temporada, sobre todo con <a data-voc-vtm-id=\"in-text-traffic\" href=\"https:\/\/www.mujerhoy.com\/moda\/tendencias\/tops-romanticos-favorecedores-favoritos-francesas-primavera-zara-20240503090533-nt.html\">tops rom\u00e1nticos<\/a> o blusas color blanco a juego. El corte es amplio. Est\u00e1 dividida en paneles. Incluye forro a tono. Y, cuenta con tiro alto y cintura el\u00e1stica. Hazte con ella por 14,99 euros, de la XS a la XL.\n<\/p>\n<div class=\"voc-detail-photo-zoom\"> <picture data-toggle=\"modal\" data-target=\"#photoZoomModal-343\" target=\"modal\">\n<div class=\"voc-img-icon-link\"> <img loading=\"lazy\" src=\"http:\/\/hoycordobaweb.com\/wp-content\/uploads\/2024\/05\/baratas-y-practicas-asi-son-las-faldas-de-lefties-que-necesitas-en-tu-armario-esta-temporada-4.webp\" width=\"650\" height=\"900\" alt=\"Falda pareo en tejido r\u00fastico\"> <noscript> <img src=\"http:\/\/hoycordobaweb.com\/wp-content\/uploads\/2024\/05\/baratas-y-practicas-asi-son-las-faldas-de-lefties-que-necesitas-en-tu-armario-esta-temporada-4.webp\" alt=\"Falda pareo en tejido r\u00fastico\"> <\/noscript> <i class=\"voc-icons zoom voc-multimedia-box voc-ico-l\"><\/i> <\/div><figcaption class=\"figure-caption\">Falda pareo en tejido r\u00fastico<\/figcaption><\/picture>\n<\/div>\n<div id=\"photoZoomModal-343\" class=\"voc-lightbox modal fade voc-lightbox--photo-zoom\" role=\"dialog\" data-voc-photozoom-lightbox>\n<div class=\"voc-lightbox__dialog\" role=\"document\">\n<div class=\"voc-lightbox__content\"> <!-- Modal header --> <!-- Modal content --> <\/p>\n<div class=\"voc-lightbox__photo-container\"> <picture class> <img loading=\"lazy\" src=\"http:\/\/hoycordobaweb.com\/wp-content\/uploads\/2024\/05\/baratas-y-practicas-asi-son-las-faldas-de-lefties-que-necesitas-en-tu-armario-esta-temporada-4.webp\" alt=\"Falda pareo en tejido r\u00fastico\"> <noscript> <img src=\"http:\/\/hoycordobaweb.com\/wp-content\/uploads\/2024\/05\/baratas-y-practicas-asi-son-las-faldas-de-lefties-que-necesitas-en-tu-armario-esta-temporada-4.webp\" alt=\"Falda pareo en tejido r\u00fastico\"> <\/noscript> <\/picture> <\/div><\/div><\/div>\n<\/div>\n<p class=\"voc-paragraph\">Con camisas de lino, camisetas de tirantes o incluso el <a data-voc-vtm-id=\"in-text-traffic\" href=\"https:\/\/www.mujerhoy.com\/moda\/no-te-pierdas\/trajes-bano-oysho-bikini-banadores-verano-comodo-favorecedor-20240510110505-nt.html\">traje de ba\u00f1o<\/a>, este verano no parar\u00e1s de usar esta <strong>falda midi estilo pareo<\/strong>. Se trata de un dise\u00f1o cruzado con cierre ajustable de lazada en la parte lateral. El bajo es asim\u00e9trico. Cuenta con abertura. Queda fluida. Y, el tiro es alto. Est\u00e1 disponible a 12,99 euros, de la S a la XL.\n<\/p>\n<div class=\"voc-detail-photo-zoom\"> <picture data-toggle=\"modal\" data-target=\"#photoZoomModal-456\" target=\"modal\">\n<div class=\"voc-img-icon-link\"> <img loading=\"lazy\" src=\"http:\/\/hoycordobaweb.com\/wp-content\/uploads\/2024\/05\/baratas-y-practicas-asi-son-las-faldas-de-lefties-que-necesitas-en-tu-armario-esta-temporada-5.webp\" width=\"650\" height=\"900\" alt=\"Falda de tubo el\u00e1stica en color negro\"> <noscript> <img src=\"http:\/\/hoycordobaweb.com\/wp-content\/uploads\/2024\/05\/baratas-y-practicas-asi-son-las-faldas-de-lefties-que-necesitas-en-tu-armario-esta-temporada-5.webp\" alt=\"Falda de tubo el\u00e1stica en color negro\"> <\/noscript> <i class=\"voc-icons zoom voc-multimedia-box voc-ico-l\"><\/i> <\/div><figcaption class=\"figure-caption\">Falda de tubo el\u00e1stica en color negro<\/figcaption><\/picture>\n<\/div>\n<div id=\"photoZoomModal-456\" class=\"voc-lightbox modal fade voc-lightbox--photo-zoom\" role=\"dialog\" data-voc-photozoom-lightbox>\n<div class=\"voc-lightbox__dialog\" role=\"document\">\n<div class=\"voc-lightbox__content\"> <!-- Modal header --> <!-- Modal content --> <\/p>\n<div class=\"voc-lightbox__photo-container\"> <picture class> <img loading=\"lazy\" src=\"http:\/\/hoycordobaweb.com\/wp-content\/uploads\/2024\/05\/baratas-y-practicas-asi-son-las-faldas-de-lefties-que-necesitas-en-tu-armario-esta-temporada-5.webp\" alt=\"Falda de tubo el\u00e1stica en color negro\"> <noscript> <img src=\"http:\/\/hoycordobaweb.com\/wp-content\/uploads\/2024\/05\/baratas-y-practicas-asi-son-las-faldas-de-lefties-que-necesitas-en-tu-armario-esta-temporada-5.webp\" alt=\"Falda de tubo el\u00e1stica en color negro\"> <\/noscript> <\/picture> <\/div><\/div><\/div>\n<\/div>\n<p class=\"voc-paragraph\">Por \u00faltimo, un modelo comod\u00edn para usar con todo si quieres ir c\u00f3moda, super estilosa y presumir de tipazo. Es una <strong>falda de tubo en tejido de poliamida liso en color negro<\/strong>. Queda entallada, pero es el\u00e1stica. Tiene tiro alto. Y, cuenta con abertura pronunciada en uno de los lados. C\u00f3mprala por 9,99 euros, de la XXS a la XL. Perfecta si te van los <a data-voc-vtm-id=\"in-text-traffic\" href=\"https:\/\/www.mujerhoy.com\/moda\/no-te-pierdas\/estilo-minimalista-consejos-elevar-look-igual-influencers-instagram-20240420130432-nt.html\">looks minimalistas<\/a>.\n<\/p>\n<p> <!-- TOPICS --> <\/p>\n","protected":false},"excerpt":{"rendered":"<p>Es hora de hacer el cambio de armario. Cada vez que pasamos de una estaci\u00f3n a otra es temible, porque tenemos que guardar, tirar y renovar y en general, hacer una limpieza en profundidad para tener lo esencial en el guardarropa para vestir bien durante estos meses. De cara a la primavera verano necesitamos b\u00e1sicos [&hellip;]<\/p>\n","protected":false},"author":1,"featured_media":77602,"comment_status":"closed","ping_status":"closed","sticky":false,"template":"","format":"standard","meta":[],"categories":[],"tags":[],"_links":{"self":[{"href":"http:\/\/hoycordobaweb.com\/index.php\/wp-json\/wp\/v2\/posts\/77601"}],"collection":[{"href":"http:\/\/hoycordobaweb.com\/index.php\/wp-json\/wp\/v2\/posts"}],"about":[{"href":"http:\/\/hoycordobaweb.com\/index.php\/wp-json\/wp\/v2\/types\/post"}],"author":[{"embeddable":true,"href":"http:\/\/hoycordobaweb.com\/index.php\/wp-json\/wp\/v2\/users\/1"}],"replies":[{"embeddable":true,"href":"http:\/\/hoycordobaweb.com\/index.php\/wp-json\/wp\/v2\/comments?post=77601"}],"version-history":[{"count":0,"href":"http:\/\/hoycordobaweb.com\/index.php\/wp-json\/wp\/v2\/posts\/77601\/revisions"}],"wp:featuredmedia":[{"embeddable":true,"href":"http:\/\/hoycordobaweb.com\/index.php\/wp-json\/wp\/v2\/media\/77602"}],"wp:attachment":[{"href":"http:\/\/hoycordobaweb.com\/index.php\/wp-json\/wp\/v2\/media?parent=77601"}],"wp:term":[{"taxonomy":"category","embeddable":true,"href":"http:\/\/hoycordobaweb.com\/index.php\/wp-json\/wp\/v2\/categories?post=77601"},{"taxonomy":"post_tag","embeddable":true,"href":"http:\/\/hoycordobaweb.com\/index.php\/wp-json\/wp\/v2\/tags?post=77601"}],"curies":[{"name":"wp","href":"https:\/\/api.w.org\/{rel}","templated":true}]}}