{"id":77597,"date":"2024-05-15T23:13:00","date_gmt":"2024-05-15T23:13:00","guid":{"rendered":"http:\/\/hoycordobaweb.com\/index.php\/2024\/05\/15\/caba-cambiara-las-formas-de-atender-a-las-personas-en-situacion-de-calle\/"},"modified":"2024-05-15T23:13:00","modified_gmt":"2024-05-15T23:13:00","slug":"caba-cambiara-las-formas-de-atender-a-las-personas-en-situacion-de-calle","status":"publish","type":"post","link":"http:\/\/hoycordobaweb.com\/index.php\/2024\/05\/15\/caba-cambiara-las-formas-de-atender-a-las-personas-en-situacion-de-calle\/","title":{"rendered":"CABA cambiar\u00e1 las formas de atender\u00a0a las personas en situaci\u00f3n de calle"},"content":{"rendered":"<div class=\"media_block\"><\/div>\n<div><img src=\"http:\/\/hoycordobaweb.com\/wp-content\/uploads\/2024\/05\/caba-cambiara-las-formas-de-atender-a-las-personas-en-situacion-de-calle.jpg\" class=\"ff-og-image-inserted\"><\/div>\n<p>Las autoridades de la Ciudad de Buenos Aires comenzaron a realizar cambios en la forma de trabajar sobre los problemas que sufren las personas que est\u00e1n en situaci\u00f3n de calle. Seg\u00fan el \u00faltimo relevamiento hecho en <strong>abril <\/strong>pasado, en CABA <strong>hay alrededor de 3560 personas en esta condici\u00f3n en forma \u00abcr\u00f3nica\u00bb.<\/strong><\/p>\n<p>Las novedades en pol\u00edtica social incluyen, seg\u00fan explicaron los directivos de la Ciudad en una reuni\u00f3n period\u00edstica a la que asisti\u00f3 <strong>PERFIL<\/strong>, incluyen abrir nuevas plazas para dar albergue en los paradores dedicados a grupos familiares, flexibilizar los horarios de atenci\u00f3n de estos espacios y una pol\u00edtica m\u00e1s proactiva para buscar a los posibles destinatarios. Hasta ahora, buena parte de los equipos sociales se mueven cuando alg\u00fan vecino hace una llamada a los n\u00fameros de atenci\u00f3n social, o por medio del Boti de atenci\u00f3n por WhatsApp.&nbsp;<\/p>\n<p class=\"destacadoNota\"><a target=\"_blank\" href=\"https:\/\/www.perfil.com\/noticias\/sociedad\/asi-funciona-el-protocolo-de-ayuda-a-menores-en-situacion-de-calle.phtml\" rel=\"noopener noreferrer\"><strong>As\u00ed funciona el protocolo de ayuda a menores en situaci\u00f3n de calle<\/strong><\/a><\/p>\n<div class=\"subscription\" readability=\"6.683257918552\">\n<p>\nEsto no les gusta a los autoritarios\n<\/p>\n<div class=\"subscription__container\" readability=\"6.1467391304348\">\n<div class=\"subscription__text-wrapper\" readability=\"31.20652173913\">\n<p>\nEl ejercicio del periodismo profesional y cr\u00edtico es un pilar fundamental de la democracia. Por eso molesta a quienes creen ser los due\u00f1os de la verdad.\n<\/p>\n<\/p><\/div>\n<\/div><\/div>\n<p>Actualmente se registran unas 800 llamadas de vecinos o pedidos de ayuda diarios para la atenci\u00f3n de alguna persona de estos grupos; pero los equipos de atenci\u00f3n de la ahora rebautizada \u00ab<a target=\"_blank\" href=\"https:\/\/buenosaires.gob.ar\/desarrollohumanoyhabitat\/inclusion-social-y-atencion-inmediata\/asistencia-integral-inmediata\/red-de-atencion\" rel=\"noopener noreferrer\"><strong>Red de Atenci\u00f3n<\/strong><\/a>\u00bb (antes se la conoc\u00eda como \u00abPrograma Buenos Aires Presente\u00bb, BAP) saldr\u00e1n tambi\u00e9n a recorrer en forma peri\u00f3dica y m\u00e1s intensa algunos rincones de la Ciudad que ya son conocidos por atraer gente en esta situaci\u00f3n.&nbsp;<\/p>\n<p>Y tienen la idea de no quedarse en estas tareas intensivas de atenci\u00f3n social s\u00f3lo durante en los meses m\u00e1s crudos del invierno, sino extender la ayuda al resto del a\u00f1o.<\/p>\n<h2><strong>Cambio de planes<\/strong><\/h2>\n<p>Seg\u00fan los expertos, actualmente la situaci\u00f3n de personas en la calle ha ido cambiando respecto a d\u00e9cadas atr\u00e1s, un fen\u00f3meno que tambi\u00e9n se registra en muchas otras ciudades del mundo. Seg\u00fan explican los directivos de estos programas sociales, \u00abalgunas de las personas que viven en la calle <strong>est\u00e1n exhibiendo una actitud de mayor violencia<\/strong> para con los vecinos y tambi\u00e9n para con los voluntarios de programas de las ONG\u00b4s especializadas e, incluso, y para los equipos de intervenci\u00f3n gubernamental\u00bb.&nbsp;<\/p>\n<p>Para atender a la mayor cantidad posible de este grupo de personas, y seguir especialmente los casos en los que haya menores involucrados, los equipos sociales de la Red de Atenci\u00f3n los invitan a ir alguno de los <strong>hoy 47 Centros de Atenci\u00f3n Social<\/strong> (CIS) que funcionan en los diferentes barrios y que brindan alojamiento nocturno, comida caliente, ba\u00f1os y duchas.&nbsp;<\/p>\n<p class=\"destacadoNota\"><a target=\"_blank\" href=\"https:\/\/www.perfil.com\/noticias\/politica\/gobierno-jorge-macri-justifico-operativos-contra-personas-situacion-calle.phtml\" rel=\"noopener noreferrer\"><strong>El gobierno de Jorge Macri justific\u00f3 los operativos para desplazar a personas en situaci\u00f3n de calle<\/strong><\/a><\/p>\n<p>Y desde Ciudad destacaron que \u201cestamos reconvirtiendo a estos CIS para que ofrezcan <strong>servicios m\u00e1s espec\u00edficos y ajustados a las necesidades<\/strong> de esta poblaci\u00f3n\u201d. As\u00ed hoy hay paradores especiales pensados para que vayan hombres solos (que son el mayor grupo de personas en situaci\u00f3n de calle); para mujeres, para adultos mayores y ahora se est\u00e1n incrementando los espec\u00edficamente apuntados a grupos familias. De hecho, esperan tener \u2013en las pr\u00f3ximas semanas\u2013 180 plazas disponibles para familias. Estos \u00faltimos, aparte de ofrecer, como los otros, alternativas de resocializaci\u00f3n para todo el grupo&nbsp; tambi\u00e9n disponen de opciones y lugares de estudio y apoyo escolar<\/p>\n<p>Como parte de ofrecer una mejor atenci\u00f3n a estas personas con amplias necesidades b\u00e1sicas insatisfechas, la Ciudad est\u00e1 armando mesas de trabajo conjunto para coordinar acciones de socorro social con representantes de ONG\u00b4s especializadas y con grupos de iglesias que,a actualmente organizan ollas populares, alimentaci\u00f3n, espacios y atenci\u00f3n para estos colectivos.<\/p>\n<p class=\"destacadoNota\"><strong>Esperan tener \u2013en las pr\u00f3ximas semanas\u2013 180 plazas disponibles en paradores para familias.<\/strong><\/p>\n<p>La idea detr\u00e1s de estos pardores y espacios de contenci\u00f3n es poder garantizar una cama caliente, ducha, comida y elementos de higiene personal para todas las personas que atraviesan esta situaci\u00f3n en la ciudad. Y culminaron: \u201choy nuestro foco en esta tem\u00e1tica est\u00e1&nbsp;puesto en&nbsp;<strong>revincular a las personas con sus familias o con un proyecto de vida<\/strong>, y no quedarnos en en el asistencialismo\u201d.<\/p>\n<p><em>Bolillero<\/em><br \/><strong>CABA hoy<\/strong><\/p>\n<ul>\n<li>Hay 3560 personas en situaci\u00f3n de calle (Censo abril 2024)<\/li>\n<li>Los CIS (paradores) de CABA ofrecen 3300 plazas cada noche.<\/li>\n<li>Alrededor del 60 % de estas personas muestran consumos problem\u00e1ticos o alg\u00fan tema de salud mental<\/li>\n<li>M\u00e1s del 50% de estas personas no tiene residencia en CABA.<\/li>\n<\/ul>\n<p>\u2013\u2013\u2013\u2013\u2013\u2013\u2013\u2013\u2013\u2013\u2013\u2013\u2013\u2013\u2013\u2013\u2013\u2013\u2013\u2013\u2013\u2013\u2013\u2013\u2013\u2013\u2013\u2013\u2013\u2013\u2013\u2013\u2013\u2013\u2013\u2013\u2013\u2013\u2013\u2013\u2013\u2013\u2013\u2013\u2013\u2013<br \/>Si ves una persona en situaci\u00f3n de calle:<\/p>\n<p><em>a) L\u00ednea telef\u00f3nica 108: las 24 horas, los 365 d\u00edas del a\u00f1o.<\/em><\/p>\n<p><em>b) Usar el Boti (Chatbot de la ciudad)<\/em><\/p>\n<div class=\"article__tags\">\n<p>En esta Nota<\/p>\n<\/p><\/div>\n","protected":false},"excerpt":{"rendered":"<p>Las autoridades de la Ciudad de Buenos Aires comenzaron a realizar cambios en la forma de trabajar sobre los problemas que sufren las personas que est\u00e1n en situaci\u00f3n de calle. Seg\u00fan el \u00faltimo relevamiento hecho en abril pasado, en CABA hay alrededor de 3560 personas en esta condici\u00f3n en forma \u00abcr\u00f3nica\u00bb. Las novedades en pol\u00edtica [&hellip;]<\/p>\n","protected":false},"author":1,"featured_media":77598,"comment_status":"closed","ping_status":"closed","sticky":false,"template":"","format":"standard","meta":[],"categories":[19],"tags":[],"_links":{"self":[{"href":"http:\/\/hoycordobaweb.com\/index.php\/wp-json\/wp\/v2\/posts\/77597"}],"collection":[{"href":"http:\/\/hoycordobaweb.com\/index.php\/wp-json\/wp\/v2\/posts"}],"about":[{"href":"http:\/\/hoycordobaweb.com\/index.php\/wp-json\/wp\/v2\/types\/post"}],"author":[{"embeddable":true,"href":"http:\/\/hoycordobaweb.com\/index.php\/wp-json\/wp\/v2\/users\/1"}],"replies":[{"embeddable":true,"href":"http:\/\/hoycordobaweb.com\/index.php\/wp-json\/wp\/v2\/comments?post=77597"}],"version-history":[{"count":0,"href":"http:\/\/hoycordobaweb.com\/index.php\/wp-json\/wp\/v2\/posts\/77597\/revisions"}],"wp:featuredmedia":[{"embeddable":true,"href":"http:\/\/hoycordobaweb.com\/index.php\/wp-json\/wp\/v2\/media\/77598"}],"wp:attachment":[{"href":"http:\/\/hoycordobaweb.com\/index.php\/wp-json\/wp\/v2\/media?parent=77597"}],"wp:term":[{"taxonomy":"category","embeddable":true,"href":"http:\/\/hoycordobaweb.com\/index.php\/wp-json\/wp\/v2\/categories?post=77597"},{"taxonomy":"post_tag","embeddable":true,"href":"http:\/\/hoycordobaweb.com\/index.php\/wp-json\/wp\/v2\/tags?post=77597"}],"curies":[{"name":"wp","href":"https:\/\/api.w.org\/{rel}","templated":true}]}}