{"id":77540,"date":"2024-05-14T22:02:11","date_gmt":"2024-05-14T22:02:11","guid":{"rendered":"https:\/\/www.ole.com.ar\/futbol-internacional\/inglaterra\/julian-alvarez-coleccionista-titulos-llegaria-manchester-city-gana-premier_0_BJwvyMBvU3.html"},"modified":"2024-05-14T22:02:11","modified_gmt":"2024-05-14T22:02:11","slug":"julian-alvarez-el-coleccionista-de-titulos-a-cuantos-llegaria-si-manchester-city-gana-la-premier","status":"publish","type":"post","link":"http:\/\/hoycordobaweb.com\/index.php\/2024\/05\/14\/julian-alvarez-el-coleccionista-de-titulos-a-cuantos-llegaria-si-manchester-city-gana-la-premier\/","title":{"rendered":"Juli\u00e1n \u00c1lvarez, el coleccionista de t\u00edtulos: \u00bfa cu\u00e1ntos llegar\u00eda si Manchester City gana la Premier?"},"content":{"rendered":"<p><img src=\"http:\/\/hoycordobaweb.com\/wp-content\/uploads\/2024\/05\/julian-alvarez-el-coleccionista-de-titulos-a-cuantos-llegaria-si-manchester-city-gana-la-premier.jpg\"><\/p>\n<p><time class=\"createDate\" datetime=\"2024-05-14T19:02:11-03:00\">14\/05\/2024 19:02hs.<\/time><\/p>\n<div id=\"storyBody\">\n<div class=\"custom-text \" readability=\"37.227272727273\">\n<p>Con apenas 23 a\u00f1os y menos de 200 partidos como profesional, <a href=\"https:\/\/www.ole.com.ar\/tema\/julian-alvarez.html\" title=\"Juli\u00e1n Alvarez\" alt=\"Juli\u00e1n Alvarez\" class=\"slug\">Juli\u00e1n \u00c1lvarez<\/a> es un tocado por algo m\u00e1s que una varita m\u00e1gica. Tanto que el cordob\u00e9s ya fue campe\u00f3n de una Libertadores, de una Champions y de un Mundial y no para: este fin de semana <strong>podr\u00eda alzar, con los colores del Manchester City, el t\u00edtulo 14\u00b0 en su carrera<\/strong>. Una bestialidad.<\/p>\n<\/div>\n<div class=\"custom-text \" readability=\"35.401785714286\">\n<p>La Ara\u00f1a debut\u00f3 en Primera hace menos de seis a\u00f1os (un 27 de octubre de 2018 ante Aldosivi) y poco despu\u00e9s,<strong> logr\u00f3 la Libertadores ante Boca en Madrid<\/strong>, nada menos, cuando <a href=\"https:\/\/www.ole.com.ar\/tema\/marcelo-gallardo.html\" title=\"Marcelo Gallardo\" alt=\"Marcelo Gallardo\" class=\"slug\">Marcelo Gallardo<\/a> lo puso por primera vez en un partido de Copa nada menos que en el Santiago Bernab\u00e9u. De a poco, se gan\u00f3 su lugar en <a href=\"https:\/\/www.ole.com.ar\/tema\/river-plate.html\" title=\"River Plate\" alt=\"River Plate\" class=\"slug\">River<\/a> y en la <a href=\"https:\/\/www.ole.com.ar\/tema\/seleccion-argentina.html\" title=\"Selecci\u00f3n Argentina\" alt=\"Selecci\u00f3n Argentina\" class=\"slug\">Selecci\u00f3n<\/a>.<\/p>\n<\/div>\n<div class=\"custom-text \" readability=\"35.096463022508\">\n<p>Sigui\u00f3 conquistando t\u00edtulos en su club y empez\u00f3 a asentarse en la Selecci\u00f3n, donde lleg\u00f3 a su punto c\u00falmine con 22 a\u00f1os en el <a href=\"https:\/\/www.ole.com.ar\/tema\/mundial-de-qatar-2022.html\" title=\"Mundial de Qatar 2022\" alt=\"Mundial de Qatar 2022\" class=\"slug\">Mundial de Qatar<\/a>, donde empez\u00f3 de suplente pero los problemas f\u00edsicos de Lautaro Mart\u00ednez<strong> lo catapultaron a la titularidad<\/strong>: con ese status la rompi\u00f3 y fue campe\u00f3n del mundo.<\/p>\n<\/div>\n<div class=\"custom-text \" readability=\"35.637931034483\">\n<p>Y en el City, en su primera temporada, conquist\u00f3 la <a href=\"https:\/\/www.ole.com.ar\/tema\/premier-league.html\" title=\"Premier League\" alt=\"Premier League\" class=\"slug\">Premier League<\/a> y ayud\u00f3 al equipo de Guardiola a conquistar la <a href=\"https:\/\/www.ole.com.ar\/tema\/champions-league.html\" title=\"Champions League\" alt=\"Champions League\" class=\"slug\">Champions League<\/a> por primera vez en la historia del equipo ciudadano. Hasta llegar a la Supercopa, <strong>su t\u00edtulo n\u00famero 13 a raz\u00f3n de uno cada 15 partidos que jug\u00f3 como profesional<\/strong>. A su edad, un tal Lionel Messi hab\u00eda ganado 14&#8230; <\/p>\n<\/div>\n<div class=\"custom-text \" readability=\"30.708502024291\">\n<p>Ahora, el conteo puede extenderse: este fin de semana, el Manchester City cerrar\u00e1 la Premier League este fin de semana frente al West Ham y<strong> tiene la chance de sumar un nuevo trofeo a sus vitrinas<\/strong>. Claro, <a href=\"https:\/\/www.ole.com.ar\/futbol-internacional\/inglaterra\/julian-alvarez-coleccionista-titulos-llegaria-manchester-city-gana-premier_0_BJwvyMBvU3.html\" target=\"_self\" title=\"si el Arsenal no le arrebata el t\u00edtulo...\" alt=\"si el Arsenal no le arrebata el t\u00edtulo...\" rel=\"noopener noreferrer\">si el Arsenal no le arrebata el t\u00edtulo&#8230;<\/a><\/p>\n<\/div>\n<div class=\"custom-text \" readability=\"40\">\n<p>Es necesario no olvidar, en este contexto, que \u00c1lvarez es el \u00fanico jugador argentino que logr\u00f3 la Libertadores, la Champios y el Mundial, algo que s\u00f3lo hab\u00edan conseguido cuatro brasile\u00f1os: <strong>Dida, Roque Junior, Caf\u00fa y Ronaldinho<\/strong>.<\/p>\n<\/div>\n<p><h2><strong>Los 13 t\u00edtulos de Juli\u00e1n \u00c1lvarez<\/strong><\/h2>\n<\/p>\n<p><h2><strong>Con River<\/strong><\/h2>\n<\/p>\n<div class=\"custom-text \">\n<ul>\n<li>Copa Libertadores (2018)<\/li>\n<\/ul>\n<\/div>\n<div class=\"custom-text \">\n<ul>\n<li>Copa Argentina (2019)<\/li>\n<\/ul>\n<\/div>\n<div class=\"custom-text \">\n<ul>\n<li>Supercopa Argentina (2019)<\/li>\n<\/ul>\n<\/div>\n<div class=\"sc-e7b891c4-0 jPbnQF\"><img alt=\"Juli\u00e1n con Gallardo, clave en sus comienzos. (AFP)\" src=\"http:\/\/hoycordobaweb.com\/wp-content\/uploads\/2024\/05\/julian-alvarez-el-coleccionista-de-titulos-a-cuantos-llegaria-si-manchester-city-gana-la-premier-2.jpg\" width=\"720\" height=\"100\" decoding=\"async\" data-nimg=\"future\" loading=\"lazy\"><span class=\"epigraphe\">Juli\u00e1n con Gallardo, clave en sus comienzos. (AFP)<\/span><\/div>\n<div class=\"custom-text \">\n<ul>\n<li>Recopa Sudamericana (2019)<\/li>\n<\/ul>\n<\/div>\n<div class=\"custom-text \">\n<ul>\n<li>Torneo de Primera Divisi\u00f3n (2021)<\/li>\n<\/ul>\n<\/div>\n<div class=\"custom-text \">\n<ul>\n<li>Trofeo de Campeones (2021)<\/li>\n<\/ul>\n<\/div>\n<p><h2><strong>Con la Selecci\u00f3n Argentina<\/strong><\/h2>\n<\/p>\n<div class=\"custom-text \">\n<ul>\n<li>Copa Am\u00e9rica (2021)<\/li>\n<\/ul>\n<\/div>\n<div class=\"custom-text \">\n<ul>\n<li>Finalissima (2022)<\/li>\n<\/ul>\n<\/div>\n<div class=\"custom-text \">\n<ul>\n<li>Copa del Mundo (2022)<\/li>\n<\/ul>\n<\/div>\n<div class=\"sc-e7b891c4-0 jPbnQF\"><img alt=\"Festejo con Messi en Qatar (Fernando De la Orden)\" src=\"http:\/\/hoycordobaweb.com\/wp-content\/uploads\/2024\/05\/julian-alvarez-el-coleccionista-de-titulos-a-cuantos-llegaria-si-manchester-city-gana-la-premier-3.jpg\" width=\"720\" height=\"100\" decoding=\"async\" data-nimg=\"future\" loading=\"lazy\"><span class=\"epigraphe\">Festejo con Messi en Qatar (Fernando De la Orden)<\/span><\/div>\n<p><h2><strong>Con el Manchester City<\/strong><\/h2>\n<\/p>\n<div class=\"custom-text \">\n<ul>\n<li>Premier League (2022-23)<\/li>\n<\/ul>\n<\/div>\n<div class=\"custom-text \">\n<ul>\n<li>FA Cup (2023)<\/li>\n<\/ul>\n<\/div>\n<div class=\"custom-text \">\n<ul>\n<li>Champions League (2022-23)<\/li>\n<\/ul>\n<\/div>\n<div class=\"custom-text \">\n<ul>\n<li>Supercopa UEFA (2023)<\/li>\n<\/ul>\n<\/div>\n<div class=\"sc-e7b891c4-0 jPbnQF\"><img alt=\"Juli\u00e1n con la Champions League. (AFP)\" src=\"http:\/\/hoycordobaweb.com\/wp-content\/uploads\/2024\/05\/julian-alvarez-el-coleccionista-de-titulos-a-cuantos-llegaria-si-manchester-city-gana-la-premier-4.jpg\" width=\"720\" height=\"100\" decoding=\"async\" data-nimg=\"future\" loading=\"lazy\"><span class=\"epigraphe\">Juli\u00e1n con la Champions League. (AFP)<\/span><\/div>\n<div class=\"sc-a7166897-0 exHLBh\" readability=\"6\">\n<section readability=\"2\"><picture><img alt=\"As\u00ed se define la Premier League \" src=\"http:\/\/hoycordobaweb.com\/wp-content\/uploads\/2024\/05\/julian-alvarez-el-coleccionista-de-titulos-a-cuantos-llegaria-si-manchester-city-gana-la-premier-5.jpg\" width=\"290\" height=\"290\" decoding=\"async\" data-nimg=\"future\" loading=\"lazy\"><\/picture>\n<p><span>Mir\u00e1 tambi\u00e9n<\/span><\/p>\n<hr>\n<h3>As\u00ed se define la Premier League <\/h3>\n<\/p>\n<\/section>\n<\/div>\n<div class=\"sc-a7166897-0 exHLBh\" readability=\"6\">\n<section readability=\"2\"><picture><img alt=\"Video: la dura patada del Cuti Romero a Ederson \" src=\"http:\/\/hoycordobaweb.com\/wp-content\/uploads\/2024\/05\/julian-alvarez-el-coleccionista-de-titulos-a-cuantos-llegaria-si-manchester-city-gana-la-premier-6.jpg\" width=\"290\" height=\"290\" decoding=\"async\" data-nimg=\"future\" loading=\"lazy\"><\/picture>\n<p><span>Mir\u00e1 tambi\u00e9n<\/span><\/p>\n<hr>\n<h3>Video: la dura patada del Cuti Romero a Ederson <\/h3>\n<\/p>\n<\/section>\n<\/div>\n<div class=\"sc-a7166897-0 exHLBh\" readability=\"7.5\">\n<section readability=\"5\"><picture><img alt=\"Dibu Mart\u00ednez, premiado en Aston Villa, festej\u00f3 a puro champagne la clasificaci\u00f3n a la Champions\" src=\"http:\/\/hoycordobaweb.com\/wp-content\/uploads\/2024\/05\/julian-alvarez-el-coleccionista-de-titulos-a-cuantos-llegaria-si-manchester-city-gana-la-premier-7.jpg\" width=\"290\" height=\"290\" decoding=\"async\" data-nimg=\"future\" loading=\"lazy\"><\/picture>\n<p><span>Mir\u00e1 tambi\u00e9n<\/span><\/p>\n<hr>\n<h3>Dibu Mart\u00ednez, premiado en Aston Villa, festej\u00f3 a puro champagne la clasificaci\u00f3n a la Champions<\/h3>\n<\/p>\n<\/section>\n<\/div>\n<\/div>\n","protected":false},"excerpt":{"rendered":"<p>14\/05\/2024 19:02hs. Con apenas 23 a\u00f1os y menos de 200 partidos como profesional, Juli\u00e1n \u00c1lvarez es un tocado por algo m\u00e1s que una varita m\u00e1gica. Tanto que el cordob\u00e9s ya fue campe\u00f3n de una Libertadores, de una Champions y de un Mundial y no para: este fin de semana podr\u00eda alzar, con los colores del [&hellip;]<\/p>\n","protected":false},"author":1,"featured_media":77541,"comment_status":"open","ping_status":"closed","sticky":false,"template":"","format":"standard","meta":[],"categories":[16],"tags":[],"_links":{"self":[{"href":"http:\/\/hoycordobaweb.com\/index.php\/wp-json\/wp\/v2\/posts\/77540"}],"collection":[{"href":"http:\/\/hoycordobaweb.com\/index.php\/wp-json\/wp\/v2\/posts"}],"about":[{"href":"http:\/\/hoycordobaweb.com\/index.php\/wp-json\/wp\/v2\/types\/post"}],"author":[{"embeddable":true,"href":"http:\/\/hoycordobaweb.com\/index.php\/wp-json\/wp\/v2\/users\/1"}],"replies":[{"embeddable":true,"href":"http:\/\/hoycordobaweb.com\/index.php\/wp-json\/wp\/v2\/comments?post=77540"}],"version-history":[{"count":0,"href":"http:\/\/hoycordobaweb.com\/index.php\/wp-json\/wp\/v2\/posts\/77540\/revisions"}],"wp:featuredmedia":[{"embeddable":true,"href":"http:\/\/hoycordobaweb.com\/index.php\/wp-json\/wp\/v2\/media\/77541"}],"wp:attachment":[{"href":"http:\/\/hoycordobaweb.com\/index.php\/wp-json\/wp\/v2\/media?parent=77540"}],"wp:term":[{"taxonomy":"category","embeddable":true,"href":"http:\/\/hoycordobaweb.com\/index.php\/wp-json\/wp\/v2\/categories?post=77540"},{"taxonomy":"post_tag","embeddable":true,"href":"http:\/\/hoycordobaweb.com\/index.php\/wp-json\/wp\/v2\/tags?post=77540"}],"curies":[{"name":"wp","href":"https:\/\/api.w.org\/{rel}","templated":true}]}}