{"id":77538,"date":"2024-05-14T22:03:01","date_gmt":"2024-05-14T22:03:01","guid":{"rendered":"https:\/\/www.ole.com.ar\/futbol-internacional\/video-saquearon-negocio-gremio-plena-inundacion_0_JdROroZIXE.html"},"modified":"2024-05-14T22:03:01","modified_gmt":"2024-05-14T22:03:01","slug":"video-saquearon-el-negocio-de-gremio-en-plena-inundacion","status":"publish","type":"post","link":"http:\/\/hoycordobaweb.com\/index.php\/2024\/05\/14\/video-saquearon-el-negocio-de-gremio-en-plena-inundacion\/","title":{"rendered":"Video: saquearon el negocio de Gremio en plena inundaci\u00f3n"},"content":{"rendered":"<p><img src=\"http:\/\/hoycordobaweb.com\/wp-content\/uploads\/2024\/05\/video-saquearon-el-negocio-de-gremio-en-plena-inundacion.jpg\"><\/p>\n<div><img src=\"http:\/\/hoycordobaweb.com\/wp-content\/uploads\/2024\/05\/video-saquearon-el-negocio-de-gremio-en-plena-inundacion.jpg\" class=\"ff-og-image-inserted\"><\/div>\n<div readability=\"12.469387755102\">\n<p><strong><a href=\"https:\/\/www.ole.com.ar\/tema\/porto-alegre.html\" title=\"Porto Alegre\" alt=\"Porto Alegre\" class=\"slug\">Porto Alegre<\/a><\/strong> vive una situaci\u00f3n de extrema angustia por la inundaci\u00f3n que devast\u00f3 la ciudad, con 148 muertos y 200 desaparecidos. Por ahora, el agua no retrocedi\u00f3 lo suficiente y en la regi\u00f3n de Gua\u00edba est\u00e1 a 5 metros y 22 cent\u00edmetros. El f\u00fatbol local est\u00e1 paralizado y se sabe que el aeropuerto local no volver\u00e1 a estar disponible hasta septiembre. <strong>En plena tragedia, <a href=\"https:\/\/www.ole.com.ar\/tema\/gremio-de-porto-alegre.html\" title=\"Gremio de Porto Alegre\" alt=\"Gremio de Porto Alegre\" class=\"slug\">Gremio<\/a> de Porto Alegre sufri\u00f3 el saqueo del negocio oficial. <\/strong><\/p>\n<\/div>\n<div readability=\"15\">\n<p>Mientras el club ten\u00eda al estadio Arena como centro de refugio de v\u00edctimas que perdieron la casa, el local fue invadido por delincuentes que sustrajeron computadoras, televisores, dinero, camisetas, una caja fuerte y diversas mercader\u00edas t\u00edpicas de estos lugares. Se difundi\u00f3 un video en el que se constat\u00f3 que qued\u00f3 todo destruido. <\/p>\n<\/div>\n<div readability=\"10\">\n<p>Gremio, Inter y Juventude hab\u00edan pedido a la Confederaci\u00f3n Brasile\u00f1a de F\u00fatbol la suspensi\u00f3n del Brasileirao hasta fin de mayo, pero por ahora el torneo contin\u00faa. <\/p>\n<\/div>\n<div readability=\"24\">\n<p>No hay fecha oficial para la vuelta de los equipos a la competencia, pero hay muchas posibilidades de que Gremio sea local en el estadio de Bragantino. En tanto, el Inter, al mando de Eduardo Coudet, volvi\u00f3 este martes a las pr\u00e1cticas, luego de 12 d\u00edas de inactividad. El estadio Beira R\u00edo y el centro deportivo est\u00e1n inutilizables. Por eso, el trabajo fue en PUCRS, una zona alejada. El equipo volver\u00e1 a jugar el 28 de mayo, de local ante Belgrano de C\u00f3rdoba, por la Copa Sudamericana, pero todav\u00eda no se sabe el lugar. El estadio At\u00edlio Paiva, en Rivera (Uruguay), y Colosso da Lagoa, en Erechim, fueron para el match contra el Pirata. El club eval\u00faa las opciones.<\/p>\n<\/div>\n","protected":false},"excerpt":{"rendered":"<p>Porto Alegre vive una situaci\u00f3n de extrema angustia por la inundaci\u00f3n que devast\u00f3 la ciudad, con 148 muertos y 200 desaparecidos. Por ahora, el agua no retrocedi\u00f3 lo suficiente y en la regi\u00f3n de Gua\u00edba est\u00e1 a 5 metros y 22 cent\u00edmetros. El f\u00fatbol local est\u00e1 paralizado y se sabe que el aeropuerto local no [&hellip;]<\/p>\n","protected":false},"author":1,"featured_media":77539,"comment_status":"open","ping_status":"closed","sticky":false,"template":"","format":"standard","meta":[],"categories":[16],"tags":[],"_links":{"self":[{"href":"http:\/\/hoycordobaweb.com\/index.php\/wp-json\/wp\/v2\/posts\/77538"}],"collection":[{"href":"http:\/\/hoycordobaweb.com\/index.php\/wp-json\/wp\/v2\/posts"}],"about":[{"href":"http:\/\/hoycordobaweb.com\/index.php\/wp-json\/wp\/v2\/types\/post"}],"author":[{"embeddable":true,"href":"http:\/\/hoycordobaweb.com\/index.php\/wp-json\/wp\/v2\/users\/1"}],"replies":[{"embeddable":true,"href":"http:\/\/hoycordobaweb.com\/index.php\/wp-json\/wp\/v2\/comments?post=77538"}],"version-history":[{"count":0,"href":"http:\/\/hoycordobaweb.com\/index.php\/wp-json\/wp\/v2\/posts\/77538\/revisions"}],"wp:featuredmedia":[{"embeddable":true,"href":"http:\/\/hoycordobaweb.com\/index.php\/wp-json\/wp\/v2\/media\/77539"}],"wp:attachment":[{"href":"http:\/\/hoycordobaweb.com\/index.php\/wp-json\/wp\/v2\/media?parent=77538"}],"wp:term":[{"taxonomy":"category","embeddable":true,"href":"http:\/\/hoycordobaweb.com\/index.php\/wp-json\/wp\/v2\/categories?post=77538"},{"taxonomy":"post_tag","embeddable":true,"href":"http:\/\/hoycordobaweb.com\/index.php\/wp-json\/wp\/v2\/tags?post=77538"}],"curies":[{"name":"wp","href":"https:\/\/api.w.org\/{rel}","templated":true}]}}