{"id":77534,"date":"2024-05-14T10:58:27","date_gmt":"2024-05-14T10:58:27","guid":{"rendered":"https:\/\/manoamanocba.com.ar\/?p=6662"},"modified":"2024-05-14T10:58:27","modified_gmt":"2024-05-14T10:58:27","slug":"las-bodas-de-figaro-se-presenta-en-el-escenario-de-la-facultad-de-ciencias-exactas","status":"publish","type":"post","link":"http:\/\/hoycordobaweb.com\/index.php\/2024\/05\/14\/las-bodas-de-figaro-se-presenta-en-el-escenario-de-la-facultad-de-ciencias-exactas\/","title":{"rendered":"\u00abLas bodas de F\u00edgaro\u00bb se presenta en el escenario de la Facultad de Ciencias Exactas"},"content":{"rendered":"<p dir=\"ltr\">Con una interesante puesta, la compa\u00f1\u00eda l\u00edrica de cantantes cordobeses independientes In Crescendo sube al escenario con la \u00f3pera bufa en cuatro actos <strong>\u201cLas bodas de F\u00edgaro\u201d retratada por Wolfgang Amadeus Mozart y libreto de Lorenzo da Ponte.<\/strong><\/p>\n<p dir=\"ltr\">El estreno ser\u00e1 el&nbsp;<strong>viernes 24 de mayo&nbsp;a las 20 en el Aula Magna de la Facultad de Ciencias Exactas<\/strong>, ubicado en Av. V\u00e9lez Sarsfield 229. El espect\u00e1culo se repite el domingo 26 de mayo, el viernes 7 y s\u00e1bado 8 de junio a las 20.<\/p>\n<p dir=\"ltr\">Con una m\u00fasica brillante y un libreto ingenioso, \u00abLas Bodas de F\u00edgaro\u00bb es una de las \u00f3peras m\u00e1s aclamadas de Mozart. Su estreno tuvo lugar el 1 de mayo de 1786 en Viena y desde entonces se ha convertido en una pieza fundamental del repertorio oper\u00edstico.<\/p>\n<p dir=\"ltr\">Esta \u00f3pera captura la esencia del g\u00e9nero bufo, combinando momentos c\u00f3micos con pasajes l\u00edricos y dram\u00e1ticos.<\/p>\n<p dir=\"ltr\">Al respecto, el director de escena Jos\u00e9 Luis Moreno, se\u00f1ala:&nbsp;\u201cEsta puesta en particular es sumamente interesante de ver. Est\u00e1 trabajada desde el humor y el gag, lo que le da un toque divertido y entretenido. Durante la representaci\u00f3n, podr\u00e1n disfrutar de situaciones muy graciosas propias de un bodevil, es decir, un g\u00e9nero teatral conocido por sus enredos y comedia. Lo fascinante de esta producci\u00f3n es que su ambientaci\u00f3n es atemporal, trascendiendo cualquier \u00e9poca espec\u00edfica. Esto le brinda una calidad \u00fanica y la hace accesible y relevante para cualquier p\u00fablico, sin importar el per\u00edodo hist\u00f3rico en el que se encuentren\u201d.<\/p>\n<p dir=\"ltr\">Adem\u00e1s destaca que \u201c<i>La<\/i><i>&nbsp;escenograf\u00eda y utiler\u00eda est\u00e1n realizadas con un estilo de dibujo de trazo grueso, tambi\u00e9n conocido como 2D. Esto le brinda un aspecto visual distintivo y cautivador, transport\u00e1ndolos a un mundo lleno de contrastes en blanco y negro\u201d<\/i>.<\/p>\n<p dir=\"ltr\"><b>Las entradas pueden adquirirse de manera anticipada en Rub\u00e9n Libros (De\u00e1n Funes 163)&nbsp; y por&nbsp;<a href=\"http:\/\/alpogo.com\/\" target=\"_blank\" rel=\"noopener noreferrer\" data-saferedirecturl=\"https:\/\/www.google.com\/url?q=http:\/\/alpogo.com&amp;source=gmail&amp;ust=1715770301602000&amp;usg=AOvVaw14qPBZi3j9GYFDrOEScDeB\">alpogo.com<\/a>&nbsp;con un costo general de $6.000 y de $8.000 en puerta.&nbsp;<\/b><\/p>\n<p dir=\"ltr\"><a href=\"http:\/\/manoamanocba.com.ar\/wp-content\/uploads\/2024\/05\/Flyer-Las-bodas-de-Figaro.jpeg\"><img loading=\"lazy\" class=\"size-medium wp-image-6664 aligncenter\" src=\"http:\/\/hoycordobaweb.com\/wp-content\/uploads\/2024\/05\/las-bodas-de-figaro-se-presenta-en-el-escenario-de-la-facultad-de-ciencias-exactas.jpg\" alt width=\"300\" height=\"300\" srcset=\"http:\/\/hoycordobaweb.com\/wp-content\/uploads\/2024\/05\/las-bodas-de-figaro-se-presenta-en-el-escenario-de-la-facultad-de-ciencias-exactas.jpg 300w, http:\/\/hoycordobaweb.com\/wp-content\/uploads\/2024\/05\/las-bodas-de-figaro-se-presenta-en-el-escenario-de-la-facultad-de-ciencias-exactas-1.jpg 1024w, http:\/\/hoycordobaweb.com\/wp-content\/uploads\/2024\/05\/las-bodas-de-figaro-se-presenta-en-el-escenario-de-la-facultad-de-ciencias-exactas-2.jpg 150w, http:\/\/hoycordobaweb.com\/wp-content\/uploads\/2024\/05\/las-bodas-de-figaro-se-presenta-en-el-escenario-de-la-facultad-de-ciencias-exactas-3.jpg 768w, http:\/\/hoycordobaweb.com\/wp-content\/uploads\/2024\/05\/las-bodas-de-figaro-se-presenta-en-el-escenario-de-la-facultad-de-ciencias-exactas-4.jpg 1080w\" sizes=\"(max-width: 300px) 100vw, 300px\"><\/a><\/p>\n<p dir=\"ltr\"><b>La propuesta art\u00edstica<\/b><\/p>\n<p dir=\"ltr\">Con la direcci\u00f3n general de Marcela Benedetti, In Crescendo aborda el libreto original basado en la segunda parte de la trilog\u00eda creada por Beaumarchais sobre el personaje de F\u00edgaro, abrazando los tiempos modernos con su puesta en escena.<\/p>\n<p dir=\"ltr\">Jugando con lo negro y lo blanco, lo sombr\u00edo y lo p\u00e1lido, lo neutro y el detalle vibrante del color plasmando as\u00ed el argumento de la \u00f3pera y contribuyendo desde lo visual con las personalidades de cada personaje y la cr\u00edtica a los estratos sociales acentuados en \u201cLe Nozze di F\u00edgaro\u201d, reflejo muchas veces de problem\u00e1ticas actuales.<\/p>\n<p dir=\"ltr\">Basada en la obra de Pierre Augustin Caron de Beaumarchais, \u00abLa folle journ\u00e9e, ou Le mariage de Figaro\u00bb, la trama de la \u00f3pera se desarrolla en Sevilla en el siglo XVIII y gira en torno a los amores y desamores de los Condes de Almaviva y sus sirvientes: F\u00edgaro, Susanna y Cherubino. La historia est\u00e1 llena de intriga, malentendidos, cambios de identidad y situaciones c\u00f3micas.<\/p>\n<p dir=\"ltr\">La \u00f3pera es una audaz cr\u00edtica a la aristocracia de la \u00e9poca, mostrando los valores decadentes y las injusticias sociales. A trav\u00e9s de los distintos personajes, se exploran temas como la infidelidad, los celos y los conflictos de clase. A trav\u00e9s de su m\u00fasica y su trama, \u00abLas Bodas de F\u00edgaro\u00bb nos transporta a un mundo de amor, intriga y reflexi\u00f3n sobre la sociedad de la \u00e9poca.<\/p>\n<p dir=\"ltr\">De esta manera, la propuesta de In Crescendo se centrar\u00e1 en resaltar los contrastes entre las clases sociales, en un movimiento esc\u00e9nico tradicionalista, destacando la elegancia y fluidez de los movimientos de los personajes. La dramaturgia coreogr\u00e1fica se encuentra plasmada en el libreto de la \u00f3pera.<\/p>\n<p dir=\"ltr\"><b>Sobre la Compa\u00f1\u00eda<\/b><\/p>\n<p dir=\"ltr\">In Crescendo Compa\u00f1\u00eda L\u00edrica es una compa\u00f1\u00eda independiente de cantantes cordobeses en continua formaci\u00f3n. Sus integrantes, alumnos profesionalizados de la Maestra Marcela Benedetti, reconocida cantante y docente cordobesa, cuenta con cantantes profesionales invitados de amplia trayectoria en la ciudad.<\/p>\n<p dir=\"ltr\">Ante la falta de espacios que propicien la producci\u00f3n de obras l\u00edricas la Maestra Benedetti constituye la compa\u00f1\u00eda In Crescendo proponiendo espacios de producci\u00f3n, formaci\u00f3n y puesta en escena. Es as\u00ed que Marcela Benedetti gestiona la realizaci\u00f3n de proyectos con la finalidad de difundir el g\u00e9nero l\u00edrico promoviendo la interpretaci\u00f3n del repertorio oper\u00edstico y de c\u00e1mara en los espacios culturales cordobeses, propiciando la difusi\u00f3n del mismo.<\/p>\n<p dir=\"ltr\">Desde el 2001 en adelante la compa\u00f1\u00eda In Crescendo es activa en la vida cultural de C\u00f3rdoba, y representante del repertorio l\u00edrico cordob\u00e9s al llevar sus producciones a otras provincias. A partir del 2017 la Compa\u00f1\u00eda comienza a reconocerse bajo el nombre de \u201cIn Crescendo Compa\u00f1\u00eda L\u00edrica\u201d. En abril de ese a\u00f1o se hace un concierto de m\u00fasica religiosa abarcando los per\u00edodos Barroco, Cl\u00e1sico, Rom\u00e1ntico hasta post Romanticismo en la Iglesia de Santa Teresa. Se repite en noviembre en el museo de arte religioso Tejeda. Hasta la actualidad, la agrupaci\u00f3n no ha dejado de crecer en sus puestas y ha realizado numerosas presentaciones y conciertos.<\/p>\n<p dir=\"ltr\"><b>El Elenco<\/b><\/p>\n<p dir=\"ltr\"><span>El Conde de Almaviva: Marcos Abalos Luna\/ Federico Finocchiaro<br \/>La Contessa de Almaviva: Melani Figueroa\/ Sabrina Paterno<br \/>Susanna, prometida de F\u00edgaro: Rosario Goldaracena\/ Julieta Fassi<br \/>Figaro: Leonardo Perez\/ Luciano Castillo<br \/>Cherubino, page del Conde: Emilia Gonzalez Zanotti\/ Carolina Bistolfi<br \/>Marcellina: Ana Barrionuevo<br \/>Bartolo, m\u00e9dico de Sevilla: Pablo Bottero\/ Germ\u00e1n Asis<br \/>Basilio, maestro de musica: Luciano Santamaria\/ Hector Fern\u00e1ndez<br \/>Don Curzio, Juez: Francisco Bazan\/ Juan Leoni<br \/>Barbarina, hija de Antonio: Agostina Ponssa\/ Carla Sargiotto<br \/>Antonio, jardinero del Conde y t\u00edo de Susanna: Germ\u00e1n Asis\/ Franco Padilla<\/span><\/p>\n<p>Pianistas: Maestra Andrea Mell\u00eda\/ Maestro Daniel Villegas<br \/>Direcci\u00f3n Musical: Juan Manuel Brarda \/ Esteban Conde<br \/>Maestro preparador: Juan Leoni<br \/>Caracterizaci\u00f3n y Est\u00e9tica, Escenograf\u00eda, Utiler\u00eda, Peluquer\u00eda: Juan Bernardo Mar\u00edn<br \/>Vestuario Juan Bernardo Mar\u00edn<br \/>Iluminaci\u00f3n: Omar Suarez<br \/>Direcci\u00f3n y Puesta en Escena: Jos\u00e9 Luis Moreno<br \/>Asistente de Direcci\u00f3n: Ana Gabriela Barrionuevo<br \/>Direcci\u00f3n general: Marcela Benedetti<\/p>\n<p dir=\"ltr\"><b>Para agendar:&nbsp;<\/b><\/p>\n<p dir=\"ltr\"><b>Las bodas de F\u00edgaro.<\/b>&nbsp;24 y 26 de mayo y 7 y 8 de junio a las 20, en el Aula Magna de la Facultad de Ciencias Exactas FCEFYN (Av. V\u00e9lez Sarsfield 299).<\/p>\n<p dir=\"ltr\"><b>Entradas<\/b>&nbsp;$8.000 \u2013 Anticipadas: $6.000<\/p>\n","protected":false},"excerpt":{"rendered":"<p>Con una interesante puesta, la compa\u00f1\u00eda l\u00edrica de cantantes cordobeses independientes In Crescendo sube al escenario con la \u00f3pera bufa en cuatro actos \u201cLas bodas de F\u00edgaro\u201d retratada por Wolfgang Amadeus Mozart y libreto de Lorenzo da Ponte. El estreno ser\u00e1 el&nbsp;viernes 24 de mayo&nbsp;a las 20 en el Aula Magna de la Facultad de [&hellip;]<\/p>\n","protected":false},"author":1,"featured_media":77535,"comment_status":"closed","ping_status":"closed","sticky":false,"template":"","format":"standard","meta":[],"categories":[19],"tags":[],"_links":{"self":[{"href":"http:\/\/hoycordobaweb.com\/index.php\/wp-json\/wp\/v2\/posts\/77534"}],"collection":[{"href":"http:\/\/hoycordobaweb.com\/index.php\/wp-json\/wp\/v2\/posts"}],"about":[{"href":"http:\/\/hoycordobaweb.com\/index.php\/wp-json\/wp\/v2\/types\/post"}],"author":[{"embeddable":true,"href":"http:\/\/hoycordobaweb.com\/index.php\/wp-json\/wp\/v2\/users\/1"}],"replies":[{"embeddable":true,"href":"http:\/\/hoycordobaweb.com\/index.php\/wp-json\/wp\/v2\/comments?post=77534"}],"version-history":[{"count":0,"href":"http:\/\/hoycordobaweb.com\/index.php\/wp-json\/wp\/v2\/posts\/77534\/revisions"}],"wp:featuredmedia":[{"embeddable":true,"href":"http:\/\/hoycordobaweb.com\/index.php\/wp-json\/wp\/v2\/media\/77535"}],"wp:attachment":[{"href":"http:\/\/hoycordobaweb.com\/index.php\/wp-json\/wp\/v2\/media?parent=77534"}],"wp:term":[{"taxonomy":"category","embeddable":true,"href":"http:\/\/hoycordobaweb.com\/index.php\/wp-json\/wp\/v2\/categories?post=77534"},{"taxonomy":"post_tag","embeddable":true,"href":"http:\/\/hoycordobaweb.com\/index.php\/wp-json\/wp\/v2\/tags?post=77534"}],"curies":[{"name":"wp","href":"https:\/\/api.w.org\/{rel}","templated":true}]}}