{"id":77511,"date":"2024-05-14T10:51:00","date_gmt":"2024-05-14T10:51:00","guid":{"rendered":"https:\/\/ahora.com.ar\/show\/animal-vuelve-santa-fe-y-tocaran-el-album-completo-1994-n5372094"},"modified":"2024-05-14T10:51:00","modified_gmt":"2024-05-14T10:51:00","slug":"a-n-i-m-a-l-vuelve-a-santa-fe-y-tocaran-el-album-completo-de-1994","status":"publish","type":"post","link":"http:\/\/hoycordobaweb.com\/index.php\/2024\/05\/14\/a-n-i-m-a-l-vuelve-a-santa-fe-y-tocaran-el-album-completo-de-1994\/","title":{"rendered":"A.N.I.M.A.L vuelve a Santa Fe y tocar\u00e1n el \u00e1lbum completo de 1994"},"content":{"rendered":"<div><img src=\"http:\/\/hoycordobaweb.com\/wp-content\/uploads\/2024\/05\/a-n-i-m-a-l-vuelve-a-santa-fe-y-tocaran-el-album-completo-de-1994.jpg\" class=\"ff-og-image-inserted\"><\/div>\n<div id>\n<div class=\"article-body__info-wrapper\"><span class=\"article-body__date\"> <time datetime=\"2024-05-14T10:51:00.000Z\">14 de mayo de 2024 &#8211; 07:51<\/time><\/span> <\/div>\n<p><strong>A pedido del publico A.N.I.M.A.L. regresa a Santa Fe para celebrar el 30 aniversario de Fin de un Mundo Enfermo, su segundo \u00e1lbum de estudio editado en 1994, el cual tocaran completo por primera vez. \u00abFin de un mundo enfermo\u00bb es un disco que se adentra a\u00fan m\u00e1s en la tem\u00e1tica indigenista, a trav\u00e9s de composiciones como \u201cHijos del sol\u201d y \u201cS\u00f3lo por ser indios\u201d. <\/strong><\/p>\n<\/p><\/div>\n<div id>\n<p>Con esta obra, A.N.I.M.A.L. se convierte en la banda m\u00e1s moderna del metal argentino en ese momento.<\/p>\n<\/div>\n<div id>\n<div contenteditable=\"false\" class=\"embed_cont type_freetext\" rel=\"freetext\" id=\"embed3082_wrap\" data-provider=\"YouTube\" readability=\"32\">\n<p>Embed &#8211; A.N.I.M.A.L &#8211; Fin de un mundo enfermo (1994) FULL ALBUM<span onclick=\"parent.parent.TinyMCETdcuerpo.preview_embed('embed3082')\" class=\"embed_colapse less\" id=\"embed3082_colapse\"><\/span><span onclick=\"parent.parent.TinyMCETdcuerpo.delete_embed('embed3082')\" class=\"embed_delete less\" id=\"embed3082_delete\"><\/span><\/p>\n<\/p><\/div>\n<h2>A.N.I.M.A.L vuelve a Santa Fe y tocar\u00e1n el \u00e1lbum completo de 1994<\/h2>\n<p>A.N.I.M.A.L. se presentar\u00e1 en Tribus Club de Arte el viernes 17 de mayo a las 21 hs. Las bandas invitadas ser\u00e1n Simerians y OVDC. Las entradas est\u00e1n a la venta en la boleter\u00eda de Tribus (mi\u00e9rcoles a domingo de 18 a 00 hs) y a trav\u00e9s del sistema Ticketway y sus puntos de venta (online y f\u00edsicos)<\/p>\n<\/p><\/div>\n","protected":false},"excerpt":{"rendered":"<p>14 de mayo de 2024 &#8211; 07:51 A pedido del publico A.N.I.M.A.L. regresa a Santa Fe para celebrar el 30 aniversario de Fin de un Mundo Enfermo, su segundo \u00e1lbum de estudio editado en 1994, el cual tocaran completo por primera vez. \u00abFin de un mundo enfermo\u00bb es un disco que se adentra a\u00fan m\u00e1s [&hellip;]<\/p>\n","protected":false},"author":1,"featured_media":77512,"comment_status":"closed","ping_status":"closed","sticky":false,"template":"","format":"standard","meta":[],"categories":[10,23],"tags":[],"_links":{"self":[{"href":"http:\/\/hoycordobaweb.com\/index.php\/wp-json\/wp\/v2\/posts\/77511"}],"collection":[{"href":"http:\/\/hoycordobaweb.com\/index.php\/wp-json\/wp\/v2\/posts"}],"about":[{"href":"http:\/\/hoycordobaweb.com\/index.php\/wp-json\/wp\/v2\/types\/post"}],"author":[{"embeddable":true,"href":"http:\/\/hoycordobaweb.com\/index.php\/wp-json\/wp\/v2\/users\/1"}],"replies":[{"embeddable":true,"href":"http:\/\/hoycordobaweb.com\/index.php\/wp-json\/wp\/v2\/comments?post=77511"}],"version-history":[{"count":0,"href":"http:\/\/hoycordobaweb.com\/index.php\/wp-json\/wp\/v2\/posts\/77511\/revisions"}],"wp:featuredmedia":[{"embeddable":true,"href":"http:\/\/hoycordobaweb.com\/index.php\/wp-json\/wp\/v2\/media\/77512"}],"wp:attachment":[{"href":"http:\/\/hoycordobaweb.com\/index.php\/wp-json\/wp\/v2\/media?parent=77511"}],"wp:term":[{"taxonomy":"category","embeddable":true,"href":"http:\/\/hoycordobaweb.com\/index.php\/wp-json\/wp\/v2\/categories?post=77511"},{"taxonomy":"post_tag","embeddable":true,"href":"http:\/\/hoycordobaweb.com\/index.php\/wp-json\/wp\/v2\/tags?post=77511"}],"curies":[{"name":"wp","href":"https:\/\/api.w.org\/{rel}","templated":true}]}}