{"id":77447,"date":"2024-05-12T21:50:34","date_gmt":"2024-05-12T21:50:34","guid":{"rendered":"https:\/\/www.ole.com.ar\/boca-juniors\/fortaleza-empato-botafogo-rival-sudamericana-boca-brasileirao_0_moR7FLOn8T.html"},"modified":"2024-05-12T21:50:34","modified_gmt":"2024-05-12T21:50:34","slug":"fortaleza-penso-en-boca-y-puso-suplentes-en-el-empate-con-botafogo-por-el-brasileirao","status":"publish","type":"post","link":"http:\/\/hoycordobaweb.com\/index.php\/2024\/05\/12\/fortaleza-penso-en-boca-y-puso-suplentes-en-el-empate-con-botafogo-por-el-brasileirao\/","title":{"rendered":"Fortaleza pens\u00f3 en Boca y puso suplentes en el empate con Botafogo por el Brasileirao"},"content":{"rendered":"<p><img src=\"http:\/\/hoycordobaweb.com\/wp-content\/uploads\/2024\/05\/fortaleza-penso-en-boca-y-puso-suplentes-en-el-empate-con-botafogo-por-el-brasileirao.jpg\"><\/p>\n<p><time class=\"createDate\" datetime=\"2024-05-12T18:50:34-03:00\">12\/05\/2024 18:50hs.<\/time><\/p>\n<div id=\"storyBody\">\n<div class=\"custom-text \" readability=\"33.393939393939\">\n<p>La pelea por el primer lugar del Grupo D de la <strong><a href=\"https:\/\/www.ole.com.ar\/tema\/copa-sudamericana.html\" title=\"Copa Sudamericana\" alt=\"Copa Sudamericana\" class=\"slug\">Copa Sudamericana<\/a><\/strong> no es un tema menor para<strong><a href=\"https:\/\/www.ole.com.ar\/tema\/fortaleza.html\" title=\"Fortaleza\" alt=\"Fortaleza\" class=\"slug\"> Fortaleza<\/a><\/strong>, el rival de<strong><a href=\"https:\/\/www.ole.com.ar\/tema\/boca-juniors.html\" title=\"Boca Juniors\" alt=\"Boca Juniors\" class=\"slug\"> Boca<\/a><\/strong> en la materia. <strong>Es que la derrota de los brasile\u00f1os en Potos\u00ed ubic\u00f3 a Boca a tiro de la punta (necesita ganar el mi\u00e9rcoles en la Bombonera) y por eso <a href=\"https:\/\/www.ole.com.ar\/tema\/juan-pablo-vojvoda.html\" title=\"Juan Pablo Vojvoda\" alt=\"Juan Pablo Vojvoda\" class=\"slug\">Juan Pablo Vojvoda<\/a>, el DT del Tricolor, decidi\u00f3 poner este domingo mayor\u00eda de suplentes para su partido por el Brasileirao.<\/strong><\/p>\n<\/div>\n<div class=\"custom-text \" readability=\"40\">\n<p><strong>El encuentro, en su cancha ante Botafogo, termin\u00f3 empatado en uno luego de arrancar arriba con gol de Tom\u00e1s Pochettino, uno de los pocos titulares que fueron de arranque.<\/strong> Tras el empate visitante, jugaron tambi\u00e9n unos minutos los delanteros <strong>Juan Manuel Lucero<\/strong> (autor de los dos primeros goles en el 4 a 2 del enfrentamiento con el Xeneize en Cear\u00e1) y <strong>Pikachu<\/strong>, quien marc\u00f3 los otros dos en aquella goleada.<\/p>\n<\/div>\n<div class=\"custom-text \" readability=\"36.515625\">\n<p><strong>Fortaleza suma 7 puntos en la primeras seis fechas del torneo brasile\u00f1o y est\u00e1 en la mitad de la tabla. En tanto -con los 9 puntos que sum\u00f3 en los primeros tres partidos coperos-, est\u00e1 puntero de la zona que comparte con Boca<\/strong>, ahora perseguido por los de<strong><a href=\"https:\/\/www.ole.com.ar\/tema\/diego-martinez-dt.html\" title=\"Diego Mart\u00ednez DT\" alt=\"Diego Mart\u00ednez DT\" class=\"slug\"> Diego Mart\u00ednez <\/a><\/strong>con 7, tras la ag\u00f3nica victoria que consiguieron en Paraguay ante Sportivo Trinidense el \u00faltimo mi\u00e9rcoles.<\/p>\n<\/div>\n<div type=\"embed\" class=\"sc-3f46f5ae-0 djVTgz\">\n<div class=\"sc-3f46f5ae-1 fTjZec videoText\" id=\"contentTitleembedvCHQp1Rl\" type=\"embed\"><svg fill=\"#ffffff\"><symbol id=\"play\" viewBox=\"0 0 512 512\"><path d=\"M512 256C512 397.4 397.4 512 256 512C114.6 512 0 397.4 0 256C0 114.6 114.6 0 256 0C397.4 0 512 114.6 512 256zM176 168V344C176 352.7 180.7 360.7 188.3 364.9C195.8 369.2 205.1 369 212.5 364.5L356.5 276.5C363.6 272.1 368 264.4 368 256C368 247.6 363.6 239.9 356.5 235.5L212.5 147.5C205.1 142.1 195.8 142.8 188.3 147.1C180.7 151.3 176 159.3 176 168V168z\" \/><\/symbol><use xlink:href=\"#play\" \/><\/svg><\/p>\n<div class=\"right\">\n<p>Fortaleza<!-- --> &#8211;<!-- --> <span>12-5-2024<\/span><\/p>\n<h2 class=\"title-vid\">El resumen de la goleada de Fortaleza ante Boca por 4 a 2<\/h2>\n<\/div>\n<\/div>\n<p><span class=\"back\" id=\"spanBackembedvCHQp1Rl\"><\/span><\/div>\n<p><h2><strong>Partido clave<\/strong><\/h2>\n<\/p>\n<div class=\"custom-text \" readability=\"38\">\n<p><strong>Esta semana se enfrentar\u00e1n en un choque decisivo para ver quien gana el grupo, lugar necesario para avanzar a octavos de final sin tener que intercalar una ronda de 16avos, <\/strong>que cruza a los escoltas con los terceros de los grupos de la Copa Libertadores. Por esa raz\u00f3n, Vojvoda cuid\u00f3 y los del nordeste brasile\u00f1o ya tienen la cabeza puesta en Boca.<\/p>\n<\/div>\n<div class=\"sc-a7166897-0 exHLBh\" readability=\"6.5\">\n<section readability=\"3\"><picture><img alt=\"Mart\u00ednez y un cambio inesperado: Fabra juega por Zen\u00f3n, quien no va ni al banco\" src=\"http:\/\/hoycordobaweb.com\/wp-content\/uploads\/2024\/05\/fortaleza-penso-en-boca-y-puso-suplentes-en-el-empate-con-botafogo-por-el-brasileirao-2.jpg\" width=\"290\" height=\"290\" decoding=\"async\" data-nimg=\"future\" loading=\"lazy\"><\/picture>\n<p><span>Mir\u00e1 tambi\u00e9n<\/span><\/p>\n<hr>\n<h3>Mart\u00ednez y un cambio inesperado: Fabra juega por Zen\u00f3n, quien no va ni al banco<\/h3>\n<\/p>\n<\/section>\n<\/div>\n<div class=\"sc-a7166897-0 exHLBh\" readability=\"7.5\">\n<section readability=\"5\"><picture><img alt=\"Atl\u00e9tico Tucum\u00e1n vs Boca, hoy EN VIVO por la Liga Profesional: horario, d\u00f3nde ver y formaciones\" src=\"http:\/\/hoycordobaweb.com\/wp-content\/uploads\/2024\/05\/fortaleza-penso-en-boca-y-puso-suplentes-en-el-empate-con-botafogo-por-el-brasileirao-3.jpg\" width=\"290\" height=\"290\" decoding=\"async\" data-nimg=\"future\" loading=\"lazy\"><\/picture>\n<p><span>Mir\u00e1 tambi\u00e9n<\/span><\/p>\n<hr>\n<h3>Atl\u00e9tico Tucum\u00e1n vs Boca, hoy EN VIVO por la Liga Profesional: horario, d\u00f3nde ver y formaciones<\/h3>\n<\/p>\n<\/section>\n<\/div>\n<div class=\"sc-a7166897-0 exHLBh\" readability=\"6.5\">\n<section readability=\"3\"><picture><img alt=\"Los imponderables que no dejan a Mart\u00ednez tener un 11 de memoria en Boca en 21 partidos\" src=\"http:\/\/hoycordobaweb.com\/wp-content\/uploads\/2024\/05\/fortaleza-penso-en-boca-y-puso-suplentes-en-el-empate-con-botafogo-por-el-brasileirao-4.jpg\" width=\"290\" height=\"290\" decoding=\"async\" data-nimg=\"future\" loading=\"lazy\"><\/picture>\n<p><span>Mir\u00e1 tambi\u00e9n<\/span><\/p>\n<hr>\n<h3>Los imponderables que no dejan a Mart\u00ednez tener un 11 de memoria en Boca en 21 partidos<\/h3>\n<\/p>\n<\/section>\n<\/div>\n<div class=\"sc-a7166897-0 exHLBh\" readability=\"6\">\n<section readability=\"2\"><picture><img alt=\"Cu\u00e1ndo fue la \u00faltima visita de Boca a Tucum\u00e1n con p\u00fablico\" src=\"http:\/\/hoycordobaweb.com\/wp-content\/uploads\/2024\/05\/fortaleza-penso-en-boca-y-puso-suplentes-en-el-empate-con-botafogo-por-el-brasileirao-5.jpg\" width=\"290\" height=\"290\" decoding=\"async\" data-nimg=\"future\" loading=\"lazy\"><\/picture>\n<p><span>Mir\u00e1 tambi\u00e9n<\/span><\/p>\n<hr>\n<h3>Cu\u00e1ndo fue la \u00faltima visita de Boca a Tucum\u00e1n con p\u00fablico<\/h3>\n<\/p>\n<\/section>\n<\/div>\n<\/div>\n","protected":false},"excerpt":{"rendered":"<p>12\/05\/2024 18:50hs. La pelea por el primer lugar del Grupo D de la Copa Sudamericana no es un tema menor para Fortaleza, el rival de Boca en la materia. Es que la derrota de los brasile\u00f1os en Potos\u00ed ubic\u00f3 a Boca a tiro de la punta (necesita ganar el mi\u00e9rcoles en la Bombonera) y por [&hellip;]<\/p>\n","protected":false},"author":1,"featured_media":77448,"comment_status":"open","ping_status":"closed","sticky":false,"template":"","format":"standard","meta":[],"categories":[16],"tags":[],"_links":{"self":[{"href":"http:\/\/hoycordobaweb.com\/index.php\/wp-json\/wp\/v2\/posts\/77447"}],"collection":[{"href":"http:\/\/hoycordobaweb.com\/index.php\/wp-json\/wp\/v2\/posts"}],"about":[{"href":"http:\/\/hoycordobaweb.com\/index.php\/wp-json\/wp\/v2\/types\/post"}],"author":[{"embeddable":true,"href":"http:\/\/hoycordobaweb.com\/index.php\/wp-json\/wp\/v2\/users\/1"}],"replies":[{"embeddable":true,"href":"http:\/\/hoycordobaweb.com\/index.php\/wp-json\/wp\/v2\/comments?post=77447"}],"version-history":[{"count":0,"href":"http:\/\/hoycordobaweb.com\/index.php\/wp-json\/wp\/v2\/posts\/77447\/revisions"}],"wp:featuredmedia":[{"embeddable":true,"href":"http:\/\/hoycordobaweb.com\/index.php\/wp-json\/wp\/v2\/media\/77448"}],"wp:attachment":[{"href":"http:\/\/hoycordobaweb.com\/index.php\/wp-json\/wp\/v2\/media?parent=77447"}],"wp:term":[{"taxonomy":"category","embeddable":true,"href":"http:\/\/hoycordobaweb.com\/index.php\/wp-json\/wp\/v2\/categories?post=77447"},{"taxonomy":"post_tag","embeddable":true,"href":"http:\/\/hoycordobaweb.com\/index.php\/wp-json\/wp\/v2\/tags?post=77447"}],"curies":[{"name":"wp","href":"https:\/\/api.w.org\/{rel}","templated":true}]}}