{"id":77397,"date":"2024-05-11T22:04:08","date_gmt":"2024-05-11T22:04:08","guid":{"rendered":"https:\/\/www.ole.com.ar\/autos\/murio-fallecio-juan-maria-traverso-flaco-tc-turismo-carretera_0_WxxmBjtOD1.html"},"modified":"2024-05-11T22:04:08","modified_gmt":"2024-05-11T22:04:08","slug":"murio-juan-maria-traverso-leyenda-del-automovilismo-argentino","status":"publish","type":"post","link":"http:\/\/hoycordobaweb.com\/index.php\/2024\/05\/11\/murio-juan-maria-traverso-leyenda-del-automovilismo-argentino\/","title":{"rendered":"Muri\u00f3 Juan Mar\u00eda Traverso, leyenda del automovilismo argentino"},"content":{"rendered":"<p><img src=\"http:\/\/hoycordobaweb.com\/wp-content\/uploads\/2024\/05\/murio-juan-maria-traverso-leyenda-del-automovilismo-argentino.jpg\"><\/p>\n<p><time class=\"createDate\" datetime=\"2024-05-11T19:04:08-03:00\">11\/05\/2024 19:04hs.<\/time><time class=\"modificatedDate\" datetime=\"2024-05-11T19:43:27-03:00\"> Actualizado al 11\/05\/2024 19:43hs.<\/time><\/p>\n<div id=\"storyBody\">\n<div class=\"custom-text \" readability=\"35.441077441077\">\n<p>Una noticia trist\u00edsima impact\u00f3 al mundo tuerca este s\u00e1bado:<strong> <a href=\"https:\/\/www.ole.com.ar\/tema\/juan-maria-traverso.html\" title=\"Juan Mar\u00eda Traverso\" alt=\"Juan Mar\u00eda Traverso\" class=\"slug\">Juan Mar\u00eda Traverso<\/a>, leyenda del automovilismo argentino, falleci\u00f3 a sus 73 a\u00f1os<\/strong>. La ACTC hizo el comunicado y despidi\u00f3 a la figura, hexacampe\u00f3n del TC y multicampe\u00f3n en tantas otras categor\u00edas, a trav\u00e9s de sus redes sociales.<\/p>\n<\/div>\n<div class=\"custom-text \" readability=\"37\">\n<p>\u00abSe fue un gran \u00eddolo.<strong> La ACTC expresa un profundo pesar por la muerte de Juan Mar\u00eda Traverso, el \u00eddolo que trascendi\u00f3 al automovilismo. <\/strong>Siempre&#8230; siempre recordaremos al &#8216;Flaco&#8217; de Ramallo. Que en paz descanse\u00bb, fueron las palabras de la Asociaci\u00f3n de Corredores de Turismo Carretera al momento de dar a conocer la noticia.<\/p>\n<\/div>\n<p><h2><strong>La despedida de la ACTC al Flaco Traverso<\/strong><\/h2>\n<\/p>\n<div class=\"custom-embedhtml\" readability=\"7.4197324414716\">\n<blockquote class=\"twitter-tweet\" readability=\"8.7290969899666\">\n<p lang=\"es\" dir=\"ltr\">Se fue un gran \u00eddolo.<\/p>\n<p>La ACTC expresa un profundo pesar por la muerte de Juan Mar\u00eda Traverso, el \u00eddolo que trascendi\u00f3 al automovilismo.<\/p>\n<p>Siempre&#8230;siempre recordaremos al \u201cFlaco\u201d de Ramallo. Que en paz descanse. <a href=\"https:\/\/t.co\/J4mMtPmLTz\">pic.twitter.com\/J4mMtPmLTz<\/a><\/p>\n<p>\u2014 Turismo Carretera ACTC (@actcargentina) <a href=\"https:\/\/twitter.com\/actcargentina\/status\/1789415240611881118?ref_src=twsrc%5Etfw\">May 11, 2024<\/a><\/p><\/blockquote><\/div>\n<div class=\"custom-text \" readability=\"38\">\n<p>Con <strong>16 t\u00edtulos en su haber<\/strong>, y cientos de maniobras irrepetibles y momentos m\u00e1gicos, Traverso se meti\u00f3 en la historia grande del automovilismo nacional. En sus \u00faltimos a\u00f1os, el Flaco fue presidente de la <strong>Asociaci\u00f3n Argentina de Volantes<\/strong>, que tambi\u00e9n le dio un adi\u00f3s sentido en sus redes.<\/p>\n<\/div>\n<div class=\"custom-text \" readability=\"39\">\n<p>\u00ab<strong>Descansa en paz Juan Maria Traverso, el \u00eddolo m\u00e1ximo del automovilismo argentino. En cada aut\u00f3dromo del pa\u00eds tu nombre estar\u00e1 siempre en el recuerdo.<\/strong> Desde la Asociaci\u00f3n Argentina de Volantes, entidad de la que fuiste presidente hasta el \u00faltimo d\u00eda, le enviamos condolencias a todos los que alguna vez conocieron a Juan Mar\u00eda Traverso\u00bb, fue el comunicado de la AAV.<\/p>\n<\/div>\n<div class=\"sc-e7b891c4-0 jPbnQF\"><img alt=\"El Flaco Traverso ten\u00eda 73 a\u00f1os al momento de su fallecimiento. (Rafael Mario Quinteros)\" src=\"http:\/\/hoycordobaweb.com\/wp-content\/uploads\/2024\/05\/murio-juan-maria-traverso-leyenda-del-automovilismo-argentino-2.jpg\" width=\"720\" height=\"100\" decoding=\"async\" data-nimg=\"future\" loading=\"lazy\"><span class=\"epigraphe\">El Flaco Traverso ten\u00eda 73 a\u00f1os al momento de su fallecimiento. (Rafael Mario Quinteros)<\/span><\/div>\n<p><h2><strong>El palmar\u00e9s de Juan Mar\u00eda Traverso <\/strong><\/h2>\n<\/p>\n<div class=\"custom-text \" readability=\"42\">\n<p>El oriundo de Ramallo, quien se hizo gigante en el plano local pero lleg\u00f3 a dar pelea en el internacional (compiti\u00f3 en la F\u00f3rmula 2 Europea en 1979),<strong> fue campe\u00f3n de TC en 1977, 1978, 1995, 1996, 1997 y 1999<\/strong>. En sus \u00faltimas temporadas gloriosas, envuelto en la rivalidad Chevrolet-Ford: Traverso se pas\u00f3 de un Chivo violeta al \u00d3valo y gener\u00f3 una revoluci\u00f3n en el deporte nacional.<\/p>\n<\/div>\n<div class=\"custom-text \" readability=\"44\">\n<p>Adem\u00e1s de sus conquistas en la categor\u00eda m\u00e1s antigua del planeta y la m\u00e1s popular del pa\u00eds, el Flaco cosech\u00f3 \u00e9xitos en el <strong>TC2000 y en el Top Race<\/strong>: fueron siete (1986, 1988, 1990, 1991, 1992, 1993 y 1995) y tres coronaciones (1998, 1999 y 2003), respectivamente. <strong>Su retiro de la actividad se dio en el 2005, con 54 a\u00f1os.<\/strong><\/p>\n<\/div>\n<div class=\"sc-a7166897-0 exHLBh\" readability=\"6\">\n<section readability=\"2\"><picture><img alt=\"C\u00f3mo sali\u00f3 Canapino en el IndyGP del IndyCar\" src=\"http:\/\/hoycordobaweb.com\/wp-content\/uploads\/2024\/05\/murio-juan-maria-traverso-leyenda-del-automovilismo-argentino-3.jpg\" width=\"290\" height=\"290\" decoding=\"async\" data-nimg=\"future\" loading=\"lazy\"><\/picture>\n<p><span>Mir\u00e1 tambi\u00e9n<\/span><\/p>\n<hr>\n<h3>C\u00f3mo sali\u00f3 Canapino en el IndyGP del IndyCar<\/h3>\n<\/p>\n<\/section>\n<\/div>\n<div class=\"sc-a7166897-0 exHLBh\" readability=\"6.5\">\n<section readability=\"3\"><picture><img alt=\"Dos carreras en tres horas: \u00bfc\u00f3mo har\u00e1n los pilotos que correr\u00e1n el mismo d\u00eda en el TC y el TN?\" src=\"http:\/\/hoycordobaweb.com\/wp-content\/uploads\/2024\/05\/murio-juan-maria-traverso-leyenda-del-automovilismo-argentino-4.jpg\" width=\"290\" height=\"290\" decoding=\"async\" data-nimg=\"future\" loading=\"lazy\"><\/picture>\n<p><span>Mir\u00e1 tambi\u00e9n<\/span><\/p>\n<hr>\n<h3>Dos carreras en tres horas: \u00bfc\u00f3mo har\u00e1n los pilotos que correr\u00e1n el mismo d\u00eda en el TC y el TN?<\/h3>\n<\/p>\n<\/section>\n<\/div>\n<div class=\"sc-a7166897-0 exHLBh\" readability=\"6.5\">\n<section readability=\"3\"><picture><img alt=\"TC: a qu\u00e9 hora y c\u00f3mo ver la quinta fecha del Turismo Carretera en Termas de R\u00edo Hondo\" src=\"http:\/\/hoycordobaweb.com\/wp-content\/uploads\/2024\/05\/murio-juan-maria-traverso-leyenda-del-automovilismo-argentino-5.jpg\" width=\"290\" height=\"290\" decoding=\"async\" data-nimg=\"future\" loading=\"lazy\"><\/picture>\n<p><span>Mir\u00e1 tambi\u00e9n<\/span><\/p>\n<hr>\n<h3>TC: a qu\u00e9 hora y c\u00f3mo ver la quinta fecha del Turismo Carretera en Termas de R\u00edo Hondo<\/h3>\n<\/p>\n<\/section>\n<\/div>\n<div class=\"sc-a7166897-0 exHLBh\" readability=\"6.5\">\n<section readability=\"3\"><picture><img alt=\"En el TC en Termas, Werner le rendir\u00e1 homenaje a Ayrton Senna\" src=\"http:\/\/hoycordobaweb.com\/wp-content\/uploads\/2024\/05\/murio-juan-maria-traverso-leyenda-del-automovilismo-argentino-6.jpg\" width=\"290\" height=\"290\" decoding=\"async\" data-nimg=\"future\" loading=\"lazy\"><\/picture>\n<p><span>Mir\u00e1 tambi\u00e9n<\/span><\/p>\n<hr>\n<h3>En el TC en Termas, Werner le rendir\u00e1 homenaje a Ayrton Senna<\/h3>\n<\/p>\n<\/section>\n<\/div>\n<\/div>\n","protected":false},"excerpt":{"rendered":"<p>11\/05\/2024 19:04hs. Actualizado al 11\/05\/2024 19:43hs. Una noticia trist\u00edsima impact\u00f3 al mundo tuerca este s\u00e1bado: Juan Mar\u00eda Traverso, leyenda del automovilismo argentino, falleci\u00f3 a sus 73 a\u00f1os. La ACTC hizo el comunicado y despidi\u00f3 a la figura, hexacampe\u00f3n del TC y multicampe\u00f3n en tantas otras categor\u00edas, a trav\u00e9s de sus redes sociales. \u00abSe fue un [&hellip;]<\/p>\n","protected":false},"author":1,"featured_media":77398,"comment_status":"open","ping_status":"closed","sticky":false,"template":"","format":"standard","meta":[],"categories":[16],"tags":[],"_links":{"self":[{"href":"http:\/\/hoycordobaweb.com\/index.php\/wp-json\/wp\/v2\/posts\/77397"}],"collection":[{"href":"http:\/\/hoycordobaweb.com\/index.php\/wp-json\/wp\/v2\/posts"}],"about":[{"href":"http:\/\/hoycordobaweb.com\/index.php\/wp-json\/wp\/v2\/types\/post"}],"author":[{"embeddable":true,"href":"http:\/\/hoycordobaweb.com\/index.php\/wp-json\/wp\/v2\/users\/1"}],"replies":[{"embeddable":true,"href":"http:\/\/hoycordobaweb.com\/index.php\/wp-json\/wp\/v2\/comments?post=77397"}],"version-history":[{"count":0,"href":"http:\/\/hoycordobaweb.com\/index.php\/wp-json\/wp\/v2\/posts\/77397\/revisions"}],"wp:featuredmedia":[{"embeddable":true,"href":"http:\/\/hoycordobaweb.com\/index.php\/wp-json\/wp\/v2\/media\/77398"}],"wp:attachment":[{"href":"http:\/\/hoycordobaweb.com\/index.php\/wp-json\/wp\/v2\/media?parent=77397"}],"wp:term":[{"taxonomy":"category","embeddable":true,"href":"http:\/\/hoycordobaweb.com\/index.php\/wp-json\/wp\/v2\/categories?post=77397"},{"taxonomy":"post_tag","embeddable":true,"href":"http:\/\/hoycordobaweb.com\/index.php\/wp-json\/wp\/v2\/tags?post=77397"}],"curies":[{"name":"wp","href":"https:\/\/api.w.org\/{rel}","templated":true}]}}