{"id":77391,"date":"2024-05-11T21:36:10","date_gmt":"2024-05-11T21:36:10","guid":{"rendered":"http:\/\/hoycordobaweb.com\/index.php\/2024\/05\/11\/clubes-volvieron-a-rechazar-el-avance-de-las-sad-en-el-futbol-argentino-ambito-financiero\/"},"modified":"2024-05-11T21:36:10","modified_gmt":"2024-05-11T21:36:10","slug":"clubes-volvieron-a-rechazar-el-avance-de-las-sad-en-el-futbol-argentino-ambito-financiero","status":"publish","type":"post","link":"http:\/\/hoycordobaweb.com\/index.php\/2024\/05\/11\/clubes-volvieron-a-rechazar-el-avance-de-las-sad-en-el-futbol-argentino-ambito-financiero\/","title":{"rendered":"Clubes volvieron a rechazar el avance de las SAD en el <b>f\u00fatbol argentino<\/b> &#8211; \u00c1mbito Financiero"},"content":{"rendered":"<p>El plantel de Col\u00f3n de Santa Fe tambi\u00e9n se manifest\u00f3 contra las SAD y la idea del presidente Javier Milei de implantarlas en el <b>f\u00fatbol argentino<\/b>. @&nbsp;&#8230; <\/p>\n","protected":false},"excerpt":{"rendered":"<p>El plantel de Col\u00f3n de Santa Fe tambi\u00e9n se manifest\u00f3 contra las SAD y la idea del presidente Javier Milei de implantarlas en el f\u00fatbol argentino. @&nbsp;&#8230;<\/p>\n","protected":false},"author":1,"featured_media":0,"comment_status":"closed","ping_status":"closed","sticky":false,"template":"","format":"standard","meta":[],"categories":[22],"tags":[],"_links":{"self":[{"href":"http:\/\/hoycordobaweb.com\/index.php\/wp-json\/wp\/v2\/posts\/77391"}],"collection":[{"href":"http:\/\/hoycordobaweb.com\/index.php\/wp-json\/wp\/v2\/posts"}],"about":[{"href":"http:\/\/hoycordobaweb.com\/index.php\/wp-json\/wp\/v2\/types\/post"}],"author":[{"embeddable":true,"href":"http:\/\/hoycordobaweb.com\/index.php\/wp-json\/wp\/v2\/users\/1"}],"replies":[{"embeddable":true,"href":"http:\/\/hoycordobaweb.com\/index.php\/wp-json\/wp\/v2\/comments?post=77391"}],"version-history":[{"count":0,"href":"http:\/\/hoycordobaweb.com\/index.php\/wp-json\/wp\/v2\/posts\/77391\/revisions"}],"wp:attachment":[{"href":"http:\/\/hoycordobaweb.com\/index.php\/wp-json\/wp\/v2\/media?parent=77391"}],"wp:term":[{"taxonomy":"category","embeddable":true,"href":"http:\/\/hoycordobaweb.com\/index.php\/wp-json\/wp\/v2\/categories?post=77391"},{"taxonomy":"post_tag","embeddable":true,"href":"http:\/\/hoycordobaweb.com\/index.php\/wp-json\/wp\/v2\/tags?post=77391"}],"curies":[{"name":"wp","href":"https:\/\/api.w.org\/{rel}","templated":true}]}}