{"id":77377,"date":"2024-05-11T18:00:00","date_gmt":"2024-05-11T18:00:00","guid":{"rendered":"https:\/\/ahora.com.ar\/show\/emilia-mernes-suspendio-mas-shows-y-temen-su-salud-n5371900"},"modified":"2024-05-11T18:00:00","modified_gmt":"2024-05-11T18:00:00","slug":"emilia-mernes-suspendio-mas-shows-y-temen-por-su-salud","status":"publish","type":"post","link":"http:\/\/hoycordobaweb.com\/index.php\/2024\/05\/11\/emilia-mernes-suspendio-mas-shows-y-temen-por-su-salud\/","title":{"rendered":"Emilia Mernes suspendi\u00f3 m\u00e1s shows y temen por su salud"},"content":{"rendered":"<div><img src=\"http:\/\/hoycordobaweb.com\/wp-content\/uploads\/2024\/05\/emilia-mernes-suspendio-mas-shows-y-temen-por-su-salud.png\" class=\"ff-og-image-inserted\"><\/div>\n<div id>\n<div class=\"article-body__info-wrapper\"><span class=\"article-body__date\"> <time datetime=\"2024-05-11T18:00:00.000Z\">11 de mayo de 2024 &#8211; 15:00<\/time><\/span> <\/div>\n<p><strong><a href=\"https:\/\/ahora.com.ar\/emilia-mernes-a11007\" target=\"_blank\" rel=\"follow noopener noreferrer\">Emilia Mernes reprogram\u00f3 por segunda vez sus shows<\/a> y crece la preocupaci\u00f3n en torno a su salud<\/strong>. A trav\u00e9s de un comunicado oficial, la artista dio a conocer que pospondr\u00eda sus conciertos del 12 y 13 de mayo en Montevideo (Uruguay), del 18 de mayo en Mendoza y del 25 de mayo en Asunci\u00f3n (Paraguay).<\/p>\n<\/div>\n<div id>\n<h2>Emilia Mernes: que anunci\u00f3<\/h2>\n<p>\u00abLos shows previstos para el 12 y 13 de mayo en la ciudad de Montevideo ser\u00e1n reprogramados por <strong>prescripci\u00f3n m\u00e9dica <\/strong>de la artista\u00bb, anunci\u00f3 la productora en uno de los comunicados de prensa. \u00abPr\u00f3ximamente anunciaremos las nuevas fechas para cada uno de ellos\u00bb, mencionaron. Al respecto de las entradas, informaron que ser\u00e1n v\u00e1lidos para las nuevas fechas.<\/p>\n<\/div>\n<div id>\n<p>Despu\u00e9s de varios estudios y una internaci\u00f3n, el equipo de Emilia dio a conocer el diagn\u00f3stico que recibi\u00f3 la cantante: la joven sufri\u00f3 una gastroenteritis aguda. Si bien se\u00f1alaron que deb\u00eda cumplir con 96 horas de reposo, este s\u00e1bado se conoci\u00f3 la noticia de la reprogramaci\u00f3n de m\u00e1s fechas.<\/p>\n<\/div>\n","protected":false},"excerpt":{"rendered":"<p>11 de mayo de 2024 &#8211; 15:00 Emilia Mernes reprogram\u00f3 por segunda vez sus shows y crece la preocupaci\u00f3n en torno a su salud. A trav\u00e9s de un comunicado oficial, la artista dio a conocer que pospondr\u00eda sus conciertos del 12 y 13 de mayo en Montevideo (Uruguay), del 18 de mayo en Mendoza y [&hellip;]<\/p>\n","protected":false},"author":1,"featured_media":77378,"comment_status":"closed","ping_status":"closed","sticky":false,"template":"","format":"standard","meta":[],"categories":[10,23],"tags":[],"_links":{"self":[{"href":"http:\/\/hoycordobaweb.com\/index.php\/wp-json\/wp\/v2\/posts\/77377"}],"collection":[{"href":"http:\/\/hoycordobaweb.com\/index.php\/wp-json\/wp\/v2\/posts"}],"about":[{"href":"http:\/\/hoycordobaweb.com\/index.php\/wp-json\/wp\/v2\/types\/post"}],"author":[{"embeddable":true,"href":"http:\/\/hoycordobaweb.com\/index.php\/wp-json\/wp\/v2\/users\/1"}],"replies":[{"embeddable":true,"href":"http:\/\/hoycordobaweb.com\/index.php\/wp-json\/wp\/v2\/comments?post=77377"}],"version-history":[{"count":0,"href":"http:\/\/hoycordobaweb.com\/index.php\/wp-json\/wp\/v2\/posts\/77377\/revisions"}],"wp:featuredmedia":[{"embeddable":true,"href":"http:\/\/hoycordobaweb.com\/index.php\/wp-json\/wp\/v2\/media\/77378"}],"wp:attachment":[{"href":"http:\/\/hoycordobaweb.com\/index.php\/wp-json\/wp\/v2\/media?parent=77377"}],"wp:term":[{"taxonomy":"category","embeddable":true,"href":"http:\/\/hoycordobaweb.com\/index.php\/wp-json\/wp\/v2\/categories?post=77377"},{"taxonomy":"post_tag","embeddable":true,"href":"http:\/\/hoycordobaweb.com\/index.php\/wp-json\/wp\/v2\/tags?post=77377"}],"curies":[{"name":"wp","href":"https:\/\/api.w.org\/{rel}","templated":true}]}}