{"id":7735,"date":"2020-12-17T16:51:38","date_gmt":"2020-12-17T16:51:38","guid":{"rendered":"https:\/\/www.perfil.com\/noticias\/politica\/aborto-la-iglesia-le-hace-un-desplante-a-alberto-fernandez-en-navidad.phtml"},"modified":"2020-12-17T16:51:38","modified_gmt":"2020-12-17T16:51:38","slug":"aborto-la-iglesia-le-hace-un-desplante-a-alberto-fernandez-en-navidad","status":"publish","type":"post","link":"http:\/\/hoycordobaweb.com\/index.php\/2020\/12\/17\/aborto-la-iglesia-le-hace-un-desplante-a-alberto-fernandez-en-navidad\/","title":{"rendered":"Aborto: la Iglesia le hace un desplante a Alberto Fern\u00e1ndez en Navidad"},"content":{"rendered":"<p><img src=\"http:\/\/hoycordobaweb.com\/wp-content\/uploads\/2020\/12\/aborto-la-iglesia-le-hace-un-desplante-a-alberto-fernandez-en-navidad.jpg\"><\/p>\n<div><img src=\"http:\/\/hoycordobaweb.com\/wp-content\/uploads\/2020\/12\/aborto-la-iglesia-le-hace-un-desplante-a-alberto-fernandez-en-navidad-2.jpg\" class=\"ff-og-image-inserted\"><\/div>\n<aside class=\"relatedPost\">\n<h3>M\u00e1s noticias de politica<\/h3>\n<\/aside>\n<p>La Comisi\u00f3n Episcopal no ir\u00e1 a saludar por Navidad al presidente Alberto Fern\u00e1ndez. Por primera vez, la Conferencia Episcopal, que por costumbre tiene la de visitar a los jefes de Estado para las fiestas, rompi\u00f3 con la tradici\u00f3n y lo salud\u00f3 por Twitter. En la cuenta oficial, los sacerdotes explicaron que enviaron una carta cerrada a trav\u00e9s del secretario de Culto, Guillermo Olivieri. El malestar de los obispos tiene relaci\u00f3n con el avance del proyecto de aborto legal en el Congreso, impulsado por el propio Fern\u00e1ndez.<\/p>\n<p>En desarrollo<\/p>\n<p>MC<\/p>\n","protected":false},"excerpt":{"rendered":"<p>M\u00e1s noticias de politica La Comisi\u00f3n Episcopal no ir\u00e1 a saludar por Navidad al presidente Alberto Fern\u00e1ndez. Por primera vez, la Conferencia Episcopal, que por costumbre tiene la de visitar a los jefes de Estado para las fiestas, rompi\u00f3 con la tradici\u00f3n y lo salud\u00f3 por Twitter. En la cuenta oficial, los sacerdotes explicaron que [&hellip;]<\/p>\n","protected":false},"author":1,"featured_media":7736,"comment_status":"closed","ping_status":"closed","sticky":false,"template":"","format":"standard","meta":[],"categories":[1],"tags":[],"_links":{"self":[{"href":"http:\/\/hoycordobaweb.com\/index.php\/wp-json\/wp\/v2\/posts\/7735"}],"collection":[{"href":"http:\/\/hoycordobaweb.com\/index.php\/wp-json\/wp\/v2\/posts"}],"about":[{"href":"http:\/\/hoycordobaweb.com\/index.php\/wp-json\/wp\/v2\/types\/post"}],"author":[{"embeddable":true,"href":"http:\/\/hoycordobaweb.com\/index.php\/wp-json\/wp\/v2\/users\/1"}],"replies":[{"embeddable":true,"href":"http:\/\/hoycordobaweb.com\/index.php\/wp-json\/wp\/v2\/comments?post=7735"}],"version-history":[{"count":0,"href":"http:\/\/hoycordobaweb.com\/index.php\/wp-json\/wp\/v2\/posts\/7735\/revisions"}],"wp:featuredmedia":[{"embeddable":true,"href":"http:\/\/hoycordobaweb.com\/index.php\/wp-json\/wp\/v2\/media\/7736"}],"wp:attachment":[{"href":"http:\/\/hoycordobaweb.com\/index.php\/wp-json\/wp\/v2\/media?parent=7735"}],"wp:term":[{"taxonomy":"category","embeddable":true,"href":"http:\/\/hoycordobaweb.com\/index.php\/wp-json\/wp\/v2\/categories?post=7735"},{"taxonomy":"post_tag","embeddable":true,"href":"http:\/\/hoycordobaweb.com\/index.php\/wp-json\/wp\/v2\/tags?post=7735"}],"curies":[{"name":"wp","href":"https:\/\/api.w.org\/{rel}","templated":true}]}}