{"id":77316,"date":"2024-05-09T19:35:52","date_gmt":"2024-05-09T19:35:52","guid":{"rendered":"https:\/\/www.ole.com.ar\/futbol-internacional\/regreso-dibu-martinez-aston-villa-grecia-conference-league-semi_0_oIMp2YiQYk.html"},"modified":"2024-05-09T19:35:52","modified_gmt":"2024-05-09T19:35:52","slug":"con-el-regreso-de-dibu-martinez-aston-villa-cayo-en-grecia-y-se-despidio-de-la-conference","status":"publish","type":"post","link":"http:\/\/hoycordobaweb.com\/index.php\/2024\/05\/09\/con-el-regreso-de-dibu-martinez-aston-villa-cayo-en-grecia-y-se-despidio-de-la-conference\/","title":{"rendered":"Con el regreso de Dibu Mart\u00ednez, Aston Villa cay\u00f3 en Grecia y se despidi\u00f3 de la Conference"},"content":{"rendered":"<p><img src=\"http:\/\/hoycordobaweb.com\/wp-content\/uploads\/2024\/05\/con-el-regreso-de-dibu-martinez-aston-villa-cayo-en-grecia-y-se-despidio-de-la-conference.jpg\"><\/p>\n<p><time class=\"createDate\" datetime=\"2024-05-09T16:35:52-03:00\">09\/05\/2024 16:35hs.<\/time><time class=\"modificatedDate\" datetime=\"2024-05-09T19:34:23-03:00\"> Actualizado al 09\/05\/2024 19:34hs.<\/time><\/p>\n<div id=\"storyBody\">\n<div class=\"custom-text \" readability=\"14.181286549708\">\n<p>El sue\u00f1o del <a href=\"https:\/\/www.ole.com.ar\/tema\/damian-emiliano-martinez.html\" title=\"Dami\u00e1n Emiliano Mart\u00ednez\" alt=\"Dami\u00e1n Emiliano Mart\u00ednez\" class=\"slug\">Dibu Mart\u00ednez<\/a> y el Aston Villa en la Conference League lleg\u00f3 a su fin este jueves. A pesar del regreso del arquero argentino, ausente en los \u00faltimos dos encuentros por lesi\u00f3n, <strong>el equipo ingl\u00e9s volvi\u00f3 a caer (2-0) ante Olympiakos y qued\u00f3 eliminado en la semi con un resultado global de 6-2<\/strong>. El conjunto griego, que tuvo como titular al argentino <a href=\"https:\/\/www.ole.com.ar\/tema\/santiago-hezze.html\" title=\"Santiago Hezze\" alt=\"Santiago Hezze\" class=\"slug\">Santiago Hezze<\/a>, ir\u00e1 por su primer t\u00edtulo internacional frente a la Fiorentina, que el mi\u00e9rcoles hab\u00eda dejado en el camino a Brujas de B\u00e9lgica.<\/p>\n<\/div>\n<div class=\"custom-text \" readability=\"11\">\n<p>Como hab\u00eda pasado en la ida en Birmingham, Aston Villa nunca pudo hacer pie en el encuentro. A los 10 minutos pag\u00f3 una muy mala acci\u00f3n defensiva y ya perd\u00eda 1-0 con gol de El Kaabi, su bestia negra en estas semis: <strong>le hizo tres goles en Inglaterra y clav\u00f3 los dos de su equipo en la revancha.<\/strong><\/p>\n<\/div>\n<div class=\"custom-text \" readability=\"13.602620087336\">\n<p>Dibu no tuvo responsabilidad en los goles, ante una defensa muy mal parada y con definiciones mano a mano. Tap\u00f3 un buen remate cruzado en el PT, pero Olympiakos aprovech\u00f3 casi al m\u00e1ximo las chances que tuvo para liquidar la serie. El arquero argentino ahora deber\u00e1 concentrarse en cerrar la Premier League de la mejor manera, con la chance concreta de clasificar a la pr\u00f3xima Champions, y luego si ponerse a pensar en la <a href=\"https:\/\/www.ole.com.ar\/tema\/copa-america.html\" title=\"Copa America\" alt=\"Copa America\" class=\"slug\">Copa Am\u00e9rica<\/a> con la Selecci\u00f3n.<\/p>\n<\/div>\n<div class=\"custom-text \" readability=\"12\">\n<p>El equipo griego, en tanto, buscar\u00e1 hacer historia. Ser\u00e1 su primera final y podr\u00eda ser el primer t\u00edtulo internacional en casi 100 a\u00f1os desde su creaci\u00f3n. <strong>Adem\u00e1s de Hezze, cuentan con otro argentino: Francisco Ortega.<\/strong><\/p>\n<\/div>\n<div class=\"sc-e7b891c4-0 jPbnQF\"><img alt=\"Dibu Mart\u00ednez volvi\u00f3 a la titularidad en Aston Villa (AP).\" src=\"http:\/\/hoycordobaweb.com\/wp-content\/uploads\/2024\/05\/con-el-regreso-de-dibu-martinez-aston-villa-cayo-en-grecia-y-se-despidio-de-la-conference-2.jpg\" width=\"720\" height=\"100\" decoding=\"async\" data-nimg=\"future\" loading=\"lazy\"><span class=\"epigraphe\">Dibu Mart\u00ednez volvi\u00f3 a la titularidad en Aston Villa (AP).<\/span><\/div>\n<div type=\"embed\" class=\"sc-3f46f5ae-0 djVTgz\">\n<div class=\"sc-3f46f5ae-1 fTjZec videoText\" id=\"contentTitleembedi3jycvqD\" type=\"embed\" readability=\"6\"><svg fill=\"#ffffff\"><symbol id=\"play\" viewBox=\"0 0 512 512\"><path d=\"M512 256C512 397.4 397.4 512 256 512C114.6 512 0 397.4 0 256C0 114.6 114.6 0 256 0C397.4 0 512 114.6 512 256zM176 168V344C176 352.7 180.7 360.7 188.3 364.9C195.8 369.2 205.1 369 212.5 364.5L356.5 276.5C363.6 272.1 368 264.4 368 256C368 247.6 363.6 239.9 356.5 235.5L212.5 147.5C205.1 142.1 195.8 142.8 188.3 147.1C180.7 151.3 176 159.3 176 168V168z\" \/><\/symbol><use xlink:href=\"#play\" \/><\/svg><\/p>\n<div class=\"right\" readability=\"7\">\n<p>Dami\u00e1n Emiliano Mart\u00ednez<!-- --> &#8211;<!-- --> <span>9-5-2024<\/span><\/p>\n<h2 class=\"title-vid\">Dibu Mart\u00ednez: regreso, golpe y adi\u00f3s para el Aston Villa de la Conference League<\/h2>\n<\/div>\n<\/div>\n<p><span class=\"back\" id=\"spanBackembedi3jycvqD\"><\/span><\/div>\n<p><h2><strong>Fiorentina, el otro finalista<\/strong><\/h2>\n<\/p>\n<div class=\"custom-text \" readability=\"11.697368421053\">\n<p>La Fiorentina de <strong>Nicol\u00e1s Gonz\u00e1lez, Lucas Beltr\u00e1n, Lucas Mart\u00ednez Quarta y Gino Infantino<\/strong> sell\u00f3 su pase a la final el mi\u00e9rcoles, luego de<a href=\"https:\/\/www.ole.com.ar\/futbol-internacional\/gol-beltran-fiorentina-argentinos-va-final-conference-league_0_m0ghDvA4LC.html\" target=\"_blank\" title=\" ganarle al Brujas de B\u00e9lgica con un global de 4-3\" alt=\" ganarle al Brujas de B\u00e9lgica con un global de 4-3\" rel=\"noopener noreferrer\"> ganarle al Brujas de B\u00e9lgica con un global de 4-3<\/a>. Va por la revancha en la Conference League, tras caer el a\u00f1o pasado en el partido decisivo ante el West Ham.<\/p>\n<\/div>\n<div class=\"sc-e7b891c4-0 jPbnQF\"><img alt=\"Bruges (Belgium), 08\/05\/2024.- Players of Fiorentina celebrate with fans after the UEFA Europa Conference League semi-finals, 2nd leg soccer match between Club Brugge and ACF Fiorentina, in Bruges, Belgium, 08 May 2024. (B\u00e9lgica, Brujas) EFE\/EPA\/OLIVIER MATTHYS\" src=\"http:\/\/hoycordobaweb.com\/wp-content\/uploads\/2024\/05\/con-el-regreso-de-dibu-martinez-aston-villa-cayo-en-grecia-y-se-despidio-de-la-conference-3.jpg\" width=\"720\" height=\"100\" decoding=\"async\" data-nimg=\"future\" loading=\"lazy\"><span class=\"epigraphe\">Bruges (Belgium), 08\/05\/2024.- Players of Fiorentina celebrate with fans after the UEFA Europa Conference League semi-finals, 2nd leg soccer match between Club Brugge and ACF Fiorentina, in Bruges, Belgium, 08 May 2024. (B\u00e9lgica, Brujas) EFE\/EPA\/OLIVIER MATTHYS<\/span><\/div>\n<div class=\"sc-a7166897-0 exHLBh\" readability=\"6.5\">\n<section readability=\"3\"><picture><img alt=\"Dibu Mart\u00ednez, del &quot;soy m\u00e1s argentino que el dulce de leche&quot; al respeto por Menotti\" src=\"http:\/\/hoycordobaweb.com\/wp-content\/uploads\/2024\/05\/con-el-regreso-de-dibu-martinez-aston-villa-cayo-en-grecia-y-se-despidio-de-la-conference-4.jpg\" width=\"290\" height=\"290\" decoding=\"async\" data-nimg=\"future\" loading=\"lazy\"><\/picture>\n<p><span>Mir\u00e1 tambi\u00e9n<\/span><\/p>\n<hr>\n<h3>Dibu Mart\u00ednez, del \u00absoy m\u00e1s argentino que el dulce de leche\u00bb al respeto por Menotti<\/h3>\n<\/p>\n<\/section>\n<\/div>\n<div class=\"sc-a7166897-0 exHLBh\" readability=\"6\">\n<section readability=\"2\"><picture><img alt=\"El incre\u00edble Bayer Leverkusen a la final de la Europa League\" src=\"http:\/\/hoycordobaweb.com\/wp-content\/uploads\/2024\/05\/con-el-regreso-de-dibu-martinez-aston-villa-cayo-en-grecia-y-se-despidio-de-la-conference-5.jpg\" width=\"290\" height=\"290\" decoding=\"async\" data-nimg=\"future\" loading=\"lazy\"><\/picture>\n<p><span>Mir\u00e1 tambi\u00e9n<\/span><\/p>\n<hr>\n<h3>El incre\u00edble Bayer Leverkusen a la final de la Europa League<\/h3>\n<\/p>\n<\/section>\n<\/div>\n<div class=\"sc-a7166897-0 exHLBh\" readability=\"6.5\">\n<section readability=\"3\"><picture><img alt=\"Pellegrini, de la banca a Demichelis en River al &quot;no hay rencor&quot; con Riquelme\" src=\"http:\/\/hoycordobaweb.com\/wp-content\/uploads\/2024\/05\/con-el-regreso-de-dibu-martinez-aston-villa-cayo-en-grecia-y-se-despidio-de-la-conference-6.jpg\" width=\"290\" height=\"290\" decoding=\"async\" data-nimg=\"future\" loading=\"lazy\"><\/picture>\n<p><span>Mir\u00e1 tambi\u00e9n<\/span><\/p>\n<hr>\n<h3>Pellegrini, de la banca a Demichelis en River al \u00abno hay rencor\u00bb con Riquelme<\/h3>\n<\/p>\n<\/section>\n<\/div>\n<\/div>\n","protected":false},"excerpt":{"rendered":"<p>09\/05\/2024 16:35hs. Actualizado al 09\/05\/2024 19:34hs. El sue\u00f1o del Dibu Mart\u00ednez y el Aston Villa en la Conference League lleg\u00f3 a su fin este jueves. A pesar del regreso del arquero argentino, ausente en los \u00faltimos dos encuentros por lesi\u00f3n, el equipo ingl\u00e9s volvi\u00f3 a caer (2-0) ante Olympiakos y qued\u00f3 eliminado en la semi [&hellip;]<\/p>\n","protected":false},"author":1,"featured_media":77317,"comment_status":"open","ping_status":"closed","sticky":false,"template":"","format":"standard","meta":[],"categories":[16],"tags":[],"_links":{"self":[{"href":"http:\/\/hoycordobaweb.com\/index.php\/wp-json\/wp\/v2\/posts\/77316"}],"collection":[{"href":"http:\/\/hoycordobaweb.com\/index.php\/wp-json\/wp\/v2\/posts"}],"about":[{"href":"http:\/\/hoycordobaweb.com\/index.php\/wp-json\/wp\/v2\/types\/post"}],"author":[{"embeddable":true,"href":"http:\/\/hoycordobaweb.com\/index.php\/wp-json\/wp\/v2\/users\/1"}],"replies":[{"embeddable":true,"href":"http:\/\/hoycordobaweb.com\/index.php\/wp-json\/wp\/v2\/comments?post=77316"}],"version-history":[{"count":0,"href":"http:\/\/hoycordobaweb.com\/index.php\/wp-json\/wp\/v2\/posts\/77316\/revisions"}],"wp:featuredmedia":[{"embeddable":true,"href":"http:\/\/hoycordobaweb.com\/index.php\/wp-json\/wp\/v2\/media\/77317"}],"wp:attachment":[{"href":"http:\/\/hoycordobaweb.com\/index.php\/wp-json\/wp\/v2\/media?parent=77316"}],"wp:term":[{"taxonomy":"category","embeddable":true,"href":"http:\/\/hoycordobaweb.com\/index.php\/wp-json\/wp\/v2\/categories?post=77316"},{"taxonomy":"post_tag","embeddable":true,"href":"http:\/\/hoycordobaweb.com\/index.php\/wp-json\/wp\/v2\/tags?post=77316"}],"curies":[{"name":"wp","href":"https:\/\/api.w.org\/{rel}","templated":true}]}}