{"id":77216,"date":"2024-05-07T21:01:32","date_gmt":"2024-05-07T21:01:32","guid":{"rendered":"https:\/\/www.ole.com.ar\/futbol-internacional\/libertadores\/copa-libertadores-rosario-central_0_Sqs5o8jpwz.html"},"modified":"2024-05-07T21:01:32","modified_gmt":"2024-05-07T21:01:32","slug":"video-la-policia-reprimio-a-los-hinchas-de-rosario-central-que-se-habian-acercado-al-gigante-de-arroyito","status":"publish","type":"post","link":"http:\/\/hoycordobaweb.com\/index.php\/2024\/05\/07\/video-la-policia-reprimio-a-los-hinchas-de-rosario-central-que-se-habian-acercado-al-gigante-de-arroyito\/","title":{"rendered":"Video: la polic\u00eda reprimi\u00f3 a los hinchas de Rosario Central que se hab\u00edan acercado al Gigante de Arroyito"},"content":{"rendered":"<p><img src=\"http:\/\/hoycordobaweb.com\/wp-content\/uploads\/2024\/05\/video-la-policia-reprimio-a-los-hinchas-de-rosario-central-que-se-habian-acercado-al-gigante-de-arroyito.jpg\"><\/p>\n<div><img src=\"http:\/\/hoycordobaweb.com\/wp-content\/uploads\/2024\/05\/video-la-policia-reprimio-a-los-hinchas-de-rosario-central-que-se-habian-acercado-al-gigante-de-arroyito.jpg\" class=\"ff-og-image-inserted\"><\/div>\n<div readability=\"11\">\n<p>Rosario Central se preparaba para recibir este martes a Atl\u00e9tico Mineiro por la fecha cuatro del grupo G en la Copa Libertadores. El encuentro en el Gigante de Arroyito fue programado sin p\u00fablico debido a la sanci\u00f3n impuesta por Conmebol al Canalla por los incidentes ocurridos frente a Pe\u00f1arol. En la llegada del equipo al estadio, los hinchas se agruparon para saludar a los jugadores. Pero el gran recibimiento de pronto se interrumpi\u00f3. La polic\u00eda se meti\u00f3 y reprimi\u00f3 a los hinchas..<\/p>\n<\/div>\n<div readability=\"13\">\n<p>Los hechos ocurrieron en los alrededores del estadio, sobre una avenida en la que se trasladaba el micro con los jugadores. La polic\u00eda montada fue directamente a pegarles a los fanas que estaban alentando a los jugadores, en la llegada del micro al Gigante de Arroyito. Los desalojaron con palos, gases lacrim\u00f3genos y balas de goma.<\/p>\n<\/div>\n<div readability=\"10\">\n<p>Testigos aseguraron que la Polic\u00eda ya hab\u00eda estado reprimiendo a los fan\u00e1ticos en lugares cercanos al estadio. De hecho, se registraron enfrentamientos en el parque Alem entre las fuerzas de seguridad y la parcialidad Canalla. <\/p>\n<\/div>\n","protected":false},"excerpt":{"rendered":"<p>Rosario Central se preparaba para recibir este martes a Atl\u00e9tico Mineiro por la fecha cuatro del grupo G en la Copa Libertadores. El encuentro en el Gigante de Arroyito fue programado sin p\u00fablico debido a la sanci\u00f3n impuesta por Conmebol al Canalla por los incidentes ocurridos frente a Pe\u00f1arol. En la llegada del equipo al [&hellip;]<\/p>\n","protected":false},"author":1,"featured_media":77217,"comment_status":"open","ping_status":"closed","sticky":false,"template":"","format":"standard","meta":[],"categories":[16],"tags":[],"_links":{"self":[{"href":"http:\/\/hoycordobaweb.com\/index.php\/wp-json\/wp\/v2\/posts\/77216"}],"collection":[{"href":"http:\/\/hoycordobaweb.com\/index.php\/wp-json\/wp\/v2\/posts"}],"about":[{"href":"http:\/\/hoycordobaweb.com\/index.php\/wp-json\/wp\/v2\/types\/post"}],"author":[{"embeddable":true,"href":"http:\/\/hoycordobaweb.com\/index.php\/wp-json\/wp\/v2\/users\/1"}],"replies":[{"embeddable":true,"href":"http:\/\/hoycordobaweb.com\/index.php\/wp-json\/wp\/v2\/comments?post=77216"}],"version-history":[{"count":0,"href":"http:\/\/hoycordobaweb.com\/index.php\/wp-json\/wp\/v2\/posts\/77216\/revisions"}],"wp:featuredmedia":[{"embeddable":true,"href":"http:\/\/hoycordobaweb.com\/index.php\/wp-json\/wp\/v2\/media\/77217"}],"wp:attachment":[{"href":"http:\/\/hoycordobaweb.com\/index.php\/wp-json\/wp\/v2\/media?parent=77216"}],"wp:term":[{"taxonomy":"category","embeddable":true,"href":"http:\/\/hoycordobaweb.com\/index.php\/wp-json\/wp\/v2\/categories?post=77216"},{"taxonomy":"post_tag","embeddable":true,"href":"http:\/\/hoycordobaweb.com\/index.php\/wp-json\/wp\/v2\/tags?post=77216"}],"curies":[{"name":"wp","href":"https:\/\/api.w.org\/{rel}","templated":true}]}}