{"id":77171,"date":"2024-05-06T21:09:29","date_gmt":"2024-05-06T21:09:29","guid":{"rendered":"https:\/\/www.ole.com.ar\/futbol-internacional\/libertadores\/rosario-central-vs-atletico-mineiro-hora-tv-formaciones-grupo-g-libertadores_0_xyJvqXJbS9.html"},"modified":"2024-05-06T21:09:29","modified_gmt":"2024-05-06T21:09:29","slug":"rosario-central-vs-atletico-mineiro-hora-tv-y-posibles-formaciones","status":"publish","type":"post","link":"http:\/\/hoycordobaweb.com\/index.php\/2024\/05\/06\/rosario-central-vs-atletico-mineiro-hora-tv-y-posibles-formaciones\/","title":{"rendered":"Rosario Central vs. Atl\u00e9tico Mineiro: hora, TV y posibles formaciones"},"content":{"rendered":"<p><img src=\"http:\/\/hoycordobaweb.com\/wp-content\/uploads\/2024\/05\/rosario-central-vs-atletico-mineiro-hora-tv-y-posibles-formaciones.jpg\"><\/p>\n<p><time class=\"createDate\" datetime=\"2024-05-06T18:09:29-03:00\">06\/05\/2024 18:09hs.<\/time><\/p>\n<div id=\"storyBody\">\n<div class=\"custom-text \" readability=\"27.789473684211\">\n<p>En la v\u00edspera del inicio de la <a href=\"https:\/\/www.ole.com.ar\/tema\/liga-profesional.html\" title=\"Liga Profesional\" alt=\"Liga Profesional\" class=\"slug\">Liga Profesional<\/a>, <strong><a href=\"https:\/\/www.ole.com.ar\/tema\/rosario-central.html\" title=\"Rosario Central\" alt=\"Rosario Central\" class=\"slug\">Rosario Central<\/a><\/strong> le abre las puertas del Gigante de Arroyito a <strong><a href=\"https:\/\/www.ole.com.ar\/tema\/atletico-mineiro.html\" title=\"Atletico Mineiro\" alt=\"Atletico Mineiro\" class=\"slug\">Atl\u00e9tico Mineiro<\/a><\/strong>, en el marco del arranque de la segunda vuelta del Grupo G de la <a href=\"https:\/\/www.ole.com.ar\/tema\/copa-libertadores.html\" title=\"Copa Libertadores\" alt=\"Copa Libertadores\" class=\"slug\">Copa Libertadores<\/a>.<strong> \u00bfCu\u00e1ndo juegan y por d\u00f3nde verlo? Ol\u00e9 te cuenta todos los detalles.<\/strong><\/p>\n<\/div>\n<p><h2>\u00bfCu\u00e1ndo y a qu\u00e9 hora es el partido entre Rosario Central y Atl\u00e9tico Mineiro?<\/h2>\n<\/p>\n<div class=\"custom-text \" readability=\"36\">\n<p>El duelo entre Rosario Central &#8211; Atl\u00e9tico Mineiro se disputar\u00e1 este<strong> martes 7 de abril a las 19:00 (hora Argentina)<\/strong> en el Estadio Gigante de Arroyito. Pod\u00e9s seguir el encuentro en vivo, minuto a minuto, por <strong>Ol\u00e9<\/strong>.<\/p>\n<\/div>\n<p><h2>\u00bfPor d\u00f3nde ver Rosario Central vs. Atl\u00e9tico Mineiro por Copa Libertadores?<\/h2>\n<\/p>\n<div class=\"custom-text \" readability=\"34\">\n<p>El encuentro que medir\u00e1 al Canalla con el Galo en Santa Fe se transmitir\u00e1 por<strong> TV <\/strong>a trav\u00e9s de <strong>Fox Sports 2<\/strong>. Adem\u00e1s, se podr\u00e1 ver por <strong><em>streaming <\/em><\/strong>a trav\u00e9s de las aplicaciones <strong>Star+<\/strong> y <strong>DGO<\/strong>.<\/p>\n<\/div>\n<p><h2>Los \u00faltimos cinco partidos de Rosario Central<\/h2>\n<\/p>\n<div class=\"custom-text \">\n<ul>\n<li>04\/04\/2024 | <strong>Rosario Central 1 &#8211; 0 Pe\u00f1arol<\/strong> | Copa Libertadores <\/li>\n<li>07\/04\/2024 | <strong>River 2 &#8211; 1 Rosario Central<\/strong> | Copa de la Liga <\/li>\n<li>10\/04\/2024 | <strong>Atl\u00e9tico Mineiro 2 &#8211; 1 Rosario Central<\/strong> | Copa Libertadores <\/li>\n<li>17\/04\/2024 | <strong>Rosario Central 1 &#8211; 1 Deportivo Riestra <\/strong>| Copa de la Liga <\/li>\n<li>23\/04\/2024 | <strong>Caracas 1 &#8211; 1 Rosario Central <\/strong>| Copa Libertadores<\/li>\n<\/ul>\n<\/div>\n<div class=\"custom-text \" readability=\"30.147959183673\">\n<p>El equipo de <a href=\"https:\/\/www.ole.com.ar\/tema\/miguel-angel-russo.html\" title=\"Miguel Angel Russo\" alt=\"Miguel Angel Russo\" class=\"slug\">Miguel \u00c1ngel Russo<\/a> llega descansado y pensando en la Copa Libertadores, despu\u00e9s de no haber clasificado en la Zona A de la <a href=\"https:\/\/www.ole.com.ar\/tema\/copa-liga-profesional.html\" title=\"Copa Liga Profesional\" alt=\"Copa Liga Profesional\" class=\"slug\">Copa de la Liga<\/a> y <a href=\"https:\/\/www.ole.com.ar\/futbol-primera\/programacion-fixture-liga-profesional-2024-juega_0_FGAOsdID96.html\" title=\"a\u00fan esperando su debut por Liga Profesional\" alt=\"a\u00fan esperando su debut por Liga Profesional\">esperando su debut por Liga Profesional<\/a>. <strong>El Canalla quiere revancha contra el Atl\u00e9tico Mineiro y debe ganar pensando en la clasificaci\u00f3n a la siguiente ronda<\/strong>, ya que est\u00e1 segundo del grupo a tan solo una unidad del tercero, <a href=\"https:\/\/www.ole.com.ar\/tema\/penarol.html\" target=\"_blank\" title=\"Pe\u00f1arol\" alt=\"Pe\u00f1arol\" class=\"slug\" rel=\"noopener noreferrer\">Pe\u00f1arol<\/a>.<\/p>\n<\/div>\n<div class=\"sc-e7b891c4-0 jPbnQF\"><img alt=\"El equipo de Miguelo quiere revancha contra el Galo, despu\u00e9s de rescatar un empate en Venezuela.\" src=\"http:\/\/hoycordobaweb.com\/wp-content\/uploads\/2024\/05\/rosario-central-vs-atletico-mineiro-hora-tv-y-posibles-formaciones-2.jpg\" width=\"720\" height=\"100\" decoding=\"async\" data-nimg=\"future\" loading=\"lazy\"><span class=\"epigraphe\">El equipo de Miguelo quiere revancha contra el Galo, despu\u00e9s de rescatar un empate en Venezuela.<\/span><\/div>\n<p><h2>Los \u00faltimos cinco partidos de Atl\u00e9tico Mineiro<\/h2>\n<\/p>\n<div class=\"custom-text \">\n<ul>\n<li>20\/04\/2024 | <strong>Atl\u00e9tico Mineiro 3 &#8211; 0 Cruzeiro<\/strong> | Brasileirao<\/li>\n<li>23\/04\/2024 | <strong>Atl\u00e9tico Mineiro 3 &#8211; 2 Pe\u00f1arol<\/strong> | Copa Libertadores<\/li>\n<li>27\/04\/2024 | <strong>Cuiab\u00e1 0 &#8211; 3 Atl\u00e9tico Mineiro<\/strong> | Brasileirao<\/li>\n<li>30\/04\/2024 | <strong>Atl\u00e9tico Mineiro 2 &#8211; 0 Sport Recife<\/strong> | Copa do Brasil<\/li>\n<li>04\/05\/2024 | <strong>Fluminense 2 &#8211; 2 Atl\u00e9tico Mineiro<\/strong> | Brasileirao<\/li>\n<\/ul>\n<\/div>\n<div class=\"custom-text \" readability=\"31.8\">\n<p>Los dirigidos por <a href=\"https:\/\/www.ole.com.ar\/tema\/gabriel-milito.html\" title=\"Gabriel Milito\" alt=\"Gabriel Milito\" class=\"slug\">Gabriel Milito<\/a> pasan un presente inmejorable: <strong>desde la llegada del ex entrenador de Argentinos Juniors hace 11 partidos, <a href=\"https:\/\/www.ole.com.ar\/futbol-internacional\/america\/brasil-atletico-mineiro-gabriel-milito-salvo-invicto-alcanzo-punta-brasileirao_0_OdKWE8WhqQ.html\" target=\"_blank\" title=\"los de Belo Horizonte a\u00fan no conocen la derrota\" alt=\"los de Belo Horizonte a\u00fan no conocen la derrota\" rel=\"noopener noreferrer\">los de Belo Horizonte a\u00fan no conocen la derrota<\/a>.<\/strong> En el Brasileirao se encuentran en la cuarta posici\u00f3n, a solo un punto de los punteros, y lideran c\u00f3modamente el grupo de Libertadores con los nueve puntos que le dieron sus tres victorias.<\/p>\n<\/div>\n<div class=\"sc-e7b891c4-0 jPbnQF\"><img alt=\"En muy poco tiempo, Milito ya le di\u00f3 su impronta al equipo y se meti\u00f3 a la hinchada gala en el bolsillo. (Foto: @Atletico).\" src=\"http:\/\/hoycordobaweb.com\/wp-content\/uploads\/2024\/05\/rosario-central-vs-atletico-mineiro-hora-tv-y-posibles-formaciones-3.jpg\" width=\"720\" height=\"100\" decoding=\"async\" data-nimg=\"future\" loading=\"lazy\"><span class=\"epigraphe\">En muy poco tiempo, Milito ya le di\u00f3 su impronta al equipo y se meti\u00f3 a la hinchada gala en el bolsillo. (Foto: @Atletico).<\/span><\/div>\n<p><h2>El cuerpo arbitral para Rosario Central vs. Atl\u00e9tico Mineiro<\/h2>\n<\/p>\n<div class=\"custom-text \">\n<ul>\n<li><strong>\u00c1rbitro:<\/strong> Piero Maza (Chile) <\/li>\n<li><strong>Asistente 1:<\/strong> Claudio Urrutia (Chile) <\/li>\n<li><strong>Asistente 2:<\/strong> Juan Serrano (Chile) <\/li>\n<li><strong>Cuarto \u00c1rbitro:<\/strong> Felipe Gonz\u00e1lez (Chile) <\/li>\n<li><strong>VAR:<\/strong> Juan Lara (Chile) <\/li>\n<li><strong>AVAR:<\/strong> Edson Cisternas (Colombia)<\/li>\n<\/ul>\n<\/div>\n<p><h2>Posible formaci\u00f3n de Rosario Central<\/h2>\n<\/p>\n<div class=\"custom-text \" readability=\"42\">\n<p>Con su equipo solamente abocado a la Libertadores de momento, Miguel \u00c1ngel <strong>Russo <\/strong>piensa en estos titulares para el partido en casa: Jorge <strong>Broun<\/strong>; Dami\u00e1n <strong>Mart\u00ednez<\/strong>, Facundo <strong>Mallo<\/strong>, Carlos <strong>Quintana<\/strong>, Agust\u00edn <strong>S\u00e1ndez<\/strong>; Franco <strong>Ibarra<\/strong>, Tom\u00e1s <strong>O&#8217;Connor<\/strong>; Lautaro <strong>Giaccone<\/strong>, Ignacio <strong>Malcorra<\/strong>, Jaminton <strong>Campaz<\/strong>; Tob\u00edas <strong>Cervera<\/strong>.<\/p>\n<\/div>\n<div class=\"sc-e7b891c4-0 jPbnQF\"><img alt=\"Con tres cambios respecto de la ida en Brasil, Central quiere revancha en el Gigante.\" src=\"http:\/\/hoycordobaweb.com\/wp-content\/uploads\/2024\/05\/rosario-central-vs-atletico-mineiro-hora-tv-y-posibles-formaciones-4.jpg\" width=\"720\" height=\"100\" decoding=\"async\" data-nimg=\"future\" loading=\"lazy\"><span class=\"epigraphe\">Con tres cambios respecto de la ida en Brasil, Central quiere revancha en el Gigante.<\/span><\/div>\n<p><h2>Posible formaci\u00f3n de Atl\u00e9tico Mineiro<\/h2>\n<\/p>\n<div class=\"custom-text \" readability=\"43\">\n<p>El equipo dirigido por Gabriel <strong>Milito<\/strong>, que est\u00e1 invicto en sus 11 partidos al frente del Galo, saldr\u00eda a jugar en Rosario con este XI: <strong>\u00c9verson<\/strong>; Renzo <strong>Saravia<\/strong>, Rodrigo <strong>Battaglia<\/strong>, <strong>Jemerson<\/strong>, Guilherme <strong>Arana<\/strong>; Gustavo <strong>Scarpa<\/strong>, Ot\u00e1vio <strong>Santos<\/strong>, Alan <strong>Franco<\/strong>, Mat\u00edas <strong>Zaracho<\/strong>; <strong>Paulinho<\/strong>, <strong>Hulk<\/strong>.<\/p>\n<\/div>\n<div class=\"sc-a7166897-0 exHLBh\" readability=\"6\">\n<section readability=\"2\"><picture><img alt=\"El r\u00e9cord de Eduardo Dom\u00ednguez y Miguel \u00c1ngel Russo en la Copa de la Liga\" src=\"http:\/\/hoycordobaweb.com\/wp-content\/uploads\/2024\/05\/rosario-central-vs-atletico-mineiro-hora-tv-y-posibles-formaciones-5.jpg\" width=\"290\" height=\"290\" decoding=\"async\" data-nimg=\"future\" loading=\"lazy\"><\/picture>\n<p><span>Mir\u00e1 tambi\u00e9n<\/span><\/p>\n<hr>\n<h3>El r\u00e9cord de Eduardo Dom\u00ednguez y Miguel \u00c1ngel Russo en la Copa de la Liga<\/h3>\n<\/p>\n<\/section>\n<\/div>\n<div class=\"sc-a7166897-0 exHLBh\" readability=\"6.5\">\n<section readability=\"3\"><picture><img alt=\"Valdano sobre Menotti: &quot;A este don Quijote de la cancha no le quedaban ni molinos contra los que pelear&quot;\" src=\"http:\/\/hoycordobaweb.com\/wp-content\/uploads\/2024\/05\/rosario-central-vs-atletico-mineiro-hora-tv-y-posibles-formaciones-6.jpg\" width=\"290\" height=\"290\" decoding=\"async\" data-nimg=\"future\" loading=\"lazy\"><\/picture>\n<p><span>Mir\u00e1 tambi\u00e9n<\/span><\/p>\n<hr>\n<h3>Valdano sobre Menotti: \u00abA este don Quijote de la cancha no le quedaban ni molinos contra los que pelear\u00bb<\/h3>\n<\/p>\n<\/section>\n<\/div>\n<div class=\"sc-a7166897-0 exHLBh\" readability=\"6.5\">\n<section readability=\"3\"><picture><img alt=\"Argentina: d\u00edas y horarios para las primeras fechas de la Liga Profesional 2024 y c\u00f3mo se juega\" src=\"http:\/\/hoycordobaweb.com\/wp-content\/uploads\/2024\/05\/rosario-central-vs-atletico-mineiro-hora-tv-y-posibles-formaciones-7.jpg\" width=\"290\" height=\"290\" decoding=\"async\" data-nimg=\"future\" loading=\"lazy\"><\/picture>\n<p><span>Mir\u00e1 tambi\u00e9n<\/span><\/p>\n<hr>\n<h3>Argentina: d\u00edas y horarios para las primeras fechas de la Liga Profesional 2024 y c\u00f3mo se juega<\/h3>\n<\/p>\n<\/section>\n<\/div>\n<\/div>\n","protected":false},"excerpt":{"rendered":"<p>06\/05\/2024 18:09hs. En la v\u00edspera del inicio de la Liga Profesional, Rosario Central le abre las puertas del Gigante de Arroyito a Atl\u00e9tico Mineiro, en el marco del arranque de la segunda vuelta del Grupo G de la Copa Libertadores. \u00bfCu\u00e1ndo juegan y por d\u00f3nde verlo? Ol\u00e9 te cuenta todos los detalles. \u00bfCu\u00e1ndo y a [&hellip;]<\/p>\n","protected":false},"author":1,"featured_media":77172,"comment_status":"open","ping_status":"closed","sticky":false,"template":"","format":"standard","meta":[],"categories":[16],"tags":[],"_links":{"self":[{"href":"http:\/\/hoycordobaweb.com\/index.php\/wp-json\/wp\/v2\/posts\/77171"}],"collection":[{"href":"http:\/\/hoycordobaweb.com\/index.php\/wp-json\/wp\/v2\/posts"}],"about":[{"href":"http:\/\/hoycordobaweb.com\/index.php\/wp-json\/wp\/v2\/types\/post"}],"author":[{"embeddable":true,"href":"http:\/\/hoycordobaweb.com\/index.php\/wp-json\/wp\/v2\/users\/1"}],"replies":[{"embeddable":true,"href":"http:\/\/hoycordobaweb.com\/index.php\/wp-json\/wp\/v2\/comments?post=77171"}],"version-history":[{"count":0,"href":"http:\/\/hoycordobaweb.com\/index.php\/wp-json\/wp\/v2\/posts\/77171\/revisions"}],"wp:featuredmedia":[{"embeddable":true,"href":"http:\/\/hoycordobaweb.com\/index.php\/wp-json\/wp\/v2\/media\/77172"}],"wp:attachment":[{"href":"http:\/\/hoycordobaweb.com\/index.php\/wp-json\/wp\/v2\/media?parent=77171"}],"wp:term":[{"taxonomy":"category","embeddable":true,"href":"http:\/\/hoycordobaweb.com\/index.php\/wp-json\/wp\/v2\/categories?post=77171"},{"taxonomy":"post_tag","embeddable":true,"href":"http:\/\/hoycordobaweb.com\/index.php\/wp-json\/wp\/v2\/tags?post=77171"}],"curies":[{"name":"wp","href":"https:\/\/api.w.org\/{rel}","templated":true}]}}