{"id":77070,"date":"2024-05-04T21:23:46","date_gmt":"2024-05-04T21:23:46","guid":{"rendered":"https:\/\/www.ole.com.ar\/river-plate\/franco-armani-libertadores_0_1sKy6GQVdN.html"},"modified":"2024-05-04T21:23:46","modified_gmt":"2024-05-04T21:23:46","slug":"armani-del-potencial-de-los-brasilenos-para-ganar-la-copa-a-los-consejos-para-los-chicos","status":"publish","type":"post","link":"http:\/\/hoycordobaweb.com\/index.php\/2024\/05\/04\/armani-del-potencial-de-los-brasilenos-para-ganar-la-copa-a-los-consejos-para-los-chicos\/","title":{"rendered":"Armani: del potencial de los brasile\u00f1os para ganar la Copa a los consejos para los chicos"},"content":{"rendered":"<p><img src=\"http:\/\/hoycordobaweb.com\/wp-content\/uploads\/2024\/05\/armani-del-potencial-de-los-brasilenos-para-ganar-la-copa-a-los-consejos-para-los-chicos.jpg\"><\/p>\n<p><time class=\"createDate\" datetime=\"2024-05-04T18:23:46-03:00\">04\/05\/2024 18:23hs.<\/time><time class=\"modificatedDate\" datetime=\"2024-05-04T18:26:23-03:00\"> Actualizado al 04\/05\/2024 18:26hs.<\/time><\/p>\n<div id=\"storyBody\">\n<div class=\"custom-text \" readability=\"46.534591194969\">\n<p>Alguna vez, <strong><a href=\"https:\/\/www.ole.com.ar\/tema\/ubaldo-matildo-fillol.html\" title=\"Ubaldo Matildo Fillol\" alt=\"Ubaldo Matildo Fillol\" class=\"slug\">Ubaldo Matildo Fillol <\/a><\/strong>dijo que <strong>\u00abel de River es el arco con m\u00e1s historia del mundo\u00bb<\/strong>. Garantizarse seguridad bajo los tres palos es la base principal en la construcci\u00f3n de un equipo competitivo y ganador. Por eso, siempre que el Millonario encuentra un arquero a su medida, hace todo por mantenerlo en el tiempo. Pas\u00f3 con <strong><a href=\"https:\/\/www.ole.com.ar\/tema\/amadeo-carrizo.html\" title=\"Amadeo Carrizo\" alt=\"Amadeo Carrizo\" class=\"slug\">Amadeo Carrizo<\/a><\/strong>, que ataj\u00f3 23 a\u00f1os de corrido en River; con el Pato, que estuvo diez a\u00f1os y ahora con <strong><a href=\"https:\/\/www.ole.com.ar\/tema\/franco-armani.html\" title=\"Franco Armani\" alt=\"Franco Armani\" class=\"slug\">Franco Armani<\/a><\/strong>, quien transita su s\u00e9ptimo a\u00f1o consecutivo en el club y, a mediados de abril, extendi\u00f3 su v\u00ednculo hasta 2026. Es que, adem\u00e1s de ser un h\u00e9roe y referente dentro de la cancha, el Pulpo se gan\u00f3 el coraz\u00f3n del hincha de River a base de trabajo y atajadas que valieron t\u00edtulos. En di\u00e1logo con la cuenta oficial de la Copa Libertadores,<strong> Armani recuerda la haza\u00f1a del 2018, cuenta qu\u00e9 se siente llevar la cinta de River, c\u00f3mo aconseja a los m\u00e1s chicos, c\u00f3mo ve al equipo en esta Copa y m\u00e1s&#8230;<\/strong><\/p>\n<\/div>\n<div class=\"sc-e7b891c4-0 jPbnQF\"><img alt=\"Franco Armani, uno de los m\u00e1s queridos por el hincha de River. (Prensa River Plate)\" src=\"http:\/\/hoycordobaweb.com\/wp-content\/uploads\/2024\/05\/armani-del-potencial-de-los-brasilenos-para-ganar-la-copa-a-los-consejos-para-los-chicos-2.jpg\" width=\"720\" height=\"100\" decoding=\"async\" data-nimg=\"future\" loading=\"lazy\"><span class=\"epigraphe\">Franco Armani, uno de los m\u00e1s queridos por el hincha de River. (Prensa River Plate)<\/span><\/div>\n<div class=\"custom-text \" readability=\"39.947129909366\">\n<p>A sus 37 a\u00f1os, el inoxidable arquero campe\u00f3n del mundo meti\u00f3 un comienzo de a\u00f1o a todo trapo: jug\u00f3 todos los partidos de las tres competencias en las que River participa. Adem\u00e1s, fue citado por Lionel Scaloni y entren\u00f3 con la Selecci\u00f3n Argentina. Sin embargo, <strong>nada lo desv\u00eda de su objetivo principal: la <a href=\"https:\/\/www.ole.com.ar\/tema\/copa-libertadores.html\" title=\"Copa Libertadores\" alt=\"Copa Libertadores\" class=\"slug\">Copa Libertadores<\/a> con River.<\/strong> Y a pesar de ya haberla ganado dos veces, Armani vuelve a ilusionarse: <strong>\u00abUno de los puntos fuertes que tiene River es la clase de jugadores. Tenemos un plantel muy amplio con jugadores de gran calidad y de buen pie.<\/strong> Obviamente todos tienen la ilusi\u00f3n, las ganas y el deseo de poder conseguir esta Libertadores\u00bb, afirm\u00f3.<\/p>\n<\/div>\n<div class=\"custom-text \" readability=\"39\">\n<p>M\u00e1s all\u00e1 de su fuerte ilusi\u00f3n, no afirma que River sea candidato a ganar la Copa: \u00abEsto es de a poco. Primero afrontar con responsabilidad la fase de grupos y tratar de clasificar. <strong>Sabemos que es dif\u00edcil porque todos los rivales dan un plus cuando juegan contra River <\/strong>y eso hace que todos los partidos se vuelvan muy dif\u00edciles.<strong> <\/strong>Hoy ten\u00e9s el gran potencial que tienen los equipos brasile\u00f1os: el armado, la clase de jugadores que tiene cada equipo de Brasil. Se hace dif\u00edcil, pero intentamos ir de a poco. Partido a partido\u00bb, coment\u00f3 en di\u00e1logo con la p\u00e1gina oficial de la Libertadores.<\/p>\n<\/div>\n<div class=\"sc-e7b891c4-0 jPbnQF\"><img alt=\"Foto: prensa Liga\" src=\"http:\/\/hoycordobaweb.com\/wp-content\/uploads\/2024\/05\/armani-del-potencial-de-los-brasilenos-para-ganar-la-copa-a-los-consejos-para-los-chicos-3.jpg\" width=\"720\" height=\"100\" decoding=\"async\" data-nimg=\"future\" loading=\"lazy\"><span class=\"epigraphe\">Foto: prensa Liga<\/span><\/div>\n<p><h2><strong>La capitan\u00eda y sus charlas con los m\u00e1s chicos<\/strong><\/h2>\n<\/p>\n<div class=\"custom-text \" readability=\"42\">\n<p><strong>Con o sin cinta, Franco Armani siempre fue uno de los capitanes de River<\/strong>, por su experiencia en el club y en su carrera. Pero, tras la salida de Enzo P\u00e9rez en el \u00faltimo diciembre, fue oficializado como voz de mando dentro de la cancha y se puso la cinta: <strong>\u00abUn orgullo poder llevar la cinta. Obviamente como capit\u00e1n siempre voy a querer darle lo mejor al equipo para que se sienta bien y respaldado\u00bb.<\/strong> Adem\u00e1s, mencion\u00f3 a otros capitanes sin cinta: <strong>\u00abCabe recalcar que en el grupo hay otros jugadores que son referentes para la instituci\u00f3n y para el grupo, tanto Nacho Fern\u00e1ndez como Milton Casco,<\/strong> los tres estamos a la par y tratamos de llevar el grupo lo mejor posible\u00bb.<\/p>\n<\/div>\n<div class=\"sc-e7b891c4-0 jPbnQF\"><img alt=\"EFE\/ Juan Ignacio Roncoroni\" src=\"http:\/\/hoycordobaweb.com\/wp-content\/uploads\/2024\/05\/armani-del-potencial-de-los-brasilenos-para-ganar-la-copa-a-los-consejos-para-los-chicos-4.jpg\" width=\"720\" height=\"100\" decoding=\"async\" data-nimg=\"future\" loading=\"lazy\"><span class=\"epigraphe\">EFE\/ Juan Ignacio Roncoroni<\/span><\/div>\n<div class=\"custom-text \" readability=\"38\">\n<p>Como buen capit\u00e1n y jugador experimentado, siempre intenta rodearse de chicos. Para transmitirle sus experiencias dentro del f\u00fatbol. Y los pibes de River, siempre le preguntan por la final de Madrid:<strong> \u00abLos m\u00e1s chicos me preguntan por la final contra Boca. Esa final va a quedar en la historia y los chicos nos preguntan lo que vivimos: lo que sentimos, c\u00f3mo fue la previa y lo que se vivi\u00f3 en el partido.<\/strong> A ellos les cuento que fue una experiencia hermosa porque fue mi primer a\u00f1o en River y vivir una final como esa fue muy lindo y va a quedar en la historia\u00bb.<\/p>\n<\/div>\n<div class=\"custom-text \">\n<h2><strong>El recuerdo del 2018 y una atajada<\/strong><\/h2>\n<\/div>\n<div class=\"custom-text \" readability=\"37\">\n<p>Pasar\u00e1n los a\u00f1os y el recuerdo seguir\u00e1 vivo. Latente en la memoria de cada campe\u00f3n. En medio de una Libertadores, el arquero de aquel equipo defini\u00f3 qu\u00e9 sinti\u00f3 en aquel momento: \u00abGanar la Libertadores con River fue lo m\u00e1s grande que me toc\u00f3 vivir. Es la Gloria Eterna. Es la palabra justa. Haberla ganado contra tu cl\u00e1sico rival muy pocas veces se da eso, y en una Libertadores\u00bb.<\/p>\n<\/div>\n<div class=\"custom-text \" readability=\"41\">\n<p>No fue la de Benedetto en la Bombonera: el Pulpo, eligi\u00f3 su mejor atajada en River. <strong>\u00abUna muy buena atajada, por el contexto de la jugada, es la de Gigliotti en cancha de Independiente. <\/strong>Todo el hincha de River recuerda la atajada de Benedetto en la final con Boca, pero por el contexto de la jugada y por c\u00f3mo fue, yo me quedo con la atajada a Gigliotti en Avellaneda\u00bb, cerr\u00f3.<\/p>\n<\/div>\n<div class=\"sc-e7b891c4-0 jPbnQF\"><img alt=\"Foto Maxi Failla \" src=\"http:\/\/hoycordobaweb.com\/wp-content\/uploads\/2024\/05\/armani-del-potencial-de-los-brasilenos-para-ganar-la-copa-a-los-consejos-para-los-chicos-5.jpg\" width=\"720\" height=\"100\" decoding=\"async\" data-nimg=\"future\" loading=\"lazy\"><span class=\"epigraphe\">Foto Maxi Failla<br \/>\n<\/span><\/div>\n<div class=\"sc-a7166897-0 exHLBh\" readability=\"6\">\n<section readability=\"2\"><picture><img alt=\"La base est\u00e1: los retoques que eval\u00faa Demichelis para el 11 de River ante Nacional\" src=\"http:\/\/hoycordobaweb.com\/wp-content\/uploads\/2024\/05\/armani-del-potencial-de-los-brasilenos-para-ganar-la-copa-a-los-consejos-para-los-chicos-6.jpg\" width=\"290\" height=\"290\" decoding=\"async\" data-nimg=\"future\" loading=\"lazy\"><\/picture>\n<p><span>Mir\u00e1 tambi\u00e9n<\/span><\/p>\n<hr>\n<h3>La base est\u00e1: los retoques que eval\u00faa Demichelis para el 11 de River ante Nacional<\/h3>\n<\/p>\n<\/section>\n<\/div>\n<div class=\"sc-a7166897-0 exHLBh\" readability=\"6.5\">\n<section readability=\"3\"><picture><img alt=\"Reuni\u00f3n de capitanes en el Monumental y el mensaje de Brito sobre las asociaciones civiles\" src=\"http:\/\/hoycordobaweb.com\/wp-content\/uploads\/2024\/05\/armani-del-potencial-de-los-brasilenos-para-ganar-la-copa-a-los-consejos-para-los-chicos-7.jpg\" width=\"290\" height=\"290\" decoding=\"async\" data-nimg=\"future\" loading=\"lazy\"><\/picture>\n<p><span>Mir\u00e1 tambi\u00e9n<\/span><\/p>\n<hr>\n<h3>Reuni\u00f3n de capitanes en el Monumental y el mensaje de Brito sobre las asociaciones civiles<\/h3>\n<\/p>\n<\/section>\n<\/div>\n<div class=\"sc-a7166897-0 exHLBh\" readability=\"6.5\">\n<section readability=\"3\"><picture><img alt=\"El recuerdo eterno del Torino a River, a 75 a\u00f1os de la tragedia de Superga\" src=\"http:\/\/hoycordobaweb.com\/wp-content\/uploads\/2024\/05\/armani-del-potencial-de-los-brasilenos-para-ganar-la-copa-a-los-consejos-para-los-chicos-8.jpg\" width=\"290\" height=\"290\" decoding=\"async\" data-nimg=\"future\" loading=\"lazy\"><\/picture>\n<p><span>Mir\u00e1 tambi\u00e9n<\/span><\/p>\n<hr>\n<h3>El recuerdo eterno del Torino a River, a 75 a\u00f1os de la tragedia de Superga<\/h3>\n<\/p>\n<\/section>\n<\/div>\n<div class=\"sc-a7166897-0 exHLBh\" readability=\"6.5\">\n<section readability=\"3\"><picture><img alt=\"El reencuentro de Enzo P\u00e9rez y Mammana, ahora cara a cara en una final\" src=\"http:\/\/hoycordobaweb.com\/wp-content\/uploads\/2024\/05\/armani-del-potencial-de-los-brasilenos-para-ganar-la-copa-a-los-consejos-para-los-chicos-9.jpg\" width=\"290\" height=\"290\" decoding=\"async\" data-nimg=\"future\" loading=\"lazy\"><\/picture>\n<p><span>Mir\u00e1 tambi\u00e9n<\/span><\/p>\n<hr>\n<h3>El reencuentro de Enzo P\u00e9rez y Mammana, ahora cara a cara en una final<\/h3>\n<\/p>\n<\/section>\n<\/div>\n<\/div>\n","protected":false},"excerpt":{"rendered":"<p>04\/05\/2024 18:23hs. Actualizado al 04\/05\/2024 18:26hs. Alguna vez, Ubaldo Matildo Fillol dijo que \u00abel de River es el arco con m\u00e1s historia del mundo\u00bb. Garantizarse seguridad bajo los tres palos es la base principal en la construcci\u00f3n de un equipo competitivo y ganador. Por eso, siempre que el Millonario encuentra un arquero a su medida, [&hellip;]<\/p>\n","protected":false},"author":1,"featured_media":77071,"comment_status":"open","ping_status":"closed","sticky":false,"template":"","format":"standard","meta":[],"categories":[16],"tags":[],"_links":{"self":[{"href":"http:\/\/hoycordobaweb.com\/index.php\/wp-json\/wp\/v2\/posts\/77070"}],"collection":[{"href":"http:\/\/hoycordobaweb.com\/index.php\/wp-json\/wp\/v2\/posts"}],"about":[{"href":"http:\/\/hoycordobaweb.com\/index.php\/wp-json\/wp\/v2\/types\/post"}],"author":[{"embeddable":true,"href":"http:\/\/hoycordobaweb.com\/index.php\/wp-json\/wp\/v2\/users\/1"}],"replies":[{"embeddable":true,"href":"http:\/\/hoycordobaweb.com\/index.php\/wp-json\/wp\/v2\/comments?post=77070"}],"version-history":[{"count":0,"href":"http:\/\/hoycordobaweb.com\/index.php\/wp-json\/wp\/v2\/posts\/77070\/revisions"}],"wp:featuredmedia":[{"embeddable":true,"href":"http:\/\/hoycordobaweb.com\/index.php\/wp-json\/wp\/v2\/media\/77071"}],"wp:attachment":[{"href":"http:\/\/hoycordobaweb.com\/index.php\/wp-json\/wp\/v2\/media?parent=77070"}],"wp:term":[{"taxonomy":"category","embeddable":true,"href":"http:\/\/hoycordobaweb.com\/index.php\/wp-json\/wp\/v2\/categories?post=77070"},{"taxonomy":"post_tag","embeddable":true,"href":"http:\/\/hoycordobaweb.com\/index.php\/wp-json\/wp\/v2\/tags?post=77070"}],"curies":[{"name":"wp","href":"https:\/\/api.w.org\/{rel}","templated":true}]}}