{"id":76972,"date":"2024-05-02T18:58:25","date_gmt":"2024-05-02T18:58:25","guid":{"rendered":"https:\/\/www.ole.com.ar\/messi\/confesion-marcelo-weigandt-lionel-messi_0_XKWD0bJyml.html"},"modified":"2024-05-02T18:58:25","modified_gmt":"2024-05-02T18:58:25","slug":"la-confesion-de-marcelo-weigandt-sobre-lionel-messi","status":"publish","type":"post","link":"http:\/\/hoycordobaweb.com\/index.php\/2024\/05\/02\/la-confesion-de-marcelo-weigandt-sobre-lionel-messi\/","title":{"rendered":"La confesi\u00f3n de Marcelo Weigandt sobre Lionel Messi"},"content":{"rendered":"<p><img src=\"http:\/\/hoycordobaweb.com\/wp-content\/uploads\/2024\/05\/la-confesion-de-marcelo-weigandt-sobre-lionel-messi.jpg\"><\/p>\n<p><time class=\"createDate\" datetime=\"2024-05-02T15:58:25-03:00\">02\/05\/2024 15:58hs.<\/time><\/p>\n<div id=\"storyBody\">\n<div class=\"custom-text \" readability=\"31.412060301508\">\n<p>Los d\u00edas de Marcelo Weigandt en Estados Unidos parecen so\u00f1ados. Luego de su desembarco a fines de marzo en calidad de pr\u00e9stamo, el ex Boca <a href=\"https:\/\/www.ole.com.ar\/futbol-internacional\/mls\/inter-miami-chelo-weigandt-messi-suarez-mls-entrevista_0_W8siHIkYiy.html\" target=\"_self\" title=\"parece haberse adaptado r\u00e1pido a la din\u00e1mica de Florida\" alt=\"parece haberse adaptado r\u00e1pido a la din\u00e1mica de Florida\" rel=\"noopener noreferrer\">parece haberse adaptado r\u00e1pido a la din\u00e1mica de Florida<\/a>: fue la ayuda de Gerardo Martino y de sus compa\u00f1eros la que lo hizo posible. As\u00ed lo cont\u00f3 este jueves durante una conferencia de prensa en la que, adem\u00e1s, <strong>hizo una confesi\u00f3n sobre <a href=\"https:\/\/www.ole.com.ar\/messi\" target=\"_self\" title=\"Lionel Messi\" alt=\"Lionel Messi\" rel=\"noopener noreferrer\">Lionel Messi<\/a>.<\/strong><\/p>\n<\/div>\n<div class=\"custom-text \" readability=\"40\">\n<p>\u00ab\ufeffEl Tata y mis compa\u00f1eros me dan confianza, ojal\u00e1 que me pueda quedar durante muchos a\u00f1os y disfrutar de este club. <strong>Vine con muchas ganas y todav\u00eda siguen estando<\/strong>. Antes de atacar, uno tiene que defender, pero me siento un jugador completo\u00bb, comenz\u00f3 diciendo el lateral derecho, que fue cedido al Inter Miami por dos temporadas sin cargo ni opci\u00f3n de compra.<\/p>\n<\/div>\n<div class=\"custom-text \" readability=\"40\">\n<p>En poco m\u00e1s de un mes, Chelo logr\u00f3 construir una relaci\u00f3n de cercan\u00eda con varios de sus colegas, sobre todo los argentinos. \u00abTenemos un grupo genial y unido. Freire y Negri hablan un poco en ingl\u00e9s, pero nos entendemos con se\u00f1as y muecas con el arquero (Drake Callender),<strong> \u00e9l es un gran arquero y tiene mucho para crecer<\/strong>\u00ab, dijo. <\/p>\n<\/div>\n<div class=\"custom-text \" readability=\"45\">\n<p>Y, claro, la Pulga es uno de ellos: \u00abTuve grandes figuras como compa\u00f1eros, pero Messi es especial, es algo que todos quieren estar cerca de \u00e9l y compartir cosas\u00bb. Por eso, al momento de definirlo, no dud\u00f3 en usar una descripci\u00f3n particular. \u00abEs una persona sencilla y humilde, <strong>es un amor de persona<\/strong>. Siempre dice palabras para sumar, <strong>es algo tan lindo que alguien as\u00ed se fije en los chicos<\/strong> y est\u00e9 en cada detalle\u00bb, indic\u00f3 el futbolista, cuyo v\u00ednculo con el Xeneize expirar\u00e1 en diciembre de 2027.<\/p>\n<\/div>\n<div class=\"custom-text \" readability=\"37\">\n<p>La presencia del capit\u00e1n de la Selecci\u00f3n Argentina no s\u00f3lo es un privilegio para el jugador de 24 a\u00f1os. Es, adem\u00e1s, una invitaci\u00f3n al aprendizaje constante: \u00abDe Messi aprend\u00ed que <strong>hay que tener los pies sobre la tierra<\/strong>, es una persona que se puede hablar tranquilamente\u00bb<\/p>\n<\/div>\n<div class=\"sc-e7b891c4-0 jPbnQF\"><img alt=\"Weigandt junto a Messi en la Selecci\u00f3n Argentina. (Instagram).\" src=\"http:\/\/hoycordobaweb.com\/wp-content\/uploads\/2024\/05\/la-confesion-de-marcelo-weigandt-sobre-lionel-messi-2.jpg\" width=\"720\" height=\"100\" decoding=\"async\" data-nimg=\"future\" loading=\"lazy\"><span class=\"epigraphe\">Weigandt junto a Messi en la Selecci\u00f3n Argentina. (Instagram).<\/span><\/div>\n<p><h2><strong>Weigandt analiz\u00f3 el pr\u00f3ximo desaf\u00edo del Inter Miami<\/strong><\/h2>\n<\/p>\n<div class=\"custom-text \" readability=\"33.639143730887\">\n<p>Luego del duro golpe en la Concachampions, las Garzas no le dieron tiempo a los lamentos y lograron reponerse para encarar de la mejor manera la Major League Soccer, el gran objetivo. A horas del inicio de la fecha 11, el <strong><a href=\"https:\/\/www.ole.com.ar\/usa\/mls\/tabla-posiciones-inter-miami-resultado-jornada-fecha-decima-10-lider-zona-new-york-galaxy_0_rSOpn66vGn.html\" target=\"_self\" title=\"Inter Miami aparece primero en la tabla de la Zona A\" alt=\"Inter Miami aparece primero en la tabla de la Zona A\" rel=\"noopener noreferrer\">Inter Miami aparece primero en la tabla de la Zona A<\/a> con 21 puntos<\/strong>, tres m\u00e1s que Cincinnati, su escolta. <\/p>\n<\/div>\n<div class=\"custom-text \" readability=\"42\">\n<p>Este s\u00e1bado, a las 20.30 de la Argentina, el equipo rosa tendr\u00e1 una nueva oportunidad de estirar la diferencia cuando reciba a New York Red Bulls. \u00abCada partido tenemos que jugarlo como una final para lograr los objetivos que tenemos. No queremos que nos conviertan tan temprano, lo venimos trabajando. <strong>Lo positivo es que despu\u00e9s nos afianzamos y marcamos goles<\/strong>. La defensa est\u00e1 muy s\u00f3lida\u00bb, sostuvo el ex Boca que, adem\u00e1s, elogi\u00f3 la liga: \u00ab\ufeffLa MLS es una liga muy competitiva que viene creciendo, no hay diferencias con el argentino\u00bb.<\/p>\n<\/div>\n<div class=\"sc-e7b891c4-0 jPbnQF\"><img alt=\"Chelo, con los colores del Inter Miami. (AFP)\" src=\"http:\/\/hoycordobaweb.com\/wp-content\/uploads\/2024\/05\/la-confesion-de-marcelo-weigandt-sobre-lionel-messi-3.jpg\" width=\"720\" height=\"100\" decoding=\"async\" data-nimg=\"future\" loading=\"lazy\"><span class=\"epigraphe\">Chelo, con los colores del Inter Miami. (AFP)<\/span><\/div>\n<div class=\"sc-a7166897-0 exHLBh\" readability=\"6.5\">\n<section readability=\"3\"><picture><img alt=\"\u00bfA cu\u00e1ntos goles est\u00e1 Lionel Messi de Cristiano Ronaldo en la carrera por ser el m\u00e1ximo goleador de la historia?\" src=\"http:\/\/hoycordobaweb.com\/wp-content\/uploads\/2024\/05\/la-confesion-de-marcelo-weigandt-sobre-lionel-messi-4.jpg\" width=\"290\" height=\"290\" decoding=\"async\" data-nimg=\"future\" loading=\"lazy\"><\/picture>\n<p><span>Mir\u00e1 tambi\u00e9n<\/span><\/p>\n<hr>\n<h3>\u00bfA cu\u00e1ntos goles est\u00e1 Lionel Messi de Cristiano Ronaldo en la carrera por ser el m\u00e1ximo goleador de la historia?<\/h3>\n<\/p>\n<\/section>\n<\/div>\n<div class=\"sc-a7166897-0 exHLBh\" readability=\"7.5\">\n<section readability=\"5\"><picture><img alt=\"Xavier Asensi, director general del Inter Miami, con Ol\u00e9: de los secretos del \u00e9xito en MLS al Messi &quot;cambia todo&quot;\" src=\"http:\/\/hoycordobaweb.com\/wp-content\/uploads\/2024\/05\/la-confesion-de-marcelo-weigandt-sobre-lionel-messi-5.jpg\" width=\"290\" height=\"290\" decoding=\"async\" data-nimg=\"future\" loading=\"lazy\"><\/picture>\n<p><span>Mir\u00e1 tambi\u00e9n<\/span><\/p>\n<hr>\n<h3>Xavier Asensi, director general del Inter Miami, con Ol\u00e9: de los secretos del \u00e9xito en MLS al Messi \u00abcambia todo\u00bb<\/h3>\n<\/p>\n<\/section>\n<\/div>\n<div class=\"sc-a7166897-0 exHLBh\" readability=\"6\">\n<section readability=\"2\"><picture><img alt=\"Video: \u00bfpor qu\u00e9 Messi se visti\u00f3 de operario?\" src=\"http:\/\/hoycordobaweb.com\/wp-content\/uploads\/2024\/05\/la-confesion-de-marcelo-weigandt-sobre-lionel-messi-6.jpg\" width=\"290\" height=\"290\" decoding=\"async\" data-nimg=\"future\" loading=\"lazy\"><\/picture>\n<p><span>Mir\u00e1 tambi\u00e9n<\/span><\/p>\n<hr>\n<h3>Video: \u00bfpor qu\u00e9 Messi se visti\u00f3 de operario?<\/h3>\n<\/p>\n<\/section>\n<\/div>\n<\/div>\n","protected":false},"excerpt":{"rendered":"<p>02\/05\/2024 15:58hs. Los d\u00edas de Marcelo Weigandt en Estados Unidos parecen so\u00f1ados. Luego de su desembarco a fines de marzo en calidad de pr\u00e9stamo, el ex Boca parece haberse adaptado r\u00e1pido a la din\u00e1mica de Florida: fue la ayuda de Gerardo Martino y de sus compa\u00f1eros la que lo hizo posible. As\u00ed lo cont\u00f3 este [&hellip;]<\/p>\n","protected":false},"author":1,"featured_media":76973,"comment_status":"open","ping_status":"closed","sticky":false,"template":"","format":"standard","meta":[],"categories":[16],"tags":[],"_links":{"self":[{"href":"http:\/\/hoycordobaweb.com\/index.php\/wp-json\/wp\/v2\/posts\/76972"}],"collection":[{"href":"http:\/\/hoycordobaweb.com\/index.php\/wp-json\/wp\/v2\/posts"}],"about":[{"href":"http:\/\/hoycordobaweb.com\/index.php\/wp-json\/wp\/v2\/types\/post"}],"author":[{"embeddable":true,"href":"http:\/\/hoycordobaweb.com\/index.php\/wp-json\/wp\/v2\/users\/1"}],"replies":[{"embeddable":true,"href":"http:\/\/hoycordobaweb.com\/index.php\/wp-json\/wp\/v2\/comments?post=76972"}],"version-history":[{"count":0,"href":"http:\/\/hoycordobaweb.com\/index.php\/wp-json\/wp\/v2\/posts\/76972\/revisions"}],"wp:featuredmedia":[{"embeddable":true,"href":"http:\/\/hoycordobaweb.com\/index.php\/wp-json\/wp\/v2\/media\/76973"}],"wp:attachment":[{"href":"http:\/\/hoycordobaweb.com\/index.php\/wp-json\/wp\/v2\/media?parent=76972"}],"wp:term":[{"taxonomy":"category","embeddable":true,"href":"http:\/\/hoycordobaweb.com\/index.php\/wp-json\/wp\/v2\/categories?post=76972"},{"taxonomy":"post_tag","embeddable":true,"href":"http:\/\/hoycordobaweb.com\/index.php\/wp-json\/wp\/v2\/tags?post=76972"}],"curies":[{"name":"wp","href":"https:\/\/api.w.org\/{rel}","templated":true}]}}