{"id":76939,"date":"2024-05-02T17:01:09","date_gmt":"2024-05-02T17:01:09","guid":{"rendered":"https:\/\/www.trendencias.com\/telenovelas\/descubrimiento-desagradable-promesa-capitulo-348-viernes-3-mayo"},"modified":"2024-05-02T17:01:09","modified_gmt":"2024-05-02T17:01:09","slug":"el-descubrimiento-mas-desagradable-de-la-promesa-en-el-capitulo-348-del-viernes-3-de-mayo","status":"publish","type":"post","link":"http:\/\/hoycordobaweb.com\/index.php\/2024\/05\/02\/el-descubrimiento-mas-desagradable-de-la-promesa-en-el-capitulo-348-del-viernes-3-de-mayo\/","title":{"rendered":"El descubrimiento m\u00e1s desagradable de \u00abLa Promesa\u00bb en el cap\u00edtulo 348 del viernes, 3 de mayo"},"content":{"rendered":"<p>Aunque esta semana no ha sido como una habitual en <strong>\u00abLa Promesa\u00bb<\/strong> despu\u00e9s de que <a href=\"https:\/\/www.trendencias.com\/telenovelas\/promesa-se-cancela-esta-semana-pierde-dos-importantes-episodios-estos-motivos-tve\">TVE cancelara los episodios del lunes y el mi\u00e9rcoles<\/a>, la trama no ha estado para nada por debajo de la media. Y es que, aunque solo tendremos un total de tres nuevos cap\u00edtulos, lo cierto es que han sido bastante intensos. Pero, \u00a1eh! que a\u00fan falta el del viernes. Ser\u00e1 el<strong> cap\u00edtulo 348 del serial de \u00e9poca <\/strong>de la cadena p\u00fablica y nos depara muchas sorpresas. \u00a1Te contamos un avance de lo que veremos!<\/p>\n<p><!-- BREAK 1 --> <\/p>\n<div class=\"article-asset article-asset-normal article-asset-center\">\n<div class=\"desvio-container\">\n<div class=\"desvio\">\n<div class=\"desvio-figure js-desvio-figure\"> <a href=\"https:\/\/www.trendencias.com\/telenovelas\/actor-secreto-puente-viejo-que-podria-incorporarse-a-promesa-para-ponerlo-todo-patas-arriba\"> <img loading=\"lazy\" alt=\"El actor de &quot;El secreto de Puente Viejo&quot; que podr\u00eda incorporarse a &quot;La Promesa&quot; para ponerlo todo patas arriba \" width=\"375\" height=\"142\" src=\"http:\/\/hoycordobaweb.com\/wp-content\/uploads\/2024\/05\/el-descubrimiento-mas-desagradable-de-la-promesa-en-el-capitulo-348-del-viernes-3-de-mayo.jpg\"> <\/a> <\/div><\/div><\/div>\n<\/div>\n<h2>Avance del cap\u00edtulo 348 del viernes 3 de mayo<\/h2>\n<div class=\"article-asset-image article-asset-normal article-asset-center\">\n<div class=\"asset-content\"> <img class=\"centro_sinmarco\" height=\"900\" width=\"1600\" loading=\"lazy\" decoding=\"async\" sizes=\"100vw\" fetchpriority=\"high\" srcset=\"http:\/\/hoycordobaweb.com\/wp-content\/uploads\/2024\/05\/el-descubrimiento-mas-desagradable-de-la-promesa-en-el-capitulo-348-del-viernes-3-de-mayo-1.jpg 450w, http:\/\/hoycordobaweb.com\/wp-content\/uploads\/2024\/05\/el-descubrimiento-mas-desagradable-de-la-promesa-en-el-capitulo-348-del-viernes-3-de-mayo-3.jpg 681w, http:\/\/hoycordobaweb.com\/wp-content\/uploads\/2024\/05\/el-descubrimiento-mas-desagradable-de-la-promesa-en-el-capitulo-348-del-viernes-3-de-mayo-4.jpg 1024w, http:\/\/hoycordobaweb.com\/wp-content\/uploads\/2024\/05\/el-descubrimiento-mas-desagradable-de-la-promesa-en-el-capitulo-348-del-viernes-3-de-mayo-5.jpg 1366w\" src=\"http:\/\/hoycordobaweb.com\/wp-content\/uploads\/2024\/05\/el-descubrimiento-mas-desagradable-de-la-promesa-en-el-capitulo-348-del-viernes-3-de-mayo-1.jpg\" alt=\"Image\"> <noscript><img alt=\"Image\" class=\"centro_sinmarco\" src=\"http:\/\/hoycordobaweb.com\/wp-content\/uploads\/2024\/05\/el-descubrimiento-mas-desagradable-de-la-promesa-en-el-capitulo-348-del-viernes-3-de-mayo-1.jpg\"><\/noscript> <\/div>\n<\/div>\n<p><strong>Cruz pregunta directamente a Blanca si tiene algo con su hijo <\/strong>y la joven se molesta y se lo cuenta a Manuel, que sigue distanciado de Jana. Catalina est\u00e1 muy nerviosa por el negocio de las mermeladas y se lleva una desagradable sorpresa. <strong>Cruz le dice a su marido que tiene que echar a Ayala de La Promesa<\/strong>, mientras Martina sigue recriminando a su madre la relaci\u00f3n que mantiene con el Conde.<\/p>\n<p><!-- BREAK 2 --><\/p>\n<p><strong>Vera cuenta que ha roto con Lope<\/strong> y Jana le revela a Mar\u00eda Fern\u00e1ndez que, cuando Jimena se suicid\u00f3, sab\u00eda que ella y Manuel eran amantes. <strong>Cruz se ha enterado de que Dieguito est\u00e1 en La Promesa y le exige al ama de llaves que lo devuelva a casa de Beni. <\/strong>Esta acusa a Ricardo de haberla delatado, aunque \u00e9l lo niega. <strong>P\u00eda har\u00e1 un desagradable descubrimiento.<\/strong><\/p>\n<p><!-- BREAK 3 --> <\/p>\n<p>Fotos | RTVE<\/p>\n<p>En Trendencias | <a href=\"https:\/\/www.trendencias.com\/belleza\/mejores-calendarios-adviento-belleza-maquillaje-donde-comprarlos\" data-id=\"noopener noreferrer\">Los mejores calendarios de adviento de belleza y maquillaje 2023: d\u00f3nde comprarlos<\/a><\/p>\n<p><!-- BREAK 4 --><\/p>\n<p>En Trendencias | <a href=\"https:\/\/www.trendencias.com\/propuestas-y-consejos\/chaquetas-que-tendencia-este-otono-invierno-2022-2023-larga-vida-a-bomber-a-cazadora-vaquera\" data-id=\"noopener noreferrer\">Chaquetas que son tendencia: larga vida a la bomber y a la cazadora vaquera<\/a><\/p>\n<p><!-- BREAK 5 --><\/p>\n<p>En Trendencias | <a href=\"https:\/\/www.trendencias.com\/festivales\/fib-festival-todo-que-se-sabe-cartel-entradas-horarios\" data-id=\"noopener noreferrer\">FIB 2024: todo lo que se sabe sobre el cartel, las entradas y los horarios<\/a>.<\/p>\n<p><!-- BREAK 6 --> <\/p>\n","protected":false},"excerpt":{"rendered":"<p>Aunque esta semana no ha sido como una habitual en \u00abLa Promesa\u00bb despu\u00e9s de que TVE cancelara los episodios del lunes y el mi\u00e9rcoles, la trama no ha estado para nada por debajo de la media. Y es que, aunque solo tendremos un total de tres nuevos cap\u00edtulos, lo cierto es que han sido bastante [&hellip;]<\/p>\n","protected":false},"author":1,"featured_media":76940,"comment_status":"closed","ping_status":"closed","sticky":false,"template":"","format":"standard","meta":[],"categories":[],"tags":[],"_links":{"self":[{"href":"http:\/\/hoycordobaweb.com\/index.php\/wp-json\/wp\/v2\/posts\/76939"}],"collection":[{"href":"http:\/\/hoycordobaweb.com\/index.php\/wp-json\/wp\/v2\/posts"}],"about":[{"href":"http:\/\/hoycordobaweb.com\/index.php\/wp-json\/wp\/v2\/types\/post"}],"author":[{"embeddable":true,"href":"http:\/\/hoycordobaweb.com\/index.php\/wp-json\/wp\/v2\/users\/1"}],"replies":[{"embeddable":true,"href":"http:\/\/hoycordobaweb.com\/index.php\/wp-json\/wp\/v2\/comments?post=76939"}],"version-history":[{"count":0,"href":"http:\/\/hoycordobaweb.com\/index.php\/wp-json\/wp\/v2\/posts\/76939\/revisions"}],"wp:featuredmedia":[{"embeddable":true,"href":"http:\/\/hoycordobaweb.com\/index.php\/wp-json\/wp\/v2\/media\/76940"}],"wp:attachment":[{"href":"http:\/\/hoycordobaweb.com\/index.php\/wp-json\/wp\/v2\/media?parent=76939"}],"wp:term":[{"taxonomy":"category","embeddable":true,"href":"http:\/\/hoycordobaweb.com\/index.php\/wp-json\/wp\/v2\/categories?post=76939"},{"taxonomy":"post_tag","embeddable":true,"href":"http:\/\/hoycordobaweb.com\/index.php\/wp-json\/wp\/v2\/tags?post=76939"}],"curies":[{"name":"wp","href":"https:\/\/api.w.org\/{rel}","templated":true}]}}