{"id":76929,"date":"2024-05-01T21:19:00","date_gmt":"2024-05-01T21:19:00","guid":{"rendered":"http:\/\/hoycordobaweb.com\/index.php\/2024\/05\/01\/a-30-anos-de-la-muerte-de-ayrton-senna-su-legado-la-amistad-con-fangio-y-el-lamento-de-la-formula-1\/"},"modified":"2024-05-01T21:19:00","modified_gmt":"2024-05-01T21:19:00","slug":"a-30-anos-de-la-muerte-de-ayrton-senna-su-legado-la-amistad-con-fangio-y-el-lamento-de-la-formula-1","status":"publish","type":"post","link":"http:\/\/hoycordobaweb.com\/index.php\/2024\/05\/01\/a-30-anos-de-la-muerte-de-ayrton-senna-su-legado-la-amistad-con-fangio-y-el-lamento-de-la-formula-1\/","title":{"rendered":"A 30 a\u00f1os de la muerte de Ayrton Senna: su legado, la amistad con Fangio y el lamento de la F\u00f3rmula 1"},"content":{"rendered":"<div class=\"media_block\"><\/div>\n<p>Este martes se cumplen<strong> <\/strong><a target=\"_blank\" href=\"https:\/\/radio.perfil.com\/noticias\/podcasts\/ayrton-senna-30-anos-del-accidente-que-acabo-con-la-vida-de-una-leyenda.phtml\" rel=\"noopener noreferrer\">30 a\u00f1os de la muerte<\/a> del legendario piloto brasile\u00f1o <strong>Ayrton Senna,<\/strong> dejando un vac\u00edo en el mundo del <a target=\"_blank\" href=\"https:\/\/www.perfil.com\/noticias\/cordoba\/como-se-forma-a-un-campeon-marco-dianda-el-joven-de-15-anos-que-revoluciona-al-automovilismo.phtml\" rel=\"noopener noreferrer\"><strong>automovilismo<\/strong><\/a>. Recordado como uno de los \u00abm\u00e1s grandes de todos los tiempos\u00bb, el tricampe\u00f3n mundial no solo dej\u00f3 una marca imborrable en la historia de la <strong>F\u00f3rmula 1<\/strong>&nbsp;sino que tambi\u00e9n cultiv\u00f3 relaciones significativas con otros pilotos y figuras destacadas del deporte, entre ellos la leyenda argentina <a target=\"_blank\" href=\"https:\/\/www.perfil.com\/noticias\/espectaculos\/la-historia-del-siglo-xx-a-traves-de-nuestro-mejor-piloto.phtml\" rel=\"noopener noreferrer\"><strong>Juan Manuel Fangio<\/strong><\/a>.<\/p>\n<p>Oriundo de la metr\u00f3poli de San Pablo, Senna&nbsp;fue mucho m\u00e1s que un \u00eddolo para los brasile\u00f1os y su influencia trascendi\u00f3 las fronteras, convirti\u00e9ndose en un \u00edcono y&nbsp;llegando incluso a ganarse el aprecio de los fan\u00e1ticos argentinos, que, dejando de lado la tradicional rivalidad deportiva, lo consideraban un piloto extraordinario.<\/p>\n<div>\n<figure class=\"image\"><img alt=\"Ayrton Senna\" src=\"http:\/\/hoycordobaweb.com\/wp-content\/uploads\/2024\/05\/a-30-anos-de-la-muerte-de-ayrton-senna-su-legado-la-amistad-con-fangio-y-el-lamento-de-la-formula-1-1.jpg\" loading=\"lazy\"><figcaption><strong>A sus 34 a\u00f1os, el piloto brasile\u00f1o Ayrton Senna muri\u00f3 el 1 de mayo de 1994 en un accidente automovil\u00edstico.<\/strong><\/figcaption><\/figure>\n<\/p><\/div>\n<p>A lo largo de su carrera en la F\u00f3rmula 1, el brasile\u00f1o logr\u00f3 tres t\u00edtulos mundiales y se destac\u00f3 como uno de los pilotos m\u00e1s talentosos y carism\u00e1ticos de su \u00e9poca. Conocido por su velocidad, habilidad en condiciones adversas y una determinaci\u00f3n inquebrantable, el piloto brasile\u00f1o dej\u00f3 una huella imborrable en el deporte del automovilismo, convirti\u00e9ndose en un \u00edcono mundial que perdura hasta la actualidad.<\/p>\n<div class=\"subscription\" readability=\"6.683257918552\">\n<p>\nEsto no les gusta a los autoritarios\n<\/p>\n<div class=\"subscription__container\" readability=\"6.1467391304348\">\n<div class=\"subscription__text-wrapper\" readability=\"31.20652173913\">\n<p>\nEl ejercicio del periodismo profesional y cr\u00edtico es un pilar fundamental de la democracia. Por eso molesta a quienes creen ser los due\u00f1os de la verdad.\n<\/p>\n<\/p><\/div>\n<\/div><\/div>\n<p>En tanto, su fama se condijo con la conmoci\u00f3n que gener\u00f3 su muerte ocurrida en el circuito de \u00cdmola, en Italia, <strong>el 1 de mayo de 1994.<\/strong> Senna, de 34 a\u00f1os, muri\u00f3 tras impactar a 211 kil\u00f3metros por hora contra la curva Tamburello del Autodromo Enzo e Dino Ferrari, en el marco del <strong>Gran Premio de San Marino, <\/strong>cerrando&nbsp;as\u00ed un fat\u00eddico fin de semana en el que murieron otros dos pilotos.<\/p>\n<p><img alt=\"Ayrton Senna\" src=\"http:\/\/hoycordobaweb.com\/wp-content\/uploads\/2024\/05\/a-30-anos-de-la-muerte-de-ayrton-senna-su-legado-la-amistad-con-fangio-y-el-lamento-de-la-formula-1-2.jpg\" loading=\"lazy\"><\/p>\n<p class=\"destacadoNota\"><a target=\"_blank\" href=\"https:\/\/www.perfil.com\/noticias\/modo-fontevecchia\/nace-un-f1-nacional-el-millonario-negocio-argentino-de-las-replicas-de-f1-de-senna-y-prost-de-los-80-modof.phtml\" rel=\"noopener noreferrer\">\u00bfNace un F1 nacional?: El millonario negocio argentino de las r\u00e9plicas de F1 de Senna y Prost de los \u201980<\/a><\/p>\n<h2><strong>La amistad con Fangio<\/strong><\/h2>\n<p>Una de las amistades m\u00e1s destacadas que Senna cultiv\u00f3 fue con el legendario<strong> Juan Manuel Fangio<\/strong>, quien lo describi\u00f3 como un piloto excepcional despu\u00e9s de presenciar su victoria en la \u00abCarrera de las Estrellas\u00bb en el circuito corto del N\u00fcrburgring en 1984. \u00ab<strong>Ahora veo porqu\u00e9 la gente habla tan bien de ti\u00bb<\/strong>, le dijo Fangio al joven piloto de 24 a\u00f1os.<\/p>\n<p>Desde ese momento, la relaci\u00f3n entre Senna y Fangio floreci\u00f3 a lo largo de los a\u00f1os, con intercambios regulares de consejos y gestos de admiraci\u00f3n mutua cada vez que se cruzaban en alg\u00fan circuito. En eventos como el Gran Premio de M\u00e9xico en 1989, su complicidad se hizo evidente, consolidando una amistad que perdurar\u00eda hasta la muerte de Senna.<\/p>\n<div>\n<figure class=\"image\"><img alt=\"Ayrton Senna Y Juan Manuel Fangio\" src=\"http:\/\/hoycordobaweb.com\/wp-content\/uploads\/2024\/05\/a-30-anos-de-la-muerte-de-ayrton-senna-su-legado-la-amistad-con-fangio-y-el-lamento-de-la-formula-1-3.jpg\" loading=\"lazy\"><figcaption>Ayrton Senna y Juan Manuel Fangio cultivaron una amistad que dur\u00f3 a\u00f1os.<\/figcaption><\/figure>\n<\/p><\/div>\n<h2><strong>El lamento de Ecclestone, figura clave de la F\u00f3rmula 1<\/strong><\/h2>\n<p>Sin embargo, m\u00e1s all\u00e1 de sus logros en la pista y el cultivo de amistades en el mundo del deporte, el legado de Senna tambi\u00e9n se ve ensombrecido por los eventos que rodearon su muerte. A 30 a\u00f1os del suceso, Bernie Ecclestone, quien fuera una figura clave en la F\u00f3rmula 1, record\u00f3 el momento del accidente y lament\u00f3 el modo en el que comunic\u00f3 la noticia a la familia de Senna, con quien ten\u00eda una estrecha relaci\u00f3n.<\/p>\n<p>\u00abTan pronto como ocurri\u00f3 el accidente, fui a la torre de control. Sid Watkins (en la \u00e9poca jefe m\u00e9dico de la F1) estaba en el lugar del siniestro y cre\u00ed que me hab\u00eda dicho <em>&#8216;He is dead&#8217; <\/em>(&#8216;Est\u00e1 muerto&#8217;, en ingl\u00e9s) y as\u00ed se lo comuniqu\u00e9 a su hermano. <strong>Pero de hecho lo que me dijo fue &#8216;It&#8217;s his head&#8217; <\/strong>(NdR: <em>&#8216;Es su cabeza&#8217;<\/em>)\u00bb<strong>,<\/strong> explic\u00f3 Eccleston&nbsp;a la agencia AFP, que lo contact\u00f3 en medio de los homenajes a Senna.<\/p>\n<p><img alt=\"Ayrton Senna\" src=\"http:\/\/hoycordobaweb.com\/wp-content\/uploads\/2024\/05\/a-30-anos-de-la-muerte-de-ayrton-senna-su-legado-la-amistad-con-fangio-y-el-lamento-de-la-formula-1-4.jpg\" loading=\"lazy\"><\/p>\n<p>La confusi\u00f3n, en tanto, se dio por la similitud de pronunciaci\u00f3n de las dos frases.&nbsp;Eccleton,&nbsp;nacido en Reino Unido,&nbsp;lament\u00f3 de esta manera haber comunicado prematuramente a la familia de Senna la noticia de su fallecimiento, lo que desencaden\u00f3 \u00abproblemas innecesarios\u00bb.<\/p>\n<p>Ecclestone, quien manten\u00eda una relaci\u00f3n cercana con Senna y su familia, record\u00f3 el episodio con pesar, subrayando la personalidad y el talento excepcional del piloto brasile\u00f1o.<\/p>\n<p><img alt=\"Ayrton Senna\" src=\"http:\/\/hoycordobaweb.com\/wp-content\/uploads\/2024\/05\/a-30-anos-de-la-muerte-de-ayrton-senna-su-legado-la-amistad-con-fangio-y-el-lamento-de-la-formula-1-5.jpg\" loading=\"lazy\"><\/p>\n<p>Sobre su relaci\u00f3n con los Senna, apunt\u00f3 que \u00abAyrton sol\u00eda llamar a mis hijos de madrugada en Brasil para charlar con ellos\u00bb. \u00abLa relaci\u00f3n se deterior\u00f3 un poco despu\u00e9s del accidente con su hermana (Viviane) y la familia, quienes pensaban que nunca deber\u00eda haber dicho que estaba muerto cuando no lo estaba\u00bb, agreg\u00f3 el veterano dirigente de 93 a\u00f1os.<\/p>\n<p>\u00abMe qued\u00e9 en la habitaci\u00f3n del hotel mirando (la ceremonia) la televisi\u00f3n y despu\u00e9s regres\u00e9 a casa inmediatamente\u00bb, dijo, respecto al multitudinario funeral que se realiz\u00f3 en San Pablo. En su lugar, asisti\u00f3 su esposa, escoltada por el entonces intendente de la ciudad brasile\u00f1a.<\/p>\n<div>\n<figure class=\"image\"><img alt=\"Bernie Ecclestone\" src=\"http:\/\/hoycordobaweb.com\/wp-content\/uploads\/2024\/05\/a-30-anos-de-la-muerte-de-ayrton-senna-su-legado-la-amistad-con-fangio-y-el-lamento-de-la-formula-1-6.jpg\" loading=\"lazy\"><figcaption>Bernie Ecclestone<\/figcaption><\/figure>\n<\/p><\/div>\n<p class=\"destacadoNota\"><a target=\"_blank\" href=\"https:\/\/www.perfil.com\/noticias\/cordoba\/como-se-forma-a-un-campeon-marco-dianda-el-joven-de-15-anos-que-revoluciona-al-automovilismo.phtml\" rel=\"noopener noreferrer\">C\u00f3mo se forma a un campe\u00f3n: Marco Dianda, el joven de 15 a\u00f1os que revoluciona al automovilismo<\/a><\/p>\n<h2><strong>El legado de Ayrton Senna<\/strong><\/h2>\n<p>Con tres t\u00edtulos mundiales,&nbsp;<strong>41 victorias<\/strong>&nbsp;y&nbsp;<strong>65 posiciones pole<\/strong>, Senna conserva uno de los mejores puntajes de la F\u00f3rmula 1, una elite a la que tambi\u00e9n pertenecen Lewis Hamilton, Juan Manuel Fangio, Michael Schumacher, Max Verstappen, Sebastian Vettel y Alain Prost.<\/p>\n<div>\n<figure class=\"image\"><img alt=\"Homenaje 30 a\u00f1os Ayrton Senna\" src=\"http:\/\/hoycordobaweb.com\/wp-content\/uploads\/2024\/05\/a-30-anos-de-la-muerte-de-ayrton-senna-su-legado-la-amistad-con-fangio-y-el-lamento-de-la-formula-1-7.jpg\" loading=\"lazy\"><figcaption>Con motivo del 30 aniversario de la muerte de Ayrton Senna hubo homenajes en Brasil y distintas partes del mundo.<\/figcaption><\/figure>\n<\/p><\/div>\n<p>La muerte de Senna, junto con la de otros pilotos como Roland Ratzenberger, marc\u00f3 uno de los fines de semana m\u00e1s tr\u00e1gicos en la historia de la F\u00f3rmula 1. A pesar del dolor y la conmoci\u00f3n, el legado de Senna perdura, record\u00e1ndonos no solo su destreza en la pista, sino tambi\u00e9n su humanidad y su capacidad para inspirar a generaciones futuras de pilotos.<\/p>\n<p>Parte de su legado fue el refuerzo de la seguridad de las competencias del automovilismo permitiendo reducir la cantidad de accidentes en la F\u00f3rmula 1, como lo indican las estructuras deformables, el refuerzo en el equipamiento de los pilotos y las zonas de escapatoria en los circuitos.<\/p>\n<p><img alt=\"Homenaje 30 a\u00f1os Ayrton Senna\" src=\"http:\/\/hoycordobaweb.com\/wp-content\/uploads\/2024\/05\/a-30-anos-de-la-muerte-de-ayrton-senna-su-legado-la-amistad-con-fangio-y-el-lamento-de-la-formula-1-8.jpg\" loading=\"lazy\"><\/p>\n<p>Treinta a\u00f1os despu\u00e9s de su desaparici\u00f3n f\u00edsica, Ayrton Senna sigue siendo una figura legendaria en el mundo del automovilismo, recordado no solo por sus haza\u00f1as en la pista, sino tambi\u00e9n por su carisma, su determinaci\u00f3n y su dedicaci\u00f3n al deporte que amaba.<\/p>\n<p>CD<\/p>\n<div class=\"article__tags\">\n<p>En esta Nota<\/p>\n<\/p><\/div>\n","protected":false},"excerpt":{"rendered":"<p>Este martes se cumplen 30 a\u00f1os de la muerte del legendario piloto brasile\u00f1o Ayrton Senna, dejando un vac\u00edo en el mundo del automovilismo. Recordado como uno de los \u00abm\u00e1s grandes de todos los tiempos\u00bb, el tricampe\u00f3n mundial no solo dej\u00f3 una marca imborrable en la historia de la F\u00f3rmula 1&nbsp;sino que tambi\u00e9n cultiv\u00f3 relaciones significativas [&hellip;]<\/p>\n","protected":false},"author":1,"featured_media":76930,"comment_status":"closed","ping_status":"closed","sticky":false,"template":"","format":"standard","meta":[],"categories":[19],"tags":[123,124,125],"_links":{"self":[{"href":"http:\/\/hoycordobaweb.com\/index.php\/wp-json\/wp\/v2\/posts\/76929"}],"collection":[{"href":"http:\/\/hoycordobaweb.com\/index.php\/wp-json\/wp\/v2\/posts"}],"about":[{"href":"http:\/\/hoycordobaweb.com\/index.php\/wp-json\/wp\/v2\/types\/post"}],"author":[{"embeddable":true,"href":"http:\/\/hoycordobaweb.com\/index.php\/wp-json\/wp\/v2\/users\/1"}],"replies":[{"embeddable":true,"href":"http:\/\/hoycordobaweb.com\/index.php\/wp-json\/wp\/v2\/comments?post=76929"}],"version-history":[{"count":0,"href":"http:\/\/hoycordobaweb.com\/index.php\/wp-json\/wp\/v2\/posts\/76929\/revisions"}],"wp:featuredmedia":[{"embeddable":true,"href":"http:\/\/hoycordobaweb.com\/index.php\/wp-json\/wp\/v2\/media\/76930"}],"wp:attachment":[{"href":"http:\/\/hoycordobaweb.com\/index.php\/wp-json\/wp\/v2\/media?parent=76929"}],"wp:term":[{"taxonomy":"category","embeddable":true,"href":"http:\/\/hoycordobaweb.com\/index.php\/wp-json\/wp\/v2\/categories?post=76929"},{"taxonomy":"post_tag","embeddable":true,"href":"http:\/\/hoycordobaweb.com\/index.php\/wp-json\/wp\/v2\/tags?post=76929"}],"curies":[{"name":"wp","href":"https:\/\/api.w.org\/{rel}","templated":true}]}}