{"id":76917,"date":"2024-05-01T18:44:15","date_gmt":"2024-05-01T18:44:15","guid":{"rendered":"https:\/\/www.ole.com.ar\/autos\/ferrari-autos-gp-miami-azul-chasis-leclerc-sainz-formula-1_0_khJ0YPQz4Z.html"},"modified":"2024-05-01T18:44:15","modified_gmt":"2024-05-01T18:44:15","slug":"ferrari-develo-sus-autos-azules-para-correr-en-miami","status":"publish","type":"post","link":"http:\/\/hoycordobaweb.com\/index.php\/2024\/05\/01\/ferrari-develo-sus-autos-azules-para-correr-en-miami\/","title":{"rendered":"Ferrari devel\u00f3 sus autos \u00abazules\u00bb para correr en Miami"},"content":{"rendered":"<p><img src=\"http:\/\/hoycordobaweb.com\/wp-content\/uploads\/2024\/05\/ferrari-develo-sus-autos-azules-para-correr-en-miami.jpg\"><\/p>\n<p><time class=\"createDate\" datetime=\"2024-05-01T15:44:15-03:00\">01\/05\/2024 15:44hs.<\/time><\/p>\n<div id=\"storyBody\">\n<div class=\"custom-text \" readability=\"37.255263157895\">\n<p>El misterio se devel\u00f3. El anunciado nuevo aspecto de <a href=\"https:\/\/www.ole.com.ar\/tema\/ferrari.html\" title=\"Ferrari\" alt=\"Ferrari\" class=\"slug\">Ferrari<\/a>, para recordar la relaci\u00f3n de la marca con Estados Unidos en el GP de <strong><a href=\"https:\/\/www.ole.com.ar\/tema\/formula-1.html\" title=\"F\u00f3rmula 1\" alt=\"F\u00f3rmula 1\" class=\"slug\">F\u00f3rmula 1<\/a><\/strong> en Miami, se transform\u00f3 en las im\u00e1genes y un video que la Scuderia mostr\u00f3 en redes sociales. As\u00ed, los chasis del modelo SF-24 de este a\u00f1o mostraron un toque azul, <strong>pero quiz\u00e1 menos de lo esperado<\/strong>. El rojo sigue siendo predominante.<\/p>\n<\/div>\n<div class=\"custom-text \" readability=\"34.625\">\n<p>Seg\u00fan se explic\u00f3 y anunci\u00f3, los coches del monegasco <a href=\"https:\/\/www.ole.com.ar\/tema\/charles-leclerc.html\" title=\"Charles Leclerc\" alt=\"Charles Leclerc\" class=\"slug\">Charles Leclerc<\/a> y del espa\u00f1ol <a href=\"https:\/\/www.ole.com.ar\/tema\/carlos-sainz.html\" title=\"Carlos Sainz\" alt=\"Carlos Sainz\" class=\"slug\">Carlos Sainz<\/a> ofrecer\u00e1n \u00abun toque de azul para celebrar los colores de Ferrari y hacer \u00fanico el debut del title partner HP\u00bb. Claro, matan dos p\u00e1jaros de un tiro, recibiendo tambi\u00e9n con el azul al nuevo auspiciante.<\/p>\n<\/div>\n<div class=\"custom-text \" readability=\"39\">\n<p>El dominio del logo del nuevo socio de la casa de Maranello (HP), que desde esta carrera debuta en los SF-24 y la indumentaria de la escuder\u00eda, <strong>se vincula con el tema elegido por Ferrari s\u00f3lo para la semana de actividad en Miami,<\/strong> el redescubrimiento del \u00abAzul La Plata\u00bb y el \u00abAzul Dino\u00bb, tonos que forman parte del d\u00eda a d\u00eda en el equipo italiano desde hace a\u00f1os.<\/p>\n<\/div>\n<div class=\"sc-e7b891c4-0 jPbnQF\"><img alt=\"Las Ferrari de Leclerc y Sainz para este finde.\" src=\"http:\/\/hoycordobaweb.com\/wp-content\/uploads\/2024\/05\/ferrari-develo-sus-autos-azules-para-correr-en-miami-2.jpg\" width=\"720\" height=\"100\" decoding=\"async\" data-nimg=\"future\" loading=\"lazy\"><span class=\"epigraphe\">Las Ferrari de Leclerc y Sainz para este finde.<\/span><\/div>\n<div class=\"custom-text \" readability=\"43\">\n<p>Los toques de color ser\u00e1n visibles en <strong>las alas, en la cobertura del motor, en el halo, en los espejos retrovisores, en los n\u00fameros de carrera y, en una cita hist\u00f3rica que no pod\u00eda faltar, tambi\u00e9n en las llantas<\/strong>, como se ve\u00eda en los monopostos de F-1 de Ferrari en la d\u00e9cada del 60, a\u00f1os en los que la F-1 corr\u00eda en Estados Unidos y hasta M\u00e9xico.<\/p>\n<\/div>\n<div class=\"sc-e7b891c4-0 jPbnQF\"><img alt=\"La SF-24 de Sainz vista de arriba.\" src=\"http:\/\/hoycordobaweb.com\/wp-content\/uploads\/2024\/05\/ferrari-develo-sus-autos-azules-para-correr-en-miami-3.jpg\" width=\"720\" height=\"100\" decoding=\"async\" data-nimg=\"future\" loading=\"lazy\"><span class=\"epigraphe\">La SF-24 de Sainz vista de arriba.<\/span><\/div>\n<div class=\"custom-text \" readability=\"36\">\n<p>El azul claro es similar al que llevaba en su casco y vestimenta <strong>Alberto Ascari, que tambi\u00e9n lucieron John Surtees, Chris Amon, Niki Lauda<\/strong> y los trabajadores en la f\u00e1brica de Maranello. <\/p>\n<\/div>\n<div class=\"sc-e7b891c4-0 jPbnQF\"><img alt=\"Ferrari y sus &quot;azules&quot; en la historia.\" src=\"http:\/\/hoycordobaweb.com\/wp-content\/uploads\/2024\/05\/ferrari-develo-sus-autos-azules-para-correr-en-miami-4.jpg\" width=\"720\" height=\"100\" decoding=\"async\" data-nimg=\"future\" loading=\"lazy\"><span class=\"epigraphe\">Ferrari y sus \u00abazules\u00bb en la historia.<\/span><\/div>\n<div class=\"custom-text \" readability=\"41\">\n<p>Adem\u00e1s, como ya se anticip\u00f3 previamente, Leclerc y Sainz usar\u00e1n un uniforme especial con prevalecencia del \u00abAzul La Plata\u00bb (el m\u00e1s claro), <strong>que incluye el traje, el calzado, los guantes y el casco<\/strong>, con inserciones en \u00abAzul Dino\u00bb y tambi\u00e9n el resto del equipo lucir\u00e1 el domingo de la carrera una indumentaria del mismo color.<\/p>\n<\/div>\n<div type=\"embed\" class=\"sc-3f46f5ae-0 djVTgz\">\n<div class=\"sc-3f46f5ae-1 fTjZec videoText\" id=\"contentTitleembedlKe4YckR\" type=\"embed\"><svg fill=\"#ffffff\"><symbol id=\"play\" viewBox=\"0 0 512 512\"><path d=\"M512 256C512 397.4 397.4 512 256 512C114.6 512 0 397.4 0 256C0 114.6 114.6 0 256 0C397.4 0 512 114.6 512 256zM176 168V344C176 352.7 180.7 360.7 188.3 364.9C195.8 369.2 205.1 369 212.5 364.5L356.5 276.5C363.6 272.1 368 264.4 368 256C368 247.6 363.6 239.9 356.5 235.5L212.5 147.5C205.1 142.1 195.8 142.8 188.3 147.1C180.7 151.3 176 159.3 176 168V168z\" \/><\/symbol><use xlink:href=\"#play\" \/><\/svg><\/p>\n<div class=\"right\">\n<p>Ferrari<!-- --> &#8211;<!-- --> <span>1-5-2024<\/span><\/p>\n<h2 class=\"title-vid\">Ferrari devel\u00f3 sus autos con toques de azul para el GP de Miami<\/h2>\n<\/div>\n<\/div>\n<p><span class=\"back\" id=\"spanBackembedlKe4YckR\"><\/span><\/div>\n<div class=\"custom-text \" readability=\"39\">\n<p>El jefe de equipo, Fred Vasseur, dijo que \u00aben Florida celebraremos nuestra herencia a trav\u00e9s de una decoraci\u00f3n \u00fanica, <strong>redescubriendo dos colores que son parte de nuestra historia<\/strong>. Tambi\u00e9n ser\u00e1 una carrera muy especial ya que estamos encantados de dar la bienvenida a la llegada de nuestro nuevo socio principal, HP\u00bb.<\/p>\n<\/div>\n<p><h2>Cuando es el GP de Miami<\/h2>\n<\/p>\n<div class=\"custom-text \" readability=\"35.847290640394\">\n<p><a href=\"https:\/\/www.ole.com.ar\/autos\/formula-1-hora-tv-gran-premio-miami-dondever_0_lk7BOULI4P.html\" target=\"_self\" title=\"La actividad en Florida\" alt=\"La actividad en Florida\" rel=\"noopener noreferrer\">La actividad en Florida<\/a> comenzar\u00e1 con el \u00fanico entrenamiento libre, que se llevar\u00e1 a cabo <strong>este viernes desde las 13.30. A las 17.30 se har\u00e1 el Sprint Shootout<\/strong>, y el Sprint Final ser\u00e1 el s\u00e1bado a las 13. El mismo s\u00e1bado a partir de las 17 se realizar\u00e1 la clasificaci\u00f3n a la carrera, y finalmente la final a 57 vueltas empezar\u00e1 el domingo desde las 17. Todo se podr\u00e1 seguir por Star+ y Fox Sports.<\/p>\n<\/div>\n<div class=\"custom-text \" readability=\"41\">\n<p>Como sucede desde hace dos a\u00f1os, el Gran Premio de Miami se llevar\u00e1 a cabo en el Aut\u00f3dromo Internacional de Miami, <strong>que tiene como centro de atenci\u00f3n al Hard Rock Stadium, la casa de los Miami Dolphins, franquicia de la NFL<\/strong>. Este circuito urbano de 5,41 kil\u00f3metros cuenta con 19 curvas y tres rectas con zonas de DRS, muy parecido al circuito de Albert Park en Melbourne.<\/p>\n<\/div>\n<div class=\"sc-a7166897-0 exHLBh\" readability=\"6\">\n<section readability=\"2\"><picture><img alt=\"F\u00f3rmula 1: hora y TV del Gran Premio de Miami\" src=\"http:\/\/hoycordobaweb.com\/wp-content\/uploads\/2024\/05\/ferrari-develo-sus-autos-azules-para-correr-en-miami-5.jpg\" width=\"290\" height=\"290\" decoding=\"async\" data-nimg=\"future\" loading=\"lazy\"><\/picture>\n<p><span>Mir\u00e1 tambi\u00e9n<\/span><\/p>\n<hr>\n<h3>F\u00f3rmula 1: hora y TV del Gran Premio de Miami<\/h3>\n<\/p>\n<\/section>\n<\/div>\n<div class=\"sc-a7166897-0 exHLBh\" readability=\"7.5\">\n<section readability=\"5\"><picture><img alt=\"Canapino en Barber: excelente largada, problemas en boxes, penalizaci\u00f3n y un 20\u00ba puesto final\" src=\"http:\/\/hoycordobaweb.com\/wp-content\/uploads\/2024\/05\/ferrari-develo-sus-autos-azules-para-correr-en-miami-6.jpg\" width=\"290\" height=\"290\" decoding=\"async\" data-nimg=\"future\" loading=\"lazy\"><\/picture>\n<p><span>Mir\u00e1 tambi\u00e9n<\/span><\/p>\n<hr>\n<h3>Canapino en Barber: excelente largada, problemas en boxes, penalizaci\u00f3n y un 20\u00ba puesto final<\/h3>\n<\/p>\n<\/section>\n<\/div>\n<div class=\"sc-a7166897-0 exHLBh\" readability=\"6\">\n<section readability=\"2\"><picture><img alt=\"\u00bfPor qu\u00e9 hubo cambios en la tabla de posiciones del TC?\" src=\"http:\/\/hoycordobaweb.com\/wp-content\/uploads\/2024\/05\/ferrari-develo-sus-autos-azules-para-correr-en-miami-7.jpg\" width=\"290\" height=\"290\" decoding=\"async\" data-nimg=\"future\" loading=\"lazy\"><\/picture>\n<p><span>Mir\u00e1 tambi\u00e9n<\/span><\/p>\n<hr>\n<h3>\u00bfPor qu\u00e9 hubo cambios en la tabla de posiciones del TC?<\/h3>\n<\/p>\n<\/section>\n<\/div>\n<\/div>\n","protected":false},"excerpt":{"rendered":"<p>01\/05\/2024 15:44hs. El misterio se devel\u00f3. El anunciado nuevo aspecto de Ferrari, para recordar la relaci\u00f3n de la marca con Estados Unidos en el GP de F\u00f3rmula 1 en Miami, se transform\u00f3 en las im\u00e1genes y un video que la Scuderia mostr\u00f3 en redes sociales. As\u00ed, los chasis del modelo SF-24 de este a\u00f1o mostraron [&hellip;]<\/p>\n","protected":false},"author":1,"featured_media":76918,"comment_status":"open","ping_status":"closed","sticky":false,"template":"","format":"standard","meta":[],"categories":[16],"tags":[],"_links":{"self":[{"href":"http:\/\/hoycordobaweb.com\/index.php\/wp-json\/wp\/v2\/posts\/76917"}],"collection":[{"href":"http:\/\/hoycordobaweb.com\/index.php\/wp-json\/wp\/v2\/posts"}],"about":[{"href":"http:\/\/hoycordobaweb.com\/index.php\/wp-json\/wp\/v2\/types\/post"}],"author":[{"embeddable":true,"href":"http:\/\/hoycordobaweb.com\/index.php\/wp-json\/wp\/v2\/users\/1"}],"replies":[{"embeddable":true,"href":"http:\/\/hoycordobaweb.com\/index.php\/wp-json\/wp\/v2\/comments?post=76917"}],"version-history":[{"count":0,"href":"http:\/\/hoycordobaweb.com\/index.php\/wp-json\/wp\/v2\/posts\/76917\/revisions"}],"wp:featuredmedia":[{"embeddable":true,"href":"http:\/\/hoycordobaweb.com\/index.php\/wp-json\/wp\/v2\/media\/76918"}],"wp:attachment":[{"href":"http:\/\/hoycordobaweb.com\/index.php\/wp-json\/wp\/v2\/media?parent=76917"}],"wp:term":[{"taxonomy":"category","embeddable":true,"href":"http:\/\/hoycordobaweb.com\/index.php\/wp-json\/wp\/v2\/categories?post=76917"},{"taxonomy":"post_tag","embeddable":true,"href":"http:\/\/hoycordobaweb.com\/index.php\/wp-json\/wp\/v2\/tags?post=76917"}],"curies":[{"name":"wp","href":"https:\/\/api.w.org\/{rel}","templated":true}]}}