{"id":76915,"date":"2024-05-01T18:54:07","date_gmt":"2024-05-01T18:54:07","guid":{"rendered":"https:\/\/www.ole.com.ar\/river-plate\/river-miguel-borja-goleador-torneo-copa-liga-goles_0_AjgL8DFftO.html"},"modified":"2024-05-01T18:54:07","modified_gmt":"2024-05-01T18:54:07","slug":"por-que-borja-hizo-historia-con-sus-13-goles-en-la-copa-de-la-liga","status":"publish","type":"post","link":"http:\/\/hoycordobaweb.com\/index.php\/2024\/05\/01\/por-que-borja-hizo-historia-con-sus-13-goles-en-la-copa-de-la-liga\/","title":{"rendered":"Por qu\u00e9 Borja hizo historia con sus 13 goles en la Copa de la Liga"},"content":{"rendered":"<p><img src=\"http:\/\/hoycordobaweb.com\/wp-content\/uploads\/2024\/05\/por-que-borja-hizo-historia-con-sus-13-goles-en-la-copa-de-la-liga.jpg\"><\/p>\n<p><time class=\"createDate\" datetime=\"2024-05-01T15:54:07-03:00\">01\/05\/2024 15:54hs.<\/time><\/p>\n<div id=\"storyBody\">\n<div class=\"custom-text \" readability=\"36.994285714286\">\n<p>Cuando <strong>Rond\u00f3n<\/strong> se fue al <strong>Pachuca<\/strong> y en <strong><a href=\"https:\/\/www.ole.com.ar\/tema\/river-plate.html\" title=\"River Plate\" alt=\"River Plate\" class=\"slug\">River<\/a><\/strong> empezaron a buscar un delantero por pedido de <strong><a href=\"https:\/\/www.ole.com.ar\/tema\/martin-demichelis.html\" title=\"Martin Demichelis\" alt=\"Martin Demichelis\" class=\"slug\">Demichelis<\/a><\/strong> para suplantarlo (hubo negociaciones sin \u00e9xito por <strong>Borr\u00e9, Alario y Jos\u00e9 L\u00f3pez<\/strong>, adem\u00e1s de un <strong>Luciano Rodr\u00edguez<\/strong> que eventualmente puede jugar ah\u00ed), <strong><a href=\"https:\/\/www.ole.com.ar\/tema\/miguel-angel-borja.html\" title=\"Miguel Angel Borja\" alt=\"Miguel Angel Borja\" class=\"slug\">Miguel Borja<\/a><\/strong> no imaginaba que apenas algunos meses despu\u00e9s <strong>sus 13 goles a nivel local lo convertir\u00edan en el m\u00e1ximo goleador hist\u00f3rico de las seis ediciones de la Copa de la Liga<\/strong>. De hecho, en aquel momento hasta barajaba irse si llegaba un refuerzo en su posici\u00f3n&#8230;<\/p>\n<\/div>\n<div class=\"custom-text \" readability=\"39\">\n<p>Fue eso lo que, justamente, hizo que los <strong>1.426 minutos en 18 partidos que suma en el a\u00f1o sean m\u00e1s de los imaginados en enero<\/strong>. Bastantes m\u00e1s, porque encima <strong>Ruberto <\/strong>no tuvo el desarrollo que se esperaba. Pero \u00e9l se encarg\u00f3 de hacer valer cada uno de ellos con un rendimiento preponderante adentro del campo: con el status de <strong>irremplazable <\/strong>como pocos de sus compa\u00f1eros (apenas Armani y Paulo D\u00edaz), su buen promedio de <strong>un gol cada 101&#8242;<\/strong> (acumula 14 gritos en el a\u00f1o: los 13 del torneo m\u00e1s uno por Copa Argentina) le permiti\u00f3 a <strong>River<\/strong> so\u00f1ar con el campeonato en el que qued\u00f3 afuera en cuartos y le da v\u00eda libre para ilusionarse con la <strong>Libertadores<\/strong>.<\/p>\n<\/div>\n<div class=\"custom-text \" readability=\"41\">\n<p>Para <strong>Borja<\/strong>, haber recuperado esa alta efectividad (necesita, de media, cuatro tiros para anotar) fue clave para volver a sentirse importante y para disfrutar de ese protagonismo que el a\u00f1o pasado no hab\u00eda tenido: <strong>no por nada estando en mayo ya festej\u00f3 la misma cantidad de veces que en un 2023<\/strong> en el que siempre pele\u00f3 de atr\u00e1s. Su precisi\u00f3n de francotirador, de hecho, fue demasiado para cualquier delantero en esta Copa de la Liga (<strong>Maravilla Mart\u00ednez<\/strong> qued\u00f3 un gol atr\u00e1s) y en las anteriores: <strong>Passerini y Boselli<\/strong> hab\u00edan hecho 10 en las ediciones del 2023 y 2022, respectivamente.<\/p>\n<\/div>\n<div class=\"custom-text \" readability=\"38\">\n<p>Gran parte de esta cosecha, que en lo que queda del a\u00f1o intentar\u00e1 estirar hasta <strong>39 <\/strong>para superar lo hecho en 2016 entre Cortulu\u00e1 y Atl\u00e9tico Nacional, se dio por su tremenda racha inicial: <strong>hasta el 11\u00b0 partido<\/strong> de la actual temporada, el delantero colombiano de 31 a\u00f1os le hab\u00eda puesto su apellido a <strong>11 de los 21 tantos<\/strong> del equipo de Demichelis. <\/p>\n<\/div>\n<div type=\"embed\" class=\"sc-3f46f5ae-0 djVTgz\">\n<div class=\"sc-3f46f5ae-1 fTjZec videoText\" id=\"contentTitleembedPafIu6MB\" type=\"embed\"><svg fill=\"#ffffff\"><symbol id=\"play\" viewBox=\"0 0 512 512\"><path d=\"M512 256C512 397.4 397.4 512 256 512C114.6 512 0 397.4 0 256C0 114.6 114.6 0 256 0C397.4 0 512 114.6 512 256zM176 168V344C176 352.7 180.7 360.7 188.3 364.9C195.8 369.2 205.1 369 212.5 364.5L356.5 276.5C363.6 272.1 368 264.4 368 256C368 247.6 363.6 239.9 356.5 235.5L212.5 147.5C205.1 142.1 195.8 142.8 188.3 147.1C180.7 151.3 176 159.3 176 168V168z\" \/><\/symbol><use xlink:href=\"#play\" \/><\/svg><\/p>\n<div class=\"right\">\n<p>River Plate<!-- --> &#8211;<!-- --> <span>1-5-2024<\/span><\/p>\n<h2 class=\"title-vid\">Borja abri\u00f3 el marcador de River en el Supercl\u00e1sico<\/h2>\n<\/div>\n<\/div>\n<p><span class=\"back\" id=\"spanBackembedPafIu6MB\"><\/span><\/div>\n<div class=\"custom-text \" readability=\"40\">\n<p>Despu\u00e9s, estuvo <strong>tres semanas sin convertir<\/strong> (del 13\/3 al 7\/4: Estudiantes por la Supercopa, Gimnasia, Hurac\u00e1n y T\u00e1chira) y volvi\u00f3 con un doblete clave a Rosario Central y la apertura del marcador en el supercl\u00e1sico (un partido en el que, por lo que lo arriesgaron por la sobrecarga muscular en el isquiotibial derecho que arrastraba, se demostr\u00f3 lo determinante que es).<\/p>\n<\/div>\n<div type=\"embed\" class=\"sc-3f46f5ae-0 djVTgz\">\n<div class=\"sc-3f46f5ae-1 fTjZec videoText\" id=\"contentTitleembedhWdKGQBI\" type=\"embed\"><svg fill=\"#ffffff\"><symbol id=\"play\" viewBox=\"0 0 512 512\"><path d=\"M512 256C512 397.4 397.4 512 256 512C114.6 512 0 397.4 0 256C0 114.6 114.6 0 256 0C397.4 0 512 114.6 512 256zM176 168V344C176 352.7 180.7 360.7 188.3 364.9C195.8 369.2 205.1 369 212.5 364.5L356.5 276.5C363.6 272.1 368 264.4 368 256C368 247.6 363.6 239.9 356.5 235.5L212.5 147.5C205.1 142.1 195.8 142.8 188.3 147.1C180.7 151.3 176 159.3 176 168V168z\" \/><\/symbol><use xlink:href=\"#play\" \/><\/svg><\/p>\n<div class=\"right\">\n<p>River Plate<!-- --> &#8211;<!-- --> <span>1-5-2024<\/span><\/p>\n<h2 class=\"title-vid\">River lo dio vuelta con doblete de Borja<\/h2>\n<\/div>\n<\/div>\n<p><span class=\"back\" id=\"spanBackembedhWdKGQBI\"><\/span><\/div>\n<div class=\"custom-text \" readability=\"36.50621669627\">\n<p>Recientemente feliz y chicanero por la eliminaci\u00f3n de Boca a manos de Estudiantes (<a href=\"https:\/\/www.ole.com.ar\/futbol-primera\/festejo-borja-eliminacion-boca_0_MABlwmyKsg.html\" target=\"_self\" title=\"felicit\u00f3 a Enzo P\u00e9rez en Instagram\" alt=\"felicit\u00f3 a Enzo P\u00e9rez en Instagram\" rel=\"noopener noreferrer\">felicit\u00f3 a Enzo P\u00e9rez en Instagram<\/a>), <strong>Borja tambi\u00e9n dio muestras de liderazgo afuera de la cancha<\/strong>. Subsanado ese peque\u00f1o enojo porque <strong>Demichelis <\/strong>le hab\u00eda sacado al plantel un fin de semana que iba a ser libre despu\u00e9s del 0-4 en el amistoso contra Independiente Rivadavia, con sus <strong>abrazos al DT en varios festejos de gol demostr\u00f3 que es un referente positivo<\/strong>. Incluso, hasta p\u00fablicamente se elogiaron: de \u00abme da confianza, lo escucho\u00bb a \u00abMiguel adentro del \u00e1rea es letal\u00bb.<\/p>\n<\/div>\n<div class=\"custom-text \" readability=\"36\">\n<p>S\u00ed Micho, adentro del \u00e1rea es letal. Y en esta Copa de la Liga, en la que marc\u00f3 m\u00e1s goles que nadie en la historia del torneo, <strong>qued\u00f3 totalmente demostrado&#8230;<\/strong><\/p>\n<\/div>\n<p><h2><strong>Los goleadores de cada Copa de la Liga<\/strong><\/h2>\n<\/p>\n<p><h3><strong>Copa de la Liga 2023<\/strong><\/h3>\n<\/p>\n<div class=\"custom-text \">\n<ul>\n<li>L. Passerini &#8211; 10 goles<\/li>\n<li>L. Gondou &#8211; 9 goles<\/li>\n<li>A. Bareiro y M. Merentiel &#8211; 7 goles<\/li>\n<\/ul>\n<\/div>\n<p><h3><strong>Copa de la Liga 2022<\/strong><\/h3>\n<\/p>\n<div class=\"custom-text \">\n<ul>\n<li>M. Boselli &#8211; 10 goles<\/li>\n<li>M. Cauteruccio &#8211; 9 goles<\/li>\n<li>J. \u00c1lvarez, C. Tarragona y E. Copetti &#8211; 8 goles<\/li>\n<\/ul>\n<\/div>\n<p><h3><strong>Copa de la Liga 2021<\/strong><\/h3>\n<\/p>\n<div class=\"custom-text \">\n<ul>\n<li>Pulga Rodr\u00edguez y R. Borr\u00e9 &#8211; 8 goles<\/li>\n<li>\ufeffA. Lotti &#8211; 7 goles<\/li>\n<\/ul>\n<\/div>\n<p><h3><strong>Copa Maradona 2020<\/strong><\/h3>\n<\/p>\n<div class=\"custom-text \">\n<ul>\n<li>R. \u00c1bila, M. Merentiel y Pulga Rodr\u00edguez &#8211; 6 goles<\/li>\n<\/ul>\n<\/div>\n<p><h3><strong>Copa de la Superliga 2019<\/strong><\/h3>\n<\/p>\n<div class=\"custom-text \">\n<ul>\n<li>J. Toledo &#8211; 6 goles<\/li>\n<li>S. Silva &#8211; 4 goles<\/li>\n<\/ul>\n<\/div>\n<div class=\"sc-a7166897-0 exHLBh\" readability=\"6\">\n<section readability=\"2\"><picture><img alt=\"Mercado de River: &quot;Muniain no es un jugador para descartar&quot;\" src=\"http:\/\/hoycordobaweb.com\/wp-content\/uploads\/2024\/05\/por-que-borja-hizo-historia-con-sus-13-goles-en-la-copa-de-la-liga-2.jpg\" width=\"290\" height=\"290\" decoding=\"async\" data-nimg=\"future\" loading=\"lazy\"><\/picture>\n<p><span>Mir\u00e1 tambi\u00e9n<\/span><\/p>\n<hr>\n<h3>Mercado de River: \u00abMuniain no es un jugador para descartar\u00bb<\/h3>\n<\/p>\n<\/section>\n<\/div>\n<div class=\"sc-a7166897-0 exHLBh\" readability=\"6\">\n<section readability=\"2\"><picture><img alt=\"Atento River: amistoso confirmado y el plan que eval\u00faa Demichelis\" src=\"http:\/\/hoycordobaweb.com\/wp-content\/uploads\/2024\/05\/por-que-borja-hizo-historia-con-sus-13-goles-en-la-copa-de-la-liga-3.jpg\" width=\"290\" height=\"290\" decoding=\"async\" data-nimg=\"future\" loading=\"lazy\"><\/picture>\n<p><span>Mir\u00e1 tambi\u00e9n<\/span><\/p>\n<hr>\n<h3>Atento River: amistoso confirmado y el plan que eval\u00faa Demichelis<\/h3>\n<\/p>\n<\/section>\n<\/div>\n<div class=\"sc-a7166897-0 exHLBh\" readability=\"6\">\n<section readability=\"2\"><picture><img alt=\"El repost de la esposa de Enzo P\u00e9rez: &quot;Se ten\u00eda que retirar en River...&quot;\" src=\"http:\/\/hoycordobaweb.com\/wp-content\/uploads\/2024\/05\/por-que-borja-hizo-historia-con-sus-13-goles-en-la-copa-de-la-liga-4.jpg\" width=\"290\" height=\"290\" decoding=\"async\" data-nimg=\"future\" loading=\"lazy\"><\/picture>\n<p><span>Mir\u00e1 tambi\u00e9n<\/span><\/p>\n<hr>\n<h3>El repost de la esposa de Enzo P\u00e9rez: \u00abSe ten\u00eda que retirar en River&#8230;\u00bb<\/h3>\n<\/p>\n<\/section>\n<\/div>\n<div class=\"sc-a7166897-0 exHLBh\" readability=\"6\">\n<section readability=\"2\"><picture><img alt=\"La felicitaci\u00f3n (con chicana) de D'Onofrio a Enzo P\u00e9rez por haber eliminado a Boca\" src=\"http:\/\/hoycordobaweb.com\/wp-content\/uploads\/2024\/05\/por-que-borja-hizo-historia-con-sus-13-goles-en-la-copa-de-la-liga-5.jpg\" width=\"290\" height=\"290\" decoding=\"async\" data-nimg=\"future\" loading=\"lazy\"><\/picture>\n<p><span>Mir\u00e1 tambi\u00e9n<\/span><\/p>\n<hr>\n<h3>La felicitaci\u00f3n (con chicana) de D&#8217;Onofrio a Enzo P\u00e9rez por haber eliminado a Boca<\/h3>\n<\/p>\n<\/section>\n<\/div>\n<\/div>\n","protected":false},"excerpt":{"rendered":"<p>01\/05\/2024 15:54hs. Cuando Rond\u00f3n se fue al Pachuca y en River empezaron a buscar un delantero por pedido de Demichelis para suplantarlo (hubo negociaciones sin \u00e9xito por Borr\u00e9, Alario y Jos\u00e9 L\u00f3pez, adem\u00e1s de un Luciano Rodr\u00edguez que eventualmente puede jugar ah\u00ed), Miguel Borja no imaginaba que apenas algunos meses despu\u00e9s sus 13 goles a [&hellip;]<\/p>\n","protected":false},"author":1,"featured_media":76916,"comment_status":"open","ping_status":"closed","sticky":false,"template":"","format":"standard","meta":[],"categories":[16],"tags":[],"_links":{"self":[{"href":"http:\/\/hoycordobaweb.com\/index.php\/wp-json\/wp\/v2\/posts\/76915"}],"collection":[{"href":"http:\/\/hoycordobaweb.com\/index.php\/wp-json\/wp\/v2\/posts"}],"about":[{"href":"http:\/\/hoycordobaweb.com\/index.php\/wp-json\/wp\/v2\/types\/post"}],"author":[{"embeddable":true,"href":"http:\/\/hoycordobaweb.com\/index.php\/wp-json\/wp\/v2\/users\/1"}],"replies":[{"embeddable":true,"href":"http:\/\/hoycordobaweb.com\/index.php\/wp-json\/wp\/v2\/comments?post=76915"}],"version-history":[{"count":0,"href":"http:\/\/hoycordobaweb.com\/index.php\/wp-json\/wp\/v2\/posts\/76915\/revisions"}],"wp:featuredmedia":[{"embeddable":true,"href":"http:\/\/hoycordobaweb.com\/index.php\/wp-json\/wp\/v2\/media\/76916"}],"wp:attachment":[{"href":"http:\/\/hoycordobaweb.com\/index.php\/wp-json\/wp\/v2\/media?parent=76915"}],"wp:term":[{"taxonomy":"category","embeddable":true,"href":"http:\/\/hoycordobaweb.com\/index.php\/wp-json\/wp\/v2\/categories?post=76915"},{"taxonomy":"post_tag","embeddable":true,"href":"http:\/\/hoycordobaweb.com\/index.php\/wp-json\/wp\/v2\/tags?post=76915"}],"curies":[{"name":"wp","href":"https:\/\/api.w.org\/{rel}","templated":true}]}}