{"id":76896,"date":"2024-04-26T18:37:26","date_gmt":"2024-04-26T18:37:26","guid":{"rendered":"https:\/\/ambiente.cba.gov.ar\/?p=22829"},"modified":"2024-04-26T18:37:26","modified_gmt":"2024-04-26T18:37:26","slug":"eventos-sustentables-el-festival-de-villa-maria-midio-su-huella-de-carbono","status":"publish","type":"post","link":"http:\/\/hoycordobaweb.com\/index.php\/2024\/04\/26\/eventos-sustentables-el-festival-de-villa-maria-midio-su-huella-de-carbono\/","title":{"rendered":"Eventos sustentables: el Festival de Villa Mar\u00eda midi\u00f3 su huella de carbono"},"content":{"rendered":"<ul>\n<li><strong>El c\u00e1lculo le permite conocer su impacto ambiental e identificar oportunidades de mejora para las pr\u00f3ximas ediciones.<\/strong><\/li>\n<li><strong>En la costanera de Villa Mar\u00eda, se inaugur\u00f3 un bosque de bolsillo, como parte de las acciones de compensaci\u00f3n.<\/strong><\/li>\n<\/ul>\n<p>La ministra de Ambiente y Econom\u00eda Circular, Victoria Flores,&nbsp; entreg\u00f3 al intendente de Villa Mar\u00eda, Eduardo Accastello, el Certificado de Inscripci\u00f3n en el Registro de Huella de Carbono, a partir del c\u00e1lculo de emisiones que realiz\u00f3 en el marco del Festival de Pe\u00f1as 2024.<\/p>\n<p>La medici\u00f3n de la huella de carbono permite a los organizadores del evento, adem\u00e1s de conocer su impacto ambiental, identificar oportunidades de mejora para las pr\u00f3ximas ediciones del evento, en relaci\u00f3n a la gesti\u00f3n de residuos o la eficiencia energ\u00e9tica, entre otras medidas.<\/p>\n<p>En este sentido, la ministra destac\u00f3: \u00ab<em>Desde la provincia de C\u00f3rdoba queremos ser pioneros y protagonistas en impulsar la medici\u00f3n de la huella de carbono, en todos los sectores. Que se haya realizado en el Festival de Pe\u00f1as, un evento tan representativo de nuestra provincia y que atrae a tanto turismo, es una gran noticia para todos los cordobeses<\/em>.\u201d<\/p>\n<p>\u201c<em>Vamos a seguir desarrollando pol\u00edticas y acciones de mitigaci\u00f3n y compensaci\u00f3n, convocando a los diferentes actores de la sociedad, para continuar en este camino<\/em>\u201d, agreg\u00f3 la funcionaria.<\/p>\n<div id=\"gallery-1\" class=\"gallery galleryid-22829 gallery-columns-2 gallery-size-full\">\n<figure class=\"gallery-item\">\n<div class=\"gallery-icon landscape\"> <a href=\"https:\/\/ambiente.cba.gov.ar\/eventos-sustentables-el-festival-de-villa-maria-midio-su-huella-de-carbono\/villa-maria-1\/\"><img width=\"1200\" height=\"600\" src=\"http:\/\/hoycordobaweb.com\/wp-content\/uploads\/2024\/05\/eventos-sustentables-el-festival-de-villa-maria-midio-su-huella-de-carbono.jpg\" class=\"attachment-full size-full\" alt loading=\"lazy\"><\/a> <\/div>\n<\/figure>\n<figure class=\"gallery-item\">\n<div class=\"gallery-icon landscape\"> <a href=\"https:\/\/ambiente.cba.gov.ar\/eventos-sustentables-el-festival-de-villa-maria-midio-su-huella-de-carbono\/villa-maria-2\/\"><img width=\"1200\" height=\"600\" src=\"http:\/\/hoycordobaweb.com\/wp-content\/uploads\/2024\/05\/eventos-sustentables-el-festival-de-villa-maria-midio-su-huella-de-carbono-1.jpg\" class=\"attachment-full size-full\" alt loading=\"lazy\"><\/a> <\/div>\n<\/figure><\/div>\n<p>En el marco de las acciones que se realizan para compensar la huella generada, se realiz\u00f3 la creaci\u00f3n de un bosque de bolsillo en la costanera de Villa Mar\u00eda, donde se colocaron 70 \u00e1rboles y arbustos nativos, incluyendo algarrobos, cina cina, tala, sen del campo, y manzano del campo, entre otros.<\/p>\n<p>En total, se plantar\u00e1n 4000 \u00e1rboles nativos en distintos puntos de la ciudad.<\/p>\n<p><strong>M\u00e1s acciones sostenibles<\/strong><\/p>\n<p>El c\u00e1lculo de la huella de carbono se realiz\u00f3 dentro de una serie de acciones implementadas para que el Festival de Pe\u00f1as sea un evento sustentable. Entre estas, se encuentra el stand \u201cFuturo C\u00f3rdoba Sostenible\u201d que instal\u00f3 la cartera ambiental, donde se realizaron campa\u00f1as de concientizaci\u00f3n sobre el cambio clim\u00e1tico, econom\u00eda circular y transici\u00f3n energ\u00e9tica.<\/p>\n<p><img loading=\"lazy\" class=\"alignnone size-full wp-image-22832\" src=\"http:\/\/hoycordobaweb.com\/wp-content\/uploads\/2024\/05\/eventos-sustentables-el-festival-de-villa-maria-midio-su-huella-de-carbono-2.jpg\" alt width=\"1200\" height=\"600\"><\/p>\n<p>Adem\u00e1s, el Ministerio de Ambiente y Econom\u00eda Circular firm\u00f3 convenios con el Ministerio de Infraestructura y Servicios P\u00fablicos, los gobiernos locales, y el sector privado, para gestionar los residuos org\u00e1nicos que se generen durante el evento.<\/p>\n<p>A partir de esta medida, los desechos generados fueron trasladados a establecimientos que los convirtieron en biog\u00e1s, energ\u00eda el\u00e9ctrica y biofertilizante.<\/p>\n","protected":false},"excerpt":{"rendered":"<p>El c\u00e1lculo le permite conocer su impacto ambiental e identificar oportunidades de mejora para las pr\u00f3ximas ediciones. En la costanera de Villa Mar\u00eda, se inaugur\u00f3 un bosque de bolsillo, como parte de las acciones de compensaci\u00f3n. La ministra de Ambiente y Econom\u00eda Circular, Victoria Flores,&nbsp; entreg\u00f3 al intendente de Villa Mar\u00eda, Eduardo Accastello, el Certificado [&hellip;]<\/p>\n","protected":false},"author":1,"featured_media":76897,"comment_status":"closed","ping_status":"closed","sticky":false,"template":"","format":"standard","meta":[],"categories":[2,19],"tags":[],"_links":{"self":[{"href":"http:\/\/hoycordobaweb.com\/index.php\/wp-json\/wp\/v2\/posts\/76896"}],"collection":[{"href":"http:\/\/hoycordobaweb.com\/index.php\/wp-json\/wp\/v2\/posts"}],"about":[{"href":"http:\/\/hoycordobaweb.com\/index.php\/wp-json\/wp\/v2\/types\/post"}],"author":[{"embeddable":true,"href":"http:\/\/hoycordobaweb.com\/index.php\/wp-json\/wp\/v2\/users\/1"}],"replies":[{"embeddable":true,"href":"http:\/\/hoycordobaweb.com\/index.php\/wp-json\/wp\/v2\/comments?post=76896"}],"version-history":[{"count":0,"href":"http:\/\/hoycordobaweb.com\/index.php\/wp-json\/wp\/v2\/posts\/76896\/revisions"}],"wp:featuredmedia":[{"embeddable":true,"href":"http:\/\/hoycordobaweb.com\/index.php\/wp-json\/wp\/v2\/media\/76897"}],"wp:attachment":[{"href":"http:\/\/hoycordobaweb.com\/index.php\/wp-json\/wp\/v2\/media?parent=76896"}],"wp:term":[{"taxonomy":"category","embeddable":true,"href":"http:\/\/hoycordobaweb.com\/index.php\/wp-json\/wp\/v2\/categories?post=76896"},{"taxonomy":"post_tag","embeddable":true,"href":"http:\/\/hoycordobaweb.com\/index.php\/wp-json\/wp\/v2\/tags?post=76896"}],"curies":[{"name":"wp","href":"https:\/\/api.w.org\/{rel}","templated":true}]}}