{"id":76890,"date":"2024-05-01T20:34:22","date_gmt":"2024-05-01T20:34:22","guid":{"rendered":"https:\/\/www.trendencias.com\/viajes\/vivi-10-anos-cataluna-prefiero-mil-veces-este-pueblo-costero-tarragona-a-costa-brava"},"modified":"2024-05-01T20:34:22","modified_gmt":"2024-05-01T20:34:22","slug":"vivi-10-anos-en-cataluna-y-prefiero-mil-veces-este-pueblo-costero-de-tarragona-a-la-costa-brava","status":"publish","type":"post","link":"http:\/\/hoycordobaweb.com\/index.php\/2024\/05\/01\/vivi-10-anos-en-cataluna-y-prefiero-mil-veces-este-pueblo-costero-de-tarragona-a-la-costa-brava\/","title":{"rendered":"Viv\u00ed 10 a\u00f1os en Catalu\u00f1a y prefiero mil veces este pueblo costero de Tarragona a la Costa Brava"},"content":{"rendered":"<p>A pesar de que la Costa Brava se lleva toda la fama, <strong>viv\u00ed casi una d\u00e9cada en Catalu\u00f1a y siempre prefer\u00ed la costa de Tarragona<\/strong>. Supongo que es algo que va en gustos pero poco se habla de que, si prefieres las playas planas de arena a los acantilados y la piedra, probablemente te gusten m\u00e1s los ba\u00f1os que ofrece el sur de esta comunidad aut\u00f3noma. As\u00ed que, si este es tu caso o t\u00fa tambi\u00e9n te has cansado de lo masificado que se pone <a href=\"https:\/\/www.trendencias.com\/viajes\/pueblo-costero-bonito-cataluna-esta-villa-pesquera-a-solo-dos-horas-media-barcelona-1\">Cadaqu\u00e9s<\/a> y alrededores con el buen tiempo, vengo a descubrirte Altafulla.<\/p>\n<p><!-- BREAK 1 --> <\/p>\n<div class=\"article-asset article-asset-normal article-asset-center\">\n<div class=\"desvio-container\">\n<div class=\"desvio\">\n<div class=\"desvio-figure js-desvio-figure\"> <a href=\"https:\/\/www.trendencias.com\/viajes\/san-sebastian-granada-sitio-espana-que-mejor-se-come-esta-castilla-mancha-national-geographic\"> <img loading=\"lazy\" alt=\"Ni San Sebasti\u00e1n ni Granada: el sitio de Espa\u00f1a en el que mejor se come est\u00e1 en Castilla-La Mancha, seg\u00fan National Geographic \" width=\"375\" height=\"142\" src=\"http:\/\/hoycordobaweb.com\/wp-content\/uploads\/2024\/05\/vivi-10-anos-en-cataluna-y-prefiero-mil-veces-este-pueblo-costero-de-tarragona-a-la-costa-brava.jpg\"> <\/a> <\/div><\/div><\/div>\n<\/div>\n<p>Como un oasis entre el cintur\u00f3n urbano de Barcelona y \u200b\u200bTarragona y el turismo de masas de la Costa Dorada, se abre paso Altafulla. Dividida entre el mar y la monta\u00f1a, es una villa bien conservada y respetuosa con su entorno protegido, y que cuenta con un clima suave y c\u00e1lido. Siendo as\u00ed, sus principales atractivos son su gente, la playa y el sol. Pero, tambi\u00e9n, <strong>la tranquilidad de su entorno natural.<\/strong><\/p>\n<p><!-- BREAK 2 --><\/p>\n<p>Aunque Altafulla tiene un pasado romano relacionado con la fundaci\u00f3n de Tarraco, &nbsp;<strong>es m\u00e1s famosa por su n\u00facleo medieval amurallado<\/strong>: Vila Closa, que est\u00e1 declarado Bien Cultural de Inter\u00e9s Nacional. Su patrimonio hist\u00f3rico art\u00edstico lo constituyen un castillo medieval (fortaleza del a\u00f1o 1059), la iglesia de Sant Mart\u00ed, algunos restos de murallas y la casa consistorial.<\/p>\n<p><!-- BREAK 3 --> <\/p>\n<div class=\"article-asset-image article-asset-normal article-asset-center\">\n<div class=\"asset-content\">\n<div class=\"caption-img \"> <a rel=\"noopener, noreferrer\" href=\"https:\/\/www.deviantart.com\/marcgc\/art\/Carrer-del-Forn-Altafulla-Catalonia-872382615\"> <img class=\"centro_sinmarco\" height=\"855\" width=\"1280\" loading=\"lazy\" decoding=\"async\" sizes=\"100vw\" fetchpriority=\"high\" srcset=\"http:\/\/hoycordobaweb.com\/wp-content\/uploads\/2024\/05\/vivi-10-anos-en-cataluna-y-prefiero-mil-veces-este-pueblo-costero-de-tarragona-a-la-costa-brava-1.jpg 450w, http:\/\/hoycordobaweb.com\/wp-content\/uploads\/2024\/05\/vivi-10-anos-en-cataluna-y-prefiero-mil-veces-este-pueblo-costero-de-tarragona-a-la-costa-brava-5.jpg 681w, http:\/\/hoycordobaweb.com\/wp-content\/uploads\/2024\/05\/vivi-10-anos-en-cataluna-y-prefiero-mil-veces-este-pueblo-costero-de-tarragona-a-la-costa-brava-6.jpg 1024w, http:\/\/hoycordobaweb.com\/wp-content\/uploads\/2024\/05\/vivi-10-anos-en-cataluna-y-prefiero-mil-veces-este-pueblo-costero-de-tarragona-a-la-costa-brava-7.jpg 1366w\" src=\"http:\/\/hoycordobaweb.com\/wp-content\/uploads\/2024\/05\/vivi-10-anos-en-cataluna-y-prefiero-mil-veces-este-pueblo-costero-de-tarragona-a-la-costa-brava-1.jpg\" alt=\"Carrer Del Forn Altafulla Catalonia By Marcgc Defe6qf Fullview\"> <noscript><img alt=\"Carrer Del Forn Altafulla Catalonia By Marcgc Defe6qf Fullview\" class=\"centro_sinmarco\" src=\"http:\/\/hoycordobaweb.com\/wp-content\/uploads\/2024\/05\/vivi-10-anos-en-cataluna-y-prefiero-mil-veces-este-pueblo-costero-de-tarragona-a-la-costa-brava-1.jpg\"><\/noscript> <\/a> <span>MarcGC<\/span> <\/div><\/div>\n<\/div>\n<p>Tambi\u00e9n merece la pena destacar la ermita de Sant Antoni y <strong>el barrio marinero Les Botigues de Mar<\/strong>, donde se construyeron alineados frente al mar, peque\u00f1os almacenes para los pescadores que ahora son viviendas. No obstante, resulta muy recomendable visitar <strong>la Vila Romana de Els Munts<\/strong>, que forma parte del conjunto arqueol\u00f3gico de la Tarraco Romana, declarada Patrimonio de la Humanidad.<\/p>\n<p><!-- BREAK 4 --><\/p>\n<p>De este modo, Altafulla es un destino con personalidad propia dentro de la Costa Dorada y del Mediterr\u00e1neo. Es un pueblo marinero lleno de cientos de a\u00f1os de una historia que continu\u00f3 m\u00e1s all\u00e1 del per\u00edmetro medieval del recinto amurallado que rodeaba el castillo de Altafulla. Este fue superado con el crecimiento urban\u00edstico de los siglos XVII y XVIII, <strong>cuando el pueblo se expandi\u00f3 hacia el mar.<\/strong><\/p>\n<p><!-- BREAK 5 --><\/p>\n<div class=\"article-asset-image article-asset-normal article-asset-center\">\n<div class=\"asset-content\">\n<div class=\"caption-img \"> <a rel=\"noopener, noreferrer\" href=\"https:\/\/commons.wikimedia.org\/wiki\/File:Vista_del_Castell_de_Tamarit_des_de_la_platja_d%27Altafulla.jpg\"> <img class=\"centro_sinmarco\" height=\"900\" width=\"600\" loading=\"lazy\" decoding=\"async\" sizes=\"100vw\" fetchpriority=\"high\" srcset=\"http:\/\/hoycordobaweb.com\/wp-content\/uploads\/2024\/05\/vivi-10-anos-en-cataluna-y-prefiero-mil-veces-este-pueblo-costero-de-tarragona-a-la-costa-brava-2.jpg 450w, http:\/\/hoycordobaweb.com\/wp-content\/uploads\/2024\/05\/vivi-10-anos-en-cataluna-y-prefiero-mil-veces-este-pueblo-costero-de-tarragona-a-la-costa-brava-8.jpg 681w, http:\/\/hoycordobaweb.com\/wp-content\/uploads\/2024\/05\/vivi-10-anos-en-cataluna-y-prefiero-mil-veces-este-pueblo-costero-de-tarragona-a-la-costa-brava-9.jpg 1024w, http:\/\/hoycordobaweb.com\/wp-content\/uploads\/2024\/05\/vivi-10-anos-en-cataluna-y-prefiero-mil-veces-este-pueblo-costero-de-tarragona-a-la-costa-brava-10.jpg 1366w\" src=\"http:\/\/hoycordobaweb.com\/wp-content\/uploads\/2024\/05\/vivi-10-anos-en-cataluna-y-prefiero-mil-veces-este-pueblo-costero-de-tarragona-a-la-costa-brava-2.jpg\" alt=\"Vista Del Castell De Tamarit Des De La Platja D Altafulla\"> <noscript><img alt=\"Vista Del Castell De Tamarit Des De La Platja D Altafulla\" class=\"centro_sinmarco\" src=\"http:\/\/hoycordobaweb.com\/wp-content\/uploads\/2024\/05\/vivi-10-anos-en-cataluna-y-prefiero-mil-veces-este-pueblo-costero-de-tarragona-a-la-costa-brava-2.jpg\"><\/noscript> <\/a> <span>xavi lopez<\/span> <\/div><\/div>\n<\/div>\n<p>Mirando hacia el mar, en el actual barrio mar\u00edtimo, las calles ya no est\u00e1n marcadas por la pendiente y son ya m\u00e1s anchas, paralelas a la V\u00eda Augusta. Se trata de una villa rica y pr\u00f3spera con casas se\u00f1oriales localizadas principalmente en el paseo de <strong>Botigues de Mar<\/strong>, que <a rel=\"noopener, noreferrer\" href=\"https:\/\/viajes.nationalgeographic.com.es\/a\/pueblo-tarragona-que-presume-castillo-restos-romanos-mucha-brujeria_20167\">&#8216;National Geographic&#8217; declara uno de los m\u00e1s bonitos de toda Catalu\u00f1a<\/a>.<\/p>\n<p><!-- BREAK 6 --> <\/p>\n<p>Sin embargo, si hay algo por lo que es famosa la localidad es por <strong>sus leyendas sobre brujas<\/strong> que se cuenta que sal\u00edan de sus casas en la Vila Closa por las noches para dirigirse a la playa, donde practicaban su rituales.<\/p>\n<p><!-- BREAK 7 --><\/p>\n<div class=\"article-asset-image article-asset-normal article-asset-center\">\n<div class=\"asset-content\">\n<div class=\"caption-img \"> <a rel=\"noopener, noreferrer\" href=\"https:\/\/www.flickr.com\/photos\/felix2510\/2813863531\"> <img class=\"centro_sinmarco\" height=\"1536\" width=\"2048\" loading=\"lazy\" decoding=\"async\" sizes=\"100vw\" fetchpriority=\"high\" srcset=\"http:\/\/hoycordobaweb.com\/wp-content\/uploads\/2024\/05\/vivi-10-anos-en-cataluna-y-prefiero-mil-veces-este-pueblo-costero-de-tarragona-a-la-costa-brava-3.jpg 450w, http:\/\/hoycordobaweb.com\/wp-content\/uploads\/2024\/05\/vivi-10-anos-en-cataluna-y-prefiero-mil-veces-este-pueblo-costero-de-tarragona-a-la-costa-brava-11.jpg 681w, http:\/\/hoycordobaweb.com\/wp-content\/uploads\/2024\/05\/vivi-10-anos-en-cataluna-y-prefiero-mil-veces-este-pueblo-costero-de-tarragona-a-la-costa-brava-12.jpg 1024w, http:\/\/hoycordobaweb.com\/wp-content\/uploads\/2024\/05\/vivi-10-anos-en-cataluna-y-prefiero-mil-veces-este-pueblo-costero-de-tarragona-a-la-costa-brava-13.jpg 1366w\" src=\"http:\/\/hoycordobaweb.com\/wp-content\/uploads\/2024\/05\/vivi-10-anos-en-cataluna-y-prefiero-mil-veces-este-pueblo-costero-de-tarragona-a-la-costa-brava-3.jpg\" alt=\"Altafulla\"> <noscript><img alt=\"Altafulla\" class=\"centro_sinmarco\" src=\"http:\/\/hoycordobaweb.com\/wp-content\/uploads\/2024\/05\/vivi-10-anos-en-cataluna-y-prefiero-mil-veces-este-pueblo-costero-de-tarragona-a-la-costa-brava-3.jpg\"><\/noscript> <\/a> <span>F\u00e8lix Gonz\u00e1lez<\/span> <\/div><\/div>\n<\/div>\n<p>Son muchas las historias sobre brujer\u00eda que la tradici\u00f3n oral<strong> <\/strong>ha preservado y que pueden conocerse en distintos lugares del pueblo, como la Plaza del Pou, la Vil\u00b7la dels Munts, la iglesia o la playa. De hecho, a finales de junio,<strong> todos los a\u00f1os se celebra la \u00abNit de Bruixes\u00bb <\/strong>con \u00abcorrefocs\u00bb, baile, talleres, rituales y hasta un mercado esot\u00e9rico.<\/p>\n<p><!-- BREAK 8 --><\/p>\n<p>Foto de portada | <a rel=\"noopener, noreferrer\" href=\"https:\/\/www.flickr.com\/photos\/felix2510\/\" data-id=\"author\">F\u00e8lix Gonz\u00e1lez<\/a><\/p>\n<p><!-- BREAK 9 --><\/p>\n<p>En Trendencias | <a href=\"https:\/\/www.trendencias.com\/viajes\/27-escapadas-espana-para-hacer-pareja-que-quiza-no-habias-pensado\">Las 32 escapadas rom\u00e1nticas por Espa\u00f1a para hacer en pareja en las que quiz\u00e1 no hab\u00edas pensado<\/a><\/p>\n<p><!-- BREAK 10 --> <\/p>\n","protected":false},"excerpt":{"rendered":"<p>A pesar de que la Costa Brava se lleva toda la fama, viv\u00ed casi una d\u00e9cada en Catalu\u00f1a y siempre prefer\u00ed la costa de Tarragona. Supongo que es algo que va en gustos pero poco se habla de que, si prefieres las playas planas de arena a los acantilados y la piedra, probablemente te gusten [&hellip;]<\/p>\n","protected":false},"author":1,"featured_media":76891,"comment_status":"closed","ping_status":"closed","sticky":false,"template":"","format":"standard","meta":[],"categories":[],"tags":[],"_links":{"self":[{"href":"http:\/\/hoycordobaweb.com\/index.php\/wp-json\/wp\/v2\/posts\/76890"}],"collection":[{"href":"http:\/\/hoycordobaweb.com\/index.php\/wp-json\/wp\/v2\/posts"}],"about":[{"href":"http:\/\/hoycordobaweb.com\/index.php\/wp-json\/wp\/v2\/types\/post"}],"author":[{"embeddable":true,"href":"http:\/\/hoycordobaweb.com\/index.php\/wp-json\/wp\/v2\/users\/1"}],"replies":[{"embeddable":true,"href":"http:\/\/hoycordobaweb.com\/index.php\/wp-json\/wp\/v2\/comments?post=76890"}],"version-history":[{"count":0,"href":"http:\/\/hoycordobaweb.com\/index.php\/wp-json\/wp\/v2\/posts\/76890\/revisions"}],"wp:featuredmedia":[{"embeddable":true,"href":"http:\/\/hoycordobaweb.com\/index.php\/wp-json\/wp\/v2\/media\/76891"}],"wp:attachment":[{"href":"http:\/\/hoycordobaweb.com\/index.php\/wp-json\/wp\/v2\/media?parent=76890"}],"wp:term":[{"taxonomy":"category","embeddable":true,"href":"http:\/\/hoycordobaweb.com\/index.php\/wp-json\/wp\/v2\/categories?post=76890"},{"taxonomy":"post_tag","embeddable":true,"href":"http:\/\/hoycordobaweb.com\/index.php\/wp-json\/wp\/v2\/tags?post=76890"}],"curies":[{"name":"wp","href":"https:\/\/api.w.org\/{rel}","templated":true}]}}