{"id":7688,"date":"2020-12-16T16:54:00","date_gmt":"2020-12-16T16:54:00","guid":{"rendered":"http:\/\/hoycordobaweb.com\/index.php\/2020\/12\/16\/bomberos-de-cinco-partidos-del-conurbano-siguen-trabajando-en-el-incendio-de-una-fabrica\/"},"modified":"2020-12-16T16:54:00","modified_gmt":"2020-12-16T16:54:00","slug":"bomberos-de-cinco-partidos-del-conurbano-siguen-trabajando-en-el-incendio-de-una-fabrica","status":"publish","type":"post","link":"http:\/\/hoycordobaweb.com\/index.php\/2020\/12\/16\/bomberos-de-cinco-partidos-del-conurbano-siguen-trabajando-en-el-incendio-de-una-fabrica\/","title":{"rendered":"Bomberos de cinco partidos del conurbano siguen trabajando en el incendio de una f\u00e1brica"},"content":{"rendered":"<p><img src=\"http:\/\/hoycordobaweb.com\/wp-content\/uploads\/2020\/12\/bomberos-de-cinco-partidos-del-conurbano-siguen-trabajando-en-el-incendio-de-una-fabrica.jpg\"> Mas de diez dotaciones de bomberos de cinco partidos contin\u00faan trabajando en el incendio de la f\u00e1brica de pinturas&nbsp; en la localidad bonaerense de Loma Hermosa, y en el que resultaron heridos dos empleados.<\/p>\n<div class=\"image\" id=\"image\" readability=\"7\"> <img src=\"http:\/\/hoycordobaweb.com\/wp-content\/uploads\/2020\/12\/bomberos-de-cinco-partidos-del-conurbano-siguen-trabajando-en-el-incendio-de-una-fabrica-2.jpg\" alt=\"Debido al siniestro &quot;fueron evacuados los vecinos de un barrio humilde lindero al edificio&quot;\" title=\"Debido al siniestro &quot;fueron evacuados los vecinos de un barrio humilde lindero al edificio&quot;\"><\/p>\n<p>Debido al siniestro \u00abfueron evacuados los vecinos de un barrio humilde lindero al edificio\u00bb<\/p>\n<\/div>\n<p><strong>Seg\u00fan confirm\u00f3 Diego Valenzuela, intendente de Tres de Febrero, donde se encuentra ubicada la f\u00e1brica SABA, al lugar asistieron bomberos de San Mart\u00edn, Hurlingham, San Isidro y Mor\u00f3n, a los que se sumaron tambi\u00e9n agentes del SAME y de Defensa Civil.<\/strong><\/p>\n<p>La llegada de los bomberos fue aplaudida por los vecinos que a la distancia observaban las llamas que sal\u00edan de la f\u00e1brica, enclavada en medio de un barrio residencial y rodeada por casas particulares.<\/p>\n<p>En declaraciones a TN, Valenzuela asegur\u00f3 que <strong>\u00ablos bomberos tienen contenido el incendio\u00bb <\/strong>y agreg\u00f3 que<strong> \u00abhay operarios heridos que est\u00e1n siendo atendidos en estos momentos\u00bb.<\/strong><\/p>\n<p>Fuentes de Bomberos y policiales confirmaron a T\u00e9lam que dos empleados de la f\u00e1brica de pinturas y disolventes resultaron heridos con quemaduras y fueron trasladados al Hospital Bocalandro, ubicado en la misma localidad.<\/p>\n<p><strong>Valenzuela confirm\u00f3 que fueron evacuados los vecinos de la zona, donde adem\u00e1s se cort\u00f3 el gas y la electricidad por precauci\u00f3n.<\/strong><\/p>\n<p>Inicio del siniestro<\/p>\n<p>El incendio se inici\u00f3 aproximadamente a las 9 en la f\u00e1brica SABA, ubicada en la calle Churruca 9442, entre Lamadrid y Berl\u00edn, donde hay un dep\u00f3sito que ocupa un tercio de la cuadra y hasta la mitad de la manzana.<\/p>\n<p>Debido al siniestro \u00abfueron evacuados los vecinos de un barrio humilde lindero al edificio\u00bb, inform\u00f3 al canal C5N uno de los bomberos a cargo del operativo, identificado como Carlos, quien dijo que \u00abse desconocen las causas\u00bb del siniestro.<\/p>\n<p>En principio, los primeros en llegar al lugar fueron efectivos del Comando de Patrullas de Tres de Febrero, quienes se encontraron con el due\u00f1o de la f\u00e1brica, Salvador Barilari, de 65 a\u00f1os, quien en ese momento se aprestaba a trasladar a los dos empleados heridos, indicaron las fuentes.<\/p>\n<p><strong>Seg\u00fan los bomberos, el humo negro y la dificultad en extinguir las llamas se deben a que en el lugar se acumula material inflamable, como lacas poliuret\u00e1nicas, nitrocelul\u00f3sicas, diluyentes, thinner, aguarr\u00e1s, selladores y barnices.<\/strong><\/p>\n<p>Ante la consulta de si la f\u00e1brica contaba con una habilitaci\u00f3n, Valenzuela respondi\u00f3 que todav\u00eda estaban verificando esos datos. \u00abEstamos tomando contacto con esa informaci\u00f3n y con la familia para saber tambi\u00e9n por donde deben ingresar los bomberos\u00bb.<\/p>\n<p>Vecinos de la zona contaron que se escucharon al menos cuatro explosiones y que la f\u00e1brica hab\u00eda comenzado a trabajar hac\u00eda un a\u00f1o. <\/p>\n","protected":false},"excerpt":{"rendered":"<p>Mas de diez dotaciones de bomberos de cinco partidos contin\u00faan trabajando en el incendio de la f\u00e1brica de pinturas&nbsp; en la localidad bonaerense de Loma Hermosa, y en el que resultaron heridos dos empleados. Debido al siniestro \u00abfueron evacuados los vecinos de un barrio humilde lindero al edificio\u00bb Seg\u00fan confirm\u00f3 Diego Valenzuela, intendente de Tres [&hellip;]<\/p>\n","protected":false},"author":1,"featured_media":7689,"comment_status":"open","ping_status":"closed","sticky":false,"template":"","format":"standard","meta":[],"categories":[19],"tags":[],"_links":{"self":[{"href":"http:\/\/hoycordobaweb.com\/index.php\/wp-json\/wp\/v2\/posts\/7688"}],"collection":[{"href":"http:\/\/hoycordobaweb.com\/index.php\/wp-json\/wp\/v2\/posts"}],"about":[{"href":"http:\/\/hoycordobaweb.com\/index.php\/wp-json\/wp\/v2\/types\/post"}],"author":[{"embeddable":true,"href":"http:\/\/hoycordobaweb.com\/index.php\/wp-json\/wp\/v2\/users\/1"}],"replies":[{"embeddable":true,"href":"http:\/\/hoycordobaweb.com\/index.php\/wp-json\/wp\/v2\/comments?post=7688"}],"version-history":[{"count":0,"href":"http:\/\/hoycordobaweb.com\/index.php\/wp-json\/wp\/v2\/posts\/7688\/revisions"}],"wp:featuredmedia":[{"embeddable":true,"href":"http:\/\/hoycordobaweb.com\/index.php\/wp-json\/wp\/v2\/media\/7689"}],"wp:attachment":[{"href":"http:\/\/hoycordobaweb.com\/index.php\/wp-json\/wp\/v2\/media?parent=7688"}],"wp:term":[{"taxonomy":"category","embeddable":true,"href":"http:\/\/hoycordobaweb.com\/index.php\/wp-json\/wp\/v2\/categories?post=7688"},{"taxonomy":"post_tag","embeddable":true,"href":"http:\/\/hoycordobaweb.com\/index.php\/wp-json\/wp\/v2\/tags?post=7688"}],"curies":[{"name":"wp","href":"https:\/\/api.w.org\/{rel}","templated":true}]}}