{"id":76774,"date":"2024-04-28T14:56:44","date_gmt":"2024-04-28T14:56:44","guid":{"rendered":"https:\/\/ladecimaweb.com\/?p=26540"},"modified":"2024-04-28T14:56:44","modified_gmt":"2024-04-28T14:56:44","slug":"detienen-a-un-nino-de-10-anos-por-elementos-robados-a-una-escuela","status":"publish","type":"post","link":"http:\/\/hoycordobaweb.com\/index.php\/2024\/04\/28\/detienen-a-un-nino-de-10-anos-por-elementos-robados-a-una-escuela\/","title":{"rendered":"Detienen a un ni\u00f1o de 10 a\u00f1os por elementos robados a una escuela"},"content":{"rendered":"<div class=\"boldgrid-section\">\n<div class=\"container\">\n<div class=\"row\">\n<div class=\"col-md-12 col-xs-12 col-sm-12\">\n<p class>En horas de la ma\u00f1ana, en calle Germania al 2600 de B\u00ba Yapey\u00fa, la Polic\u00eda de C\u00f3rdoba aprehendi\u00f3 a un menor de 10 a\u00f1os de edad, junto al secuestro de una carretilla con instrumentos musicales, seis tel\u00e9fonos celulares, varias notebooks, electrodom\u00e9sticos, entre otros elementos. Dicho individuo, momentos antes junto a otros j\u00f3venes que fugaron, hab\u00edan sustra\u00eddo estos elementos del interior del I.P.E.M N\u00ba5 &#8220;Gob. Amadeo Sabatini&#8221; luego de da\u00f1ar la puerta de ingreso. Posteriormente, el menor junto a los elementos secuestrados fue trasladado a sede policial puesto a disposici\u00f3n del magistrado interviniente.<\/p>\n<p>&nbsp;<\/p>\n<div class=\"ubm_banner\"><a href=\"https:\/\/www.cba.gov.ar\/llaryora-anuncio-creditos-a-municipios-y-comunas-por-20-mil-millones-para-compra-de-maquinaria-vial-y-automotores\/\" target=\"_blank\" rel=\"dofollow noopener noreferrer\"><img src=\"http:\/\/hoycordobaweb.com\/wp-content\/uploads\/2024\/04\/detienen-a-un-nino-de-10-anos-por-elementos-robados-a-una-escuela.gif\" width=\"900\" alt><\/a><\/div>\n<\/div>\n<\/div>\n<\/div>\n<\/div>\n<p>La entrada <a rel=\"nofollow\" href=\"https:\/\/ladecimaweb.com\/detienen-a-un-nino-de-10-anos-por-elementos-robados-a-una-escuela\/\">Detienen a un ni\u00f1o de 10 a\u00f1os por elementos robados a una escuela<\/a> se public\u00f3 primero en <a rel=\"nofollow\" href=\"https:\/\/ladecimaweb.com\">LaDecima<\/a>.<\/p>\n","protected":false},"excerpt":{"rendered":"<p>En horas de la ma\u00f1ana, en calle Germania al 2600 de B\u00ba Yapey\u00fa, la Polic\u00eda de C\u00f3rdoba aprehendi\u00f3 a un menor de 10 a\u00f1os de edad, junto al secuestro de una carretilla con instrumentos musicales, seis tel\u00e9fonos celulares, varias notebooks, electrodom\u00e9sticos, entre otros elementos. Dicho individuo, momentos antes junto a otros j\u00f3venes que fugaron, hab\u00edan [&hellip;]<\/p>\n","protected":false},"author":1,"featured_media":0,"comment_status":"closed","ping_status":"closed","sticky":false,"template":"","format":"standard","meta":[],"categories":[32],"tags":[],"_links":{"self":[{"href":"http:\/\/hoycordobaweb.com\/index.php\/wp-json\/wp\/v2\/posts\/76774"}],"collection":[{"href":"http:\/\/hoycordobaweb.com\/index.php\/wp-json\/wp\/v2\/posts"}],"about":[{"href":"http:\/\/hoycordobaweb.com\/index.php\/wp-json\/wp\/v2\/types\/post"}],"author":[{"embeddable":true,"href":"http:\/\/hoycordobaweb.com\/index.php\/wp-json\/wp\/v2\/users\/1"}],"replies":[{"embeddable":true,"href":"http:\/\/hoycordobaweb.com\/index.php\/wp-json\/wp\/v2\/comments?post=76774"}],"version-history":[{"count":0,"href":"http:\/\/hoycordobaweb.com\/index.php\/wp-json\/wp\/v2\/posts\/76774\/revisions"}],"wp:attachment":[{"href":"http:\/\/hoycordobaweb.com\/index.php\/wp-json\/wp\/v2\/media?parent=76774"}],"wp:term":[{"taxonomy":"category","embeddable":true,"href":"http:\/\/hoycordobaweb.com\/index.php\/wp-json\/wp\/v2\/categories?post=76774"},{"taxonomy":"post_tag","embeddable":true,"href":"http:\/\/hoycordobaweb.com\/index.php\/wp-json\/wp\/v2\/tags?post=76774"}],"curies":[{"name":"wp","href":"https:\/\/api.w.org\/{rel}","templated":true}]}}