{"id":76757,"date":"2024-04-23T13:37:27","date_gmt":"2024-04-23T13:37:27","guid":{"rendered":"https:\/\/www.cordobaturismo.gov.ar\/?p=887206"},"modified":"2024-04-23T13:37:27","modified_gmt":"2024-04-23T13:37:27","slug":"en-el-mes-del-astroturismo-habra-trekking-nocturno-al-filo-de-punilla","status":"publish","type":"post","link":"http:\/\/hoycordobaweb.com\/index.php\/2024\/04\/23\/en-el-mes-del-astroturismo-habra-trekking-nocturno-al-filo-de-punilla\/","title":{"rendered":"En el Mes del Astroturismo, habr\u00e1 Trekking Nocturno al filo de Punilla"},"content":{"rendered":"<p>Una caminata nocturna con las mejores vistas del Valle de Punilla, se dar\u00e1 en el marco del Mes del Astroturismo en la ciudad de <strong>Santa Mar\u00eda de Punilla<\/strong>.<\/p>\n<p>Ser\u00e1 el d\u00eda <strong>s\u00e1bado 27<\/strong> de <strong>abril<\/strong> de 2024 a las <strong>16:00 horas<\/strong>, saliendo desde el<strong> Paseo G\u00fcemes<\/strong>.<\/p>\n<p class=\"has-medium-font-size\"><strong>Sugerencias:<\/strong><\/p>\n<p>No se olviden de llevar, linternas, una botella de abundante agua para hidratarse, alimentos de marcha, abrigo (rompe viento) y repelente para los mosquitos.<\/p>\n<p>La actividad podr\u00e1 disfrutarse con amigos o la familia.<\/p>\n<figure class=\"wp-block-image size-full\"><img loading=\"lazy\" fetchpriority=\"high\" decoding=\"async\" width=\"1000\" height=\"667\" src=\"http:\/\/hoycordobaweb.com\/wp-content\/uploads\/2024\/04\/en-el-mes-del-astroturismo-habra-trekking-nocturno-al-filo-de-punilla.jpg\" alt class=\"wp-image-887208\" srcset=\"http:\/\/hoycordobaweb.com\/wp-content\/uploads\/2024\/04\/en-el-mes-del-astroturismo-habra-trekking-nocturno-al-filo-de-punilla.jpg 1000w, http:\/\/hoycordobaweb.com\/wp-content\/uploads\/2024\/04\/en-el-mes-del-astroturismo-habra-trekking-nocturno-al-filo-de-punilla-1.jpg 400w, http:\/\/hoycordobaweb.com\/wp-content\/uploads\/2024\/04\/en-el-mes-del-astroturismo-habra-trekking-nocturno-al-filo-de-punilla-2.jpg 768w, http:\/\/hoycordobaweb.com\/wp-content\/uploads\/2024\/04\/en-el-mes-del-astroturismo-habra-trekking-nocturno-al-filo-de-punilla-3.jpg 18w\" sizes=\"(max-width: 1000px) 100vw, 1000px\"><\/figure>\n<p class=\"has-medium-font-size\"><strong>Inscripci\u00f3n previa<\/strong><\/p>\n<p>Para ser parte del Trekking Nocturno al filo de Punilla, <strong><a href=\"https:\/\/docs.google.com\/forms\/d\/e\/1FAIpQLSdJu2rYUqbjNHtT6d5Og3puF-sULHKfy5xV9mJ3vkJPf8bBeQ\/viewform?vc=0&amp;c=0&amp;w=1&amp;flr=0&amp;pli=1\">INGRES\u00c1 AC\u00c1<\/a><\/strong>.<\/p>\n<p>Y para m\u00e1s informaci\u00f3n, al <strong><a href=\"https:\/\/www.facebook.com\/municipalidad.santamaria.punilla\">Facebook de Santa Mar\u00eda de Punilla<\/a><\/strong>.<\/p>\n","protected":false},"excerpt":{"rendered":"<p>Una caminata nocturna con las mejores vistas del Valle de Punilla, se dar\u00e1 en el marco del Mes del Astroturismo en la ciudad de Santa Mar\u00eda de Punilla. Ser\u00e1 el d\u00eda s\u00e1bado 27 de abril de 2024 a las 16:00 horas, saliendo desde el Paseo G\u00fcemes. Sugerencias: No se olviden de llevar, linternas, una botella [&hellip;]<\/p>\n","protected":false},"author":1,"featured_media":76758,"comment_status":"closed","ping_status":"closed","sticky":false,"template":"","format":"standard","meta":[],"categories":[19],"tags":[],"_links":{"self":[{"href":"http:\/\/hoycordobaweb.com\/index.php\/wp-json\/wp\/v2\/posts\/76757"}],"collection":[{"href":"http:\/\/hoycordobaweb.com\/index.php\/wp-json\/wp\/v2\/posts"}],"about":[{"href":"http:\/\/hoycordobaweb.com\/index.php\/wp-json\/wp\/v2\/types\/post"}],"author":[{"embeddable":true,"href":"http:\/\/hoycordobaweb.com\/index.php\/wp-json\/wp\/v2\/users\/1"}],"replies":[{"embeddable":true,"href":"http:\/\/hoycordobaweb.com\/index.php\/wp-json\/wp\/v2\/comments?post=76757"}],"version-history":[{"count":0,"href":"http:\/\/hoycordobaweb.com\/index.php\/wp-json\/wp\/v2\/posts\/76757\/revisions"}],"wp:featuredmedia":[{"embeddable":true,"href":"http:\/\/hoycordobaweb.com\/index.php\/wp-json\/wp\/v2\/media\/76758"}],"wp:attachment":[{"href":"http:\/\/hoycordobaweb.com\/index.php\/wp-json\/wp\/v2\/media?parent=76757"}],"wp:term":[{"taxonomy":"category","embeddable":true,"href":"http:\/\/hoycordobaweb.com\/index.php\/wp-json\/wp\/v2\/categories?post=76757"},{"taxonomy":"post_tag","embeddable":true,"href":"http:\/\/hoycordobaweb.com\/index.php\/wp-json\/wp\/v2\/tags?post=76757"}],"curies":[{"name":"wp","href":"https:\/\/api.w.org\/{rel}","templated":true}]}}