{"id":76727,"date":"2024-04-27T16:10:42","date_gmt":"2024-04-27T16:10:42","guid":{"rendered":"https:\/\/manoamanocba.com.ar\/?p=6652"},"modified":"2024-04-27T16:10:42","modified_gmt":"2024-04-27T16:10:42","slug":"cordoba-celebra-el-dia-internacional-de-la-danza","status":"publish","type":"post","link":"http:\/\/hoycordobaweb.com\/index.php\/2024\/04\/27\/cordoba-celebra-el-dia-internacional-de-la-danza\/","title":{"rendered":"C\u00f3rdoba celebra el D\u00eda Internacional de la Danza"},"content":{"rendered":"<div><img src=\"http:\/\/hoycordobaweb.com\/wp-content\/uploads\/2024\/04\/cordoba-celebra-el-dia-internacional-de-la-danza.jpg\" class=\"ff-og-image-inserted\"><\/div>\n<p class=\" eplus-wrapper\">Para celebrar el&nbsp;<strong>D\u00eda Internacional de la Danza<\/strong>, este lunes 29 de abril se realizar\u00e1 una jornada de expresi\u00f3n a cielo abierto bajo la consigna&nbsp;<strong>Ahora Danza!<\/strong>&nbsp;en cinco esquinas de la ciudad de C\u00f3rdoba.<\/p>\n<p class=\" eplus-wrapper\">De este modo, se unir\u00e1 los n\u00facleos de la Media Legua de Oro Cultural: Teatro del Libertador General San Mart\u00edn, Paseo del Buen Pastor, Museo Evita Palacio Ferreyra, Museo Emilio Caraffa y Ciudad de las Artes. Los horarios elegidos ser\u00e1n de 11 a 11.30, 15 a 15.30, y de 18 a 18.30 horas.<\/p>\n<p class=\" eplus-wrapper\">En cada esquina estar\u00e1 representada una disciplina diferente: V\u00e9lez S\u00e1rsfield y Duarte Quir\u00f3s (Cl\u00e1sico), Hip\u00f3lito Yrigoyen y San Luis (Folclore Argentino), Hip\u00f3lito Yrigoyen y Larra\u00f1aga (Flamenco), avenida Poeta Lugones y rotonda plaza Espa\u00f1a (Tango), y Concepci\u00f3n Arenales esquina Wenceslao Paunero (Contempor\u00e1neo).<\/p>\n<h4 class=\" wp-block-heading eplus-wrapper\">Las cinco esquinas<\/h4>\n<p class=\" eplus-wrapper\">Las bailarinas Brenda Vera y Bel\u00e9n Riha har\u00e1n representaciones de danza Cl\u00e1sica, en la esquina de V\u00e9lez S\u00e1rsfield y Duarte Quir\u00f3s. Formadas en el Seminario de Danzas Cl\u00e1sicas Nora Irinova del Teatro del Libertador San Mart\u00edn, se trata de dos destacadas artistas en esta disciplina.<\/p>\n<p class=\" eplus-wrapper\">Sebasti\u00e1n Magarzo, director, y Lautaro Magarzo, core\u00f3grafo, encabezan la Escuela de Baile Or\u00edgenes. Una compa\u00f1\u00eda de m\u00e1s de 20 integrantes brindar\u00e1 pasajes del Folclore Argentino, en Hip\u00f3lito Yrigoyen esquina San Luis.&nbsp;La escuela se dedica al estudio y pr\u00e1ctica de las danzas tradicionales argentinas.<\/p>\n<p class=\" eplus-wrapper\">Al tiempo que la bailaora Montse Gonz\u00e1lez Morales, fundadora junto a Carlota Pizarro de Vaya Alboroto, se dedicar\u00e1 al Flamenco en Hip\u00f3lito Yrigoyen y Larra\u00f1aga. La artista encabeza una compa\u00f1\u00eda de baile de cerca de 30 bailarines que este d\u00eda tributan a la danza caracter\u00edstica del sur de Espa\u00f1a.<\/p>\n<p class=\" eplus-wrapper\">La pareja que forman Micaela Quinteros y Eric Heredia bailar\u00e1 Tango en la esquina de Poeta Lugones y rotonda plaza Espa\u00f1a. Con formaci\u00f3n en Danza y Artes Esc\u00e9nicas en la Universidad Provincial de C\u00f3rdoba, Micaela y Eric integran el Ballet Municipal de la Ciudad de C\u00f3rdoba.<\/p>\n<p class=\" eplus-wrapper\">La Universidad Provincial de C\u00f3rdoba participar\u00e1 en la celebraci\u00f3n a trav\u00e9s de intervenciones de la Licenciatura en Composici\u00f3n Coreogr\u00e1fica, el Profesorado Universitario de Danza y el Elenco de danza y pr\u00e1cticas interdisciplinarias, con cuadros de Danza Contempor\u00e1nea, precisamente, en Concepci\u00f3n Arenales esquina Wenceslao Paunero.<\/p>\n<p class=\" eplus-wrapper\">Las propuestas de la UPC son:&nbsp;<strong>Deja vu<\/strong>, de la T\u00e9cnica de la Danza Contempor\u00e1nea II, Licenciatura en Composici\u00f3n Coreogr\u00e1fica, a cargo de Luciana Maltez;&nbsp;<strong>Nos permitimos<\/strong>, Danza Contempor\u00e1nea 3, Profesorado Universitario de Danza, a cargo de Viviana Taddey; y&nbsp;<strong>La ind\u00f3mita danza orquesta<\/strong>, del Elenco de danza y pr\u00e1cticas interdisciplinarias, Proyecto Extensi\u00f3n de la UPC, dirigido por Ariana Andreoli.<\/p>\n<h4 class=\" wp-block-heading eplus-wrapper\">Cultura en movimiento<\/h4>\n<p class=\" eplus-wrapper\">El 29 de abril se celebra el D\u00eda Internacional de la Danza en tributo a las<strong>&nbsp;Cartas sobre las danzas y los ballets<\/strong>, primer tratado de danzas cl\u00e1sicas publicado en el siglo XVIII por el maestro y bailar\u00edn de ballet Jean Georges Noverre. La UNESCO estableci\u00f3 este d\u00eda en 1982 para recordar el natalicio de Noverre.<\/p>\n<p class=\" eplus-wrapper\">C\u00f3rdoba tiene una gran cantidad de manifestaciones y compa\u00f1\u00edas de danza representativa de distintas disciplinas, las que estar\u00e1n reflejadas en este evento. Tiene una larga tradici\u00f3n en danzas folcl\u00f3ricas, no menos importante es la pr\u00e1ctica del tango y el flamenco, adem\u00e1s, es pionera en la Danza Contempor\u00e1nea a nivel nacional, cuenta con un Ballet Oficial de la Provincia y su Seminario de Danza Nora Irinova.<\/p>\n<p class=\" eplus-wrapper\">En orden a la docencia, la Universidad Provincial de C\u00f3rdoba brinda el Profesorado de Danza, la Licenciatura en Composici\u00f3n Coreogr\u00e1fica y una Tecnicatura en Danza Contempor\u00e1nea.<\/p>\n","protected":false},"excerpt":{"rendered":"<p>Para celebrar el&nbsp;D\u00eda Internacional de la Danza, este lunes 29 de abril se realizar\u00e1 una jornada de expresi\u00f3n a cielo abierto bajo la consigna&nbsp;Ahora Danza!&nbsp;en cinco esquinas de la ciudad de C\u00f3rdoba. De este modo, se unir\u00e1 los n\u00facleos de la Media Legua de Oro Cultural: Teatro del Libertador General San Mart\u00edn, Paseo del Buen [&hellip;]<\/p>\n","protected":false},"author":1,"featured_media":76728,"comment_status":"closed","ping_status":"closed","sticky":false,"template":"","format":"standard","meta":[],"categories":[19],"tags":[],"_links":{"self":[{"href":"http:\/\/hoycordobaweb.com\/index.php\/wp-json\/wp\/v2\/posts\/76727"}],"collection":[{"href":"http:\/\/hoycordobaweb.com\/index.php\/wp-json\/wp\/v2\/posts"}],"about":[{"href":"http:\/\/hoycordobaweb.com\/index.php\/wp-json\/wp\/v2\/types\/post"}],"author":[{"embeddable":true,"href":"http:\/\/hoycordobaweb.com\/index.php\/wp-json\/wp\/v2\/users\/1"}],"replies":[{"embeddable":true,"href":"http:\/\/hoycordobaweb.com\/index.php\/wp-json\/wp\/v2\/comments?post=76727"}],"version-history":[{"count":0,"href":"http:\/\/hoycordobaweb.com\/index.php\/wp-json\/wp\/v2\/posts\/76727\/revisions"}],"wp:featuredmedia":[{"embeddable":true,"href":"http:\/\/hoycordobaweb.com\/index.php\/wp-json\/wp\/v2\/media\/76728"}],"wp:attachment":[{"href":"http:\/\/hoycordobaweb.com\/index.php\/wp-json\/wp\/v2\/media?parent=76727"}],"wp:term":[{"taxonomy":"category","embeddable":true,"href":"http:\/\/hoycordobaweb.com\/index.php\/wp-json\/wp\/v2\/categories?post=76727"},{"taxonomy":"post_tag","embeddable":true,"href":"http:\/\/hoycordobaweb.com\/index.php\/wp-json\/wp\/v2\/tags?post=76727"}],"curies":[{"name":"wp","href":"https:\/\/api.w.org\/{rel}","templated":true}]}}