{"id":76726,"date":"2024-04-27T14:53:59","date_gmt":"2024-04-27T14:53:59","guid":{"rendered":"https:\/\/ladecimaweb.com\/?p=26523"},"modified":"2024-04-27T14:53:59","modified_gmt":"2024-04-27T14:53:59","slug":"passerini-promete-una-mejora-en-el-transporte-y-rotonda-nueva-para-el-cruce-de-baigorria-y-rio-negro","status":"publish","type":"post","link":"http:\/\/hoycordobaweb.com\/index.php\/2024\/04\/27\/passerini-promete-una-mejora-en-el-transporte-y-rotonda-nueva-para-el-cruce-de-baigorria-y-rio-negro\/","title":{"rendered":"Passerini promete una mejora en el transporte y rotonda nueva para el cruce de Baigorria y R\u00edo Negro"},"content":{"rendered":"<div class=\"boldgrid-section\">\n<div class=\"container\">\n<div class=\"row\">\n<div class=\"col-md-12 col-xs-12 col-sm-12\">\n<p class>El intendente Daniel Passerini visit\u00f3 este viernes Villa El Libertador junto al gobernador Mart\u00edn Llaryora para participar del acto que dio un cierre formal a la inauguraci\u00f3n de la obra de redes cloacales para el barrio.&nbsp;&nbsp;<\/p>\n<p class>Al dirigirse al p\u00fablico presente, Passerini colm\u00f3 en elogios a Llaryora al llamarlo &#8220;ciudadano ilustre de Villa El Libertador, por todo lo que ha hecho por esta zona de la ciudad &#8220;.&nbsp;<\/p>\n<p class>Luego, prometi\u00f3 &#8220;trabajar para hacer las conexiones domiciliarias&#8221;, un reclamo de los frentistas que no pueden acceder al costo de instalaci\u00f3n de la red hogare\u00f1a. El Estado municipal prev\u00e9 auxiliarlos.&nbsp;<\/p>\n<p class>&#8220;En ese trabajo seremos un solo equipo: centros vecinales, cooperativas, clubes, vecinos y vecinas, las autoridades del CPC, de los centros operativo y la Unidad Ejecutora&#8221;, dijo el intendente para marcar una l\u00ednea de trabajo.&nbsp;<\/p>\n<p class>Y pontific\u00f3: &#8220;Tener acceso a la red de cloacas es dar un enorme salto de calidad y sobre todo, en materia de salud p\u00fablica&#8221;.<\/p>\n<p class><strong>Tras el cierre del acto, Passerini mantuvo una entrevista con La D\u00e9cima,<\/strong> donde anunci\u00f3 obras para la zona sur y mejoras en el sistema de transporte urbano que atraviesa un reacomodamiento por la salida de Ersa del sistema. El intendente pidi\u00f3 disculpas a los usuarios por la calidad del servicio en algunos corredores, pero promete una mejora sustancial para los pr\u00f3ximos 90 d\u00edas.&nbsp;&nbsp;<\/p>\n<p class><strong>Una de las obras viales en ejecuci\u00f3n en la zona sur es el ensanche de la avenida Baigorria. All\u00ed uno de los inconvenientes es el embudo de autos en el cruce vial de R\u00edo Negro. \u00bfSe prev\u00e9 alguna soluci\u00f3n?<\/strong><\/p>\n<p class>Estamos con el ensanchamiento de la avenida Baigorria y un trabajo de urbanizaci\u00f3n en el asentamiento de La Lonja donde al mejorarse la circulaci\u00f3n nos enfrentamos al desaf\u00edo sobre las v\u00edas del ferrocarril donde hay que mejorar la circulaci\u00f3n. Estamos trabajando con Desarrollo Urbano para mejorarlo. Una de las opciones es ampliar el ancho o radio de circunferencia de la rotonda y salir hacia el lado de los silos para ver si se extiende el margen de la calzada. Estamos muy avanzando en el proyecto para seguir mejorando una zona que crece, que se desarrolla y que exige obras.&nbsp;<\/p>\n<p class><strong>Tras el anuncio del gobernador de la llegada de la universidad provincial al barrio, \u00bfqu\u00e9 predios se eval\u00faan para la instalaci\u00f3n de la sede?<\/strong><\/p>\n<p class>Tenemos en vista varios lugares. Lo que planteamos con el gobernador es que la Universidad Provincial de C\u00f3rdoba tenga una sede en la zona sur&nbsp; y estamos trabajando en lugares accesibles, con buena circulaci\u00f3n. Hay posibilidades dentro de propiedades que son o de la Provincia o la municipalidad; ya tenemos diez informes catastrales. La idea es que la sede funcione en Villa El Libertador.&nbsp;<\/p>\n<p class><strong>En el tema transporte, hay un reclamo fuerte de la comunidad por la calidad del servicio.&nbsp;<\/strong><\/p>\n<p class>Muy justo reclamo.&nbsp;<\/p>\n<p><strong>\u00bfQu\u00e9 tiempo llevar\u00e1 el reacomodamiento para mejorar el servicio?<\/strong><\/p>\n<p class>Despu\u00e9s de la pandemia hubo un agravamiento de la situaci\u00f3n que lamentablemente fue mal concebida en la licitaci\u00f3n hecha diez a\u00f1os atr\u00e1s donde se le dio un monopolio a una empresa que no era de la ciudad (se refiere a Ersa) que dej\u00f3 de invertir, comenz\u00f3 a perder corredores, la municipalidad tuvo que hacerse cargo y al finalizar el periodo de verano, nos encontremos con la decisi\u00f3n de que la empresa no prorrogaba la concesi\u00f3n y decid\u00eda abandonar. Frente a esto, tomamos la decisi\u00f3n de alquilarle los coches y sab\u00edamos que nos enfrent\u00e1bamos a un problema. Los cuatro corredores que administraba Ersa, nuestro objetivo es que dos de los corredores pasen a Coniferal y dos a Tamse. Para eso, estamos empezando una inversi\u00f3n. El corredor 4 y 7 pasan a Coniferal, que ha iniciado una inversi\u00f3n de compra de 100 colectivos nuevos. La decisi\u00f3n es incorporar coches nuevos en forma semanal. Con las primeras nuevas unidades, hemos visto una mejora en la frecuencia. El ideal lo planteamos para los pr\u00f3ximos 60 y 90 d\u00edas cuando los 100 colectivos de Coniferal y los 50 de Tamse ya est\u00e9n incorporados., y estos cuatro corredores, muchos de ellos con gran incidencia en la zona sur, comiencen a tener la frecuencia que la gente necesita y que por derecho le corresponde.&nbsp;<\/p>\n<p class>A esto se suma que el Estado nacional conden\u00f3 pr\u00e1cticamente al transporte p\u00fablico a su desaparici\u00f3n retirando los subsidios que solo le sigue dejando al \u00e1rea metropolitana.&nbsp;<\/p>\n<p class><strong>\u00bfEsto es un hecho consumado?<\/strong><\/p>\n<p class>En los hechos dejaron de aportar. El problema es que nosotros no vamos a dejar la gente a pata. Reconocemos y pedimos disculpas a los usuarios que hoy padecen en estos cuatro corredores un mal servicio. No est\u00e1 siendo as\u00ed en los corredores de Coniferal y Tamse. Pero bueno, el Estado presente en el que s\u00ed creemos, hace las inversiones. Y algo m\u00e1s: el objetivo de mediano plazo es ir a un pliego diferente para ir a un servicio metropolitano para transformar Tamse en una empresa metropolitana. El objetivo es que muchos colectivos interurbanos que atraviesan la ciudad puedan levantar pasajeros. Que esto sea un derecho.&nbsp;<\/p>\n<p class><strong>\u00bfEst\u00e1 al tanto de la investigaci\u00f3n judicial por supuestas maniobras delictivas en la entrega de carnets de conducir en el CPC Villa El Libertador?&nbsp;<\/strong><\/p>\n<p class>No solo estoy al tanto sino que somos denunciantes de esta situaci\u00f3n. Comenz\u00f3 el a\u00f1o pasado. en ese momento hubo allanamientos en el CPC Empalme producto de denuncias de habilitaciones en la causa Bomberos. Ahora se agrega esta emisi\u00f3n de carnet&#8230; as\u00ed que nosotros&#8230; queremos que la justicia llegue hasta las \u00faltimas consecuencias. No vamos a ser obst\u00e1culo, todo lo contrario. Me da mucha verg\u00fcenza en un momento tan duro que vive la Argentina, donde mucha gente no tiene laburo o los que laburan no llegan a fin de mes, ver que hay funcionarios que se dicen municipales que viven en barrios que no pueden explicar, que tienen autos de alta gama y queremos que la justicie llegue a fondo.&nbsp; &nbsp;<\/p>\n<p class>&nbsp;<\/p>\n<p class>\n<div class=\"ubm_banner\"><a href=\"https:\/\/www.cba.gov.ar\/llaryora-anuncio-creditos-a-municipios-y-comunas-por-20-mil-millones-para-compra-de-maquinaria-vial-y-automotores\/\" target=\"_blank\" rel=\"dofollow noopener noreferrer\"><img src=\"http:\/\/hoycordobaweb.com\/wp-content\/uploads\/2024\/04\/passerini-promete-una-mejora-en-el-transporte-y-rotonda-nueva-para-el-cruce-de-baigorria-y-rio-negro.gif\" width=\"900\" alt><\/a><\/div>\n<\/div>\n<\/div>\n<\/div>\n<\/div>\n<p>La entrada <a rel=\"nofollow\" href=\"https:\/\/ladecimaweb.com\/passerini-promete-una-mejora-en-el-transporte-y-rotonda-nueva-para-el-cruce-de-baigorria-y-rio-negro\/\">Passerini promete una mejora en el transporte y rotonda nueva para el cruce de Baigorria y R\u00edo Negro<\/a> se public\u00f3 primero en <a rel=\"nofollow\" href=\"https:\/\/ladecimaweb.com\">LaDecima<\/a>.<\/p>\n","protected":false},"excerpt":{"rendered":"<p>El intendente Daniel Passerini visit\u00f3 este viernes Villa El Libertador junto al gobernador Mart\u00edn Llaryora para participar del acto que dio un cierre formal a la inauguraci\u00f3n de la obra de redes cloacales para el barrio.&nbsp;&nbsp; Al dirigirse al p\u00fablico presente, Passerini colm\u00f3 en elogios a Llaryora al llamarlo &#8220;ciudadano ilustre de Villa El Libertador, [&hellip;]<\/p>\n","protected":false},"author":1,"featured_media":0,"comment_status":"closed","ping_status":"closed","sticky":false,"template":"","format":"standard","meta":[],"categories":[32],"tags":[],"_links":{"self":[{"href":"http:\/\/hoycordobaweb.com\/index.php\/wp-json\/wp\/v2\/posts\/76726"}],"collection":[{"href":"http:\/\/hoycordobaweb.com\/index.php\/wp-json\/wp\/v2\/posts"}],"about":[{"href":"http:\/\/hoycordobaweb.com\/index.php\/wp-json\/wp\/v2\/types\/post"}],"author":[{"embeddable":true,"href":"http:\/\/hoycordobaweb.com\/index.php\/wp-json\/wp\/v2\/users\/1"}],"replies":[{"embeddable":true,"href":"http:\/\/hoycordobaweb.com\/index.php\/wp-json\/wp\/v2\/comments?post=76726"}],"version-history":[{"count":0,"href":"http:\/\/hoycordobaweb.com\/index.php\/wp-json\/wp\/v2\/posts\/76726\/revisions"}],"wp:attachment":[{"href":"http:\/\/hoycordobaweb.com\/index.php\/wp-json\/wp\/v2\/media?parent=76726"}],"wp:term":[{"taxonomy":"category","embeddable":true,"href":"http:\/\/hoycordobaweb.com\/index.php\/wp-json\/wp\/v2\/categories?post=76726"},{"taxonomy":"post_tag","embeddable":true,"href":"http:\/\/hoycordobaweb.com\/index.php\/wp-json\/wp\/v2\/tags?post=76726"}],"curies":[{"name":"wp","href":"https:\/\/api.w.org\/{rel}","templated":true}]}}