{"id":76711,"date":"2024-04-27T02:52:06","date_gmt":"2024-04-27T02:52:06","guid":{"rendered":"https:\/\/fono.fcm.unc.edu.ar\/?p=12054"},"modified":"2024-04-27T02:52:06","modified_gmt":"2024-04-27T02:52:06","slug":"mes-de-la-voz-en-la-escuela-de-fonoaudiologia","status":"publish","type":"post","link":"http:\/\/hoycordobaweb.com\/index.php\/2024\/04\/27\/mes-de-la-voz-en-la-escuela-de-fonoaudiologia\/","title":{"rendered":"Mes de la Voz en la Escuela de Fonoaudiolog\u00eda"},"content":{"rendered":"<h2 class=\"fusion-post-title\">Mes de la Voz en la Escuela de Fonoaudiolog\u00eda<\/h2>\n<div class=\"post-content\" readability=\"50.439947780679\">\n<p><img loading=\"lazy\" class=\"alignright size-fusion-400 wp-image-12055\" src=\"https:\/\/fono.fcm.unc.edu.ar\/wp-content\/uploads\/sites\/14\/2024\/04\/inmersivoVoz-400x500.jpg\" alt width=\"400\" height=\"500\" srcset=\"https:\/\/fono.fcm.unc.edu.ar\/wp-content\/uploads\/sites\/14\/2024\/04\/inmersivoVoz-200x250.jpg 200w, https:\/\/fono.fcm.unc.edu.ar\/wp-content\/uploads\/sites\/14\/2024\/04\/inmersivoVoz-240x300.jpg 240w, https:\/\/fono.fcm.unc.edu.ar\/wp-content\/uploads\/sites\/14\/2024\/04\/inmersivoVoz-400x500.jpg 400w, https:\/\/fono.fcm.unc.edu.ar\/wp-content\/uploads\/sites\/14\/2024\/04\/inmersivoVoz-600x750.jpg 600w, https:\/\/fono.fcm.unc.edu.ar\/wp-content\/uploads\/sites\/14\/2024\/04\/inmersivoVoz-768x960.jpg 768w, https:\/\/fono.fcm.unc.edu.ar\/wp-content\/uploads\/sites\/14\/2024\/04\/inmersivoVoz-800x1000.jpg 800w, https:\/\/fono.fcm.unc.edu.ar\/wp-content\/uploads\/sites\/14\/2024\/04\/inmersivoVoz-819x1024.jpg 819w, https:\/\/fono.fcm.unc.edu.ar\/wp-content\/uploads\/sites\/14\/2024\/04\/inmersivoVoz.jpg 1080w\" sizes=\"(max-width: 400px) 100vw, 400px\">\u00a1Atenci\u00f3n comunidad! La Escuela de fonoaudiolog\u00eda invita al Taller inmersivo \u00abTu Voz para Vos\u00bb<\/p>\n<p>\u00bfQuieres explorar, reconocer tu voz de manera divertida y did\u00e1ctica?<br \/>Te esperamos para experimentar destrezas vocales con actividades l\u00fadicas en nuestro taller inmersivo.<\/p>\n<p>\ud83d\udcc5 Fecha: Martes 30\/04\/2024<br \/>\ud83d\udd5b Hora: 14.00 hs<br \/>\ud83c\udfe2 Lugar: Aula del Departamento Raquel Maurette, Escuela de Fonoaudiolog\u00eda, FCM, UNC.<br \/>\ud83d\udccdInscripci\u00f3n completando el&nbsp;<a href=\"https:\/\/docs.google.com\/forms\/d\/1JSw9MT89Nb4IaeY7w2SDqj_L53PqHd5-o1xHFmYMXhA\/viewform?edit_requested=true\" target=\"_blank\" rel=\"noopener noreferrer\">Formulario<\/a><\/p>\n<p>Este evento est\u00e1 abierto para la comunidad en general, as\u00ed como para estudiantes, graduados y docentes interesados en mejorar su relaci\u00f3n con su voz.<\/p>\n<p>Para m\u00e1s informaci\u00f3n \u00a1cont\u00e1ctanos!<br \/>Secretar\u00eda de Extensi\u00f3n, Escuela de Fonoaudiolog\u00eda, Facultad de Ciencias M\u00e9dicas, UNC<br \/><a href=\"mailto:extension.fono@fcm.edu.ar\">extension.fono@fcm.edu.ar&nbsp;<\/a><\/p>\n<\/p><\/div>\n","protected":false},"excerpt":{"rendered":"<p>Mes de la Voz en la Escuela de Fonoaudiolog\u00eda \u00a1Atenci\u00f3n comunidad! La Escuela de fonoaudiolog\u00eda invita al Taller inmersivo \u00abTu Voz para Vos\u00bb \u00bfQuieres explorar, reconocer tu voz de manera divertida y did\u00e1ctica?Te esperamos para experimentar destrezas vocales con actividades l\u00fadicas en nuestro taller inmersivo. \ud83d\udcc5 Fecha: Martes 30\/04\/2024\ud83d\udd5b Hora: 14.00 hs\ud83c\udfe2 Lugar: Aula del [&hellip;]<\/p>\n","protected":false},"author":1,"featured_media":0,"comment_status":"closed","ping_status":"closed","sticky":false,"template":"","format":"standard","meta":[],"categories":[1],"tags":[],"_links":{"self":[{"href":"http:\/\/hoycordobaweb.com\/index.php\/wp-json\/wp\/v2\/posts\/76711"}],"collection":[{"href":"http:\/\/hoycordobaweb.com\/index.php\/wp-json\/wp\/v2\/posts"}],"about":[{"href":"http:\/\/hoycordobaweb.com\/index.php\/wp-json\/wp\/v2\/types\/post"}],"author":[{"embeddable":true,"href":"http:\/\/hoycordobaweb.com\/index.php\/wp-json\/wp\/v2\/users\/1"}],"replies":[{"embeddable":true,"href":"http:\/\/hoycordobaweb.com\/index.php\/wp-json\/wp\/v2\/comments?post=76711"}],"version-history":[{"count":0,"href":"http:\/\/hoycordobaweb.com\/index.php\/wp-json\/wp\/v2\/posts\/76711\/revisions"}],"wp:attachment":[{"href":"http:\/\/hoycordobaweb.com\/index.php\/wp-json\/wp\/v2\/media?parent=76711"}],"wp:term":[{"taxonomy":"category","embeddable":true,"href":"http:\/\/hoycordobaweb.com\/index.php\/wp-json\/wp\/v2\/categories?post=76711"},{"taxonomy":"post_tag","embeddable":true,"href":"http:\/\/hoycordobaweb.com\/index.php\/wp-json\/wp\/v2\/tags?post=76711"}],"curies":[{"name":"wp","href":"https:\/\/api.w.org\/{rel}","templated":true}]}}