{"id":76707,"date":"2024-04-24T13:28:58","date_gmt":"2024-04-24T13:28:58","guid":{"rendered":"https:\/\/www.cordobaturismo.gov.ar\/?p=887231"},"modified":"2024-04-24T13:28:58","modified_gmt":"2024-04-24T13:28:58","slug":"san-marcos-sierras-el-9-10-y-11-de-mayo-se-desarrollara-el-1o-encuentro-regional-de-aperitivos-de-autor","status":"publish","type":"post","link":"http:\/\/hoycordobaweb.com\/index.php\/2024\/04\/24\/san-marcos-sierras-el-9-10-y-11-de-mayo-se-desarrollara-el-1o-encuentro-regional-de-aperitivos-de-autor\/","title":{"rendered":"San Marcos Sierras: el 9, 10 y 11 de mayo se desarrollar\u00e1 el 1\u00ba Encuentro Regional de Aperitivos de Autor"},"content":{"rendered":"<div><img src=\"http:\/\/hoycordobaweb.com\/wp-content\/uploads\/2024\/04\/san-marcos-sierras-el-9-10-y-11-de-mayo-se-desarrollara-el-1o-encuentro-regional-de-aperitivos-de-autor.jpg\" class=\"ff-og-image-inserted\"><\/div>\n<div class=\"elementor-widget-container\" readability=\"26\">\n<p>Desde el <strong>jueves 9<\/strong> al <strong>s\u00e1bado 11<\/strong> de<strong> mayo<\/strong> de 2024, el destino tur\u00edstico de <strong>San Marcos Sierras <\/strong>presentar\u00e1 a lo largo de tres d\u00edas, el <strong><em>\u201c1\u00ba Encuentro Regional de Aperitivos de Autor\u201d<\/em>.<\/strong><\/p>\n<p class=\"has-medium-font-size\"><strong>As\u00ed ser\u00e1 el cronograma del evento<\/strong><\/p>\n<p>Comienza el <strong>jueves 9<\/strong> de mayo a las 17:00 horas con una recepci\u00f3n: aperitivo de bienvenida y un espacio para la poes\u00eda a partir de las 21:00 horas. Son aperitivos acompa\u00f1ados de relatos y poes\u00eda en <strong>Casa Sacha<\/strong>.<\/p>\n<p>Continuar\u00e1 el d\u00eda <strong>viernes 10<\/strong> de mayo desde las 10:00 horas (puntual). Con el taller de bebida aperitiva. Se realizar\u00e1 en <strong>Casa Sacha<\/strong>. Con la apertura en base a la informaci\u00f3n sobre plantas, maceraci\u00f3n y como preparar su propio aperitivo de autor, en una botella que se llevar\u00e1n para completar la practica en su casa y beberlo. Desde las 12:00 horas, habr\u00e1 puntos de aperitivos en lugares habilitados por APRESTUR. Y desde las 16:00 horas se inicia la feria de productores y afines en la <strong>plaza central de San Marcos<\/strong>, mientras que, a las 19:00 horas, la m\u00fasica en vivo tendr\u00e1 su lugar con \u201cLa Yuyera\u201d. A partir de las 20:00 horas se podr\u00e1 disfrutar de los puntos aperitivos en lugares habilitados por APRESTUR. A las 21:00 horas, un Paseo Sensorial, para deleitarse con una experiencia sensorial de: arte visual, poes\u00eda y m\u00fasica en vivo, con degustaci\u00f3n de vino especiado en exposici\u00f3n del arte de Yimi Pereyra.<\/p>\n<p>Y finalmente, el d\u00eda <strong>s\u00e1bado 11<\/strong> de mayo a las 10:00 horas (puntual). Empieza el taller de comida aperitiva que se realizar\u00e1 en <strong>Keparece<\/strong>, con informaci\u00f3n sobre alimentos, combinaci\u00f3n de sabores, raciones y porciones m\u00e1s degustaci\u00f3n. Desde las 12:00 horas, los puntos de aperitivos en lugares habilitados por APRESTUR ser\u00e1n de la partida. Luego, a las 16:00 horas se har\u00e1 una visita al predio <strong>Santo Remedio<\/strong>, para aprender sobre hierbas, plantas nativas, uso de las mismas. A partir de las 19:00 horas, continuar\u00e1n la exposici\u00f3n de los puntos de aperitivos en lugares habilitados por APRESTUR. Y a las 21:00 horas, Quique Pesoa presenta \u201cAperitivo para el alma, Fandermole Intimo\u201d en <strong>Rancho Grande<\/strong>. &nbsp;<\/p>\n<p class=\"has-medium-font-size\"><strong>Para tener en cuenta<\/strong><\/p>\n<p>Para participar es requisito inscribirse a la casilla de correo electr\u00f3nico: <strong>apresturaperitivos@gmail.com<\/strong>&nbsp;<\/p>\n<\/p><\/div>\n","protected":false},"excerpt":{"rendered":"<p>Desde el jueves 9 al s\u00e1bado 11 de mayo de 2024, el destino tur\u00edstico de San Marcos Sierras presentar\u00e1 a lo largo de tres d\u00edas, el \u201c1\u00ba Encuentro Regional de Aperitivos de Autor\u201d. As\u00ed ser\u00e1 el cronograma del evento Comienza el jueves 9 de mayo a las 17:00 horas con una recepci\u00f3n: aperitivo de bienvenida [&hellip;]<\/p>\n","protected":false},"author":1,"featured_media":76708,"comment_status":"closed","ping_status":"closed","sticky":false,"template":"","format":"standard","meta":[],"categories":[19],"tags":[],"_links":{"self":[{"href":"http:\/\/hoycordobaweb.com\/index.php\/wp-json\/wp\/v2\/posts\/76707"}],"collection":[{"href":"http:\/\/hoycordobaweb.com\/index.php\/wp-json\/wp\/v2\/posts"}],"about":[{"href":"http:\/\/hoycordobaweb.com\/index.php\/wp-json\/wp\/v2\/types\/post"}],"author":[{"embeddable":true,"href":"http:\/\/hoycordobaweb.com\/index.php\/wp-json\/wp\/v2\/users\/1"}],"replies":[{"embeddable":true,"href":"http:\/\/hoycordobaweb.com\/index.php\/wp-json\/wp\/v2\/comments?post=76707"}],"version-history":[{"count":0,"href":"http:\/\/hoycordobaweb.com\/index.php\/wp-json\/wp\/v2\/posts\/76707\/revisions"}],"wp:featuredmedia":[{"embeddable":true,"href":"http:\/\/hoycordobaweb.com\/index.php\/wp-json\/wp\/v2\/media\/76708"}],"wp:attachment":[{"href":"http:\/\/hoycordobaweb.com\/index.php\/wp-json\/wp\/v2\/media?parent=76707"}],"wp:term":[{"taxonomy":"category","embeddable":true,"href":"http:\/\/hoycordobaweb.com\/index.php\/wp-json\/wp\/v2\/categories?post=76707"},{"taxonomy":"post_tag","embeddable":true,"href":"http:\/\/hoycordobaweb.com\/index.php\/wp-json\/wp\/v2\/tags?post=76707"}],"curies":[{"name":"wp","href":"https:\/\/api.w.org\/{rel}","templated":true}]}}